{"id":61159,"date":"2019-05-24T08:04:50","date_gmt":"2019-05-24T08:04:50","guid":{"rendered":"https:\/\/archiviogioia.lavocedelpaese.info\/?p=61159"},"modified":"2019-05-24T08:04:50","modified_gmt":"2019-05-24T08:04:50","slug":"cozze-dalla-grecia-contaminate-dal-virus-dellepatite-a-allarme-in-italia-2","status":"publish","type":"post","link":"https:\/\/archiviogioia.lavocedelpaese.info\/?p=61159","title":{"rendered":"Cozze dalla Grecia contaminate dal virus dell&#8217;epatite A. Allarme in Italia"},"content":{"rendered":"<p><a title=\"cozze crude alla salmonella\" href=\"https:\/\/www.flickr.com\/photos\/91470992@N02\/46976709272\/in\/photolist-2dg2rhg-2ezaV2j-2b5iUd9-Q3dv3s-Q3dmRh-24eHarw-2dg2rac-23Xjtcz-DQ4W4Q-21T4KkY-ZSxwaA-N1qV2i-LmFUwp-LmFRmr-Ljc3Nq-KwB2Qd-JsEiUu-ZBv2Cv-FGoGzh-wTHSQG-wYtppv-wWa16L-wW9UWs-wXHSrS-x51gi4-wi5Don-w1zQ5R-vXZZAf-vmacCP-veDWfY-vwemgi-veM5xr-rYvyFu-rGbypP-rGBpZ3-rZbDn8-r2wxtQ-r2wgu5-rYsmcg-rFWqDq-rEcGbD-r2wm5C-rYpbHy-rFXcmJ-pSzz6s-rMw51M-rMjS16\" data-flickr-embed=\"true\"><img loading=\"lazy\" decoding=\"async\" style=\"display: block; margin-left: auto; margin-right: auto;\" src=\"https:\/\/live.staticflickr.com\/4843\/46976709272_05fb677aaa_z.jpg\" alt=\"cozze crude alla salmonella\" width=\"320\" height=\"240\" \/><\/a><\/p>\n<p><!--more--><\/p>\n<p style=\"text-align: justify;\"><span>\u201c<strong>Cozze vive in Italia co<\/strong><\/span><a title=\"cozze crude alla salmonella\" href=\"https:\/\/www.flickr.com\/photos\/91470992@N02\/46115001355\/in\/photolist-2dg2rhg-2ezaV2j-2b5iUd9-Q3dv3s-Q3dmRh-24eHarw-2dg2rac-23Xjtcz-DQ4W4Q-21T4KkY-ZSxwaA-N1qV2i-LmFUwp-LmFRmr-Ljc3Nq-KwB2Qd-JsEiUu-ZBv2Cv-FGoGzh-wTHSQG-wYtppv-wWa16L-wW9UWs-wXHSrS-x51gi4-wi5Don-w1zQ5R-vXZZAf-vmacCP-veDWfY-vwemgi-veM5xr-rYvyFu-rGbypP-rGBpZ3-rZbDn8-r2wxtQ-r2wgu5-rYsmcg-rFWqDq-rEcGbD-r2wm5C-rYpbHy-rFXcmJ-pSzz6s-rMw51M-rMjS16\/\" data-flickr-embed=\"true\"><img loading=\"lazy\" decoding=\"async\" style=\"margin: 4px; float: left;\" src=\"https:\/\/live.staticflickr.com\/4878\/46115001355_cce3806d89.jpg\" alt=\"cozze crude alla salmonella\" width=\"400\" height=\"243\" \/><\/a><span><strong>ntaminate dal &nbsp;dell&#8217;epatite A<\/strong> che sarebbero state gi\u00e0 immesse sull\u2019intero mercato nazionale. E\u2019 delle ultime ore la notizia di una <strong>nuova allerta alimentare<\/strong> che, questa volta, non riguarda il temibile batterio Escherichia Coli.<\/span><\/p>\n<p style=\"text-align: justify;\"><span>Non si conoscono i lotti con cozze vive contaminate anche perch\u00e9 riguardano non solo la Grande distribuzione ma pescherie e mercati.<\/span><\/p>\n<p style=\"text-align: justify;\"><span><strong>Ad allertare le autorit\u00e0 sanitarie dei diversi Paesi europei ed esteri<\/strong> circa la presenza di salmonella \u00e8 stata proprio l&#8217;Italia che ha prontamente avvisato le autorit\u00e0 sanitarie della UE (Dettagli di notifica &#8211; 2019.1893 del 23.05.2019 a seguito esito delle indagini e delle misure adottate dell&#8217; 08.05.2019).<\/span><\/p>\n<p style=\"text-align: justify;\"><span>Rasff, il sistema di allerta rapido dell&#8217;Unione Europea, invita tutti a prestare la massima attenzione e a non consumare le cozze vive provenienti dalla Grecia, senza prima sottoporle al controllo dal Servizio igiene degli alimenti e nutrizione della Asl locale. Le cozze sono organismi \u201cfiltratori\u201d, cio\u00e8 filtrano tutto ci\u00f2 che \u00e8 contenuto nei mari nei quali vivono. Di conseguenza, se provengono da acque non perfettamente pulite, possono essere fonte di contaminazione batterica. Per questo motivo sarebbe sempre meglio evitare di mangiarle crude, sia a casa sia al ristorante dove spesso vengono servite sotto forma di &#8220;Crudit\u00e9s&#8221;. Solo con l\u2019abbattimento (che non sappiamo se \u00e8 stato fatto accuratamente) e la cottura i batteri vengono inibiti e si evitano spiacevoli disturbi intestinali.<\/span><\/p>\n<p style=\"text-align: justify;\"><span>Con l&#8217;occasione ricordiamo che <strong>i primi sintomi di un&#8217;infezione da epatite A sono<\/strong> stanchezza, inappetenza, febbre e nausea. Dopo qualche giorno compare l&#8217;ittero, un colorito giallognolo della pelle, delle mucose e delle sclere degli occhi: tutto ci\u00f2 \u00e8 causato da una elevata concentrazione della bilirubina nel sangue ed \u00e8 sintomo di una diminuita funzionalit\u00e0 del fegato.<\/span><\/p>\n<p style=\"text-align: justify;\"><span>Il rischio, evidenzia <strong>Giovanni D&#8217;Agata<\/strong>, presidente dello \u201c<strong>Sportello dei Diritti<\/strong>\u201d, rilanciando le raccomandazioni del Servizio di Igiene degli Allevamenti e delle produzioni zootecniche, \u00e8 che i mitili interessati dal richiamo possano esser commercializzati al di fuori dei canali legali, mettendo a grave rischio la salute dei consumatori. Mentre i molluschi acquistati esclusivamente attraverso &#8220;canali autorizzati all\u2019interno di sacchetti con etichette che ne riportano la provenienza, possono essere acquistati in sicurezza&#8221;.<\/span><\/p>\n<p style=\"text-align: right;\" align=\"right\"><strong>Sportello dei Diritti<\/strong><\/p>\n<p>&nbsp;<\/p>\n","protected":false},"excerpt":{"rendered":"","protected":false},"author":1,"featured_media":0,"comment_status":"open","ping_status":"closed","sticky":false,"template":"","format":"standard","meta":{"colormag_page_container_layout":"default_layout","colormag_page_sidebar_layout":"default_layout","footnotes":""},"categories":[8],"tags":[],"class_list":["post-61159","post","type-post","status-publish","format-standard","hentry","category-cronaca"],"_links":{"self":[{"href":"https:\/\/archiviogioia.lavocedelpaese.info\/index.php?rest_route=\/wp\/v2\/posts\/61159","targetHints":{"allow":["GET"]}}],"collection":[{"href":"https:\/\/archiviogioia.lavocedelpaese.info\/index.php?rest_route=\/wp\/v2\/posts"}],"about":[{"href":"https:\/\/archiviogioia.lavocedelpaese.info\/index.php?rest_route=\/wp\/v2\/types\/post"}],"author":[{"embeddable":true,"href":"https:\/\/archiviogioia.lavocedelpaese.info\/index.php?rest_route=\/wp\/v2\/users\/1"}],"replies":[{"embeddable":true,"href":"https:\/\/archiviogioia.lavocedelpaese.info\/index.php?rest_route=%2Fwp%2Fv2%2Fcomments&post=61159"}],"version-history":[{"count":0,"href":"https:\/\/archiviogioia.lavocedelpaese.info\/index.php?rest_route=\/wp\/v2\/posts\/61159\/revisions"}],"wp:attachment":[{"href":"https:\/\/archiviogioia.lavocedelpaese.info\/index.php?rest_route=%2Fwp%2Fv2%2Fmedia&parent=61159"}],"wp:term":[{"taxonomy":"category","embeddable":true,"href":"https:\/\/archiviogioia.lavocedelpaese.info\/index.php?rest_route=%2Fwp%2Fv2%2Fcategories&post=61159"},{"taxonomy":"post_tag","embeddable":true,"href":"https:\/\/archiviogioia.lavocedelpaese.info\/index.php?rest_route=%2Fwp%2Fv2%2Ftags&post=61159"}],"curies":[{"name":"wp","href":"https:\/\/api.w.org\/{rel}","templated":true}]}}