{"id":61167,"date":"2019-05-25T11:14:40","date_gmt":"2019-05-25T11:14:40","guid":{"rendered":"https:\/\/archiviogioia.lavocedelpaese.info\/?p=61167"},"modified":"2019-05-25T11:14:40","modified_gmt":"2019-05-25T11:14:40","slug":"come-si-vota-mini-vademecum-per-non-sbagliare-2","status":"publish","type":"post","link":"https:\/\/archiviogioia.lavocedelpaese.info\/?p=61167","title":{"rendered":"Come si vota? Mini vademecum per non sbagliare"},"content":{"rendered":"<p><a title=\"elezioni 2019\" href=\"https:\/\/www.flickr.com\/photos\/91470992@N02\/47928675737\/in\/dateposted-public\/\" data-flickr-embed=\"true\"><img loading=\"lazy\" decoding=\"async\" style=\"display: block; margin-left: auto; margin-right: auto;\" src=\"https:\/\/live.staticflickr.com\/65535\/47928675737_7176b1f99c_o.jpg\" alt=\"elezioni 2019\" width=\"320\" height=\"240\" \/><\/a><\/p>\n<p><!--more--><\/p>\n<p style=\"margin-bottom: 0.0001pt; text-align: center; line-height: normal;\" align=\"center\"><a title=\"elezioni 2019\" href=\"https:\/\/www.flickr.com\/photos\/91470992@N02\/47928686771\/in\/dateposted-public\/\" data-flickr-embed=\"true\"><img loading=\"lazy\" decoding=\"async\" style=\"margin: 4px; float: left;\" src=\"https:\/\/live.staticflickr.com\/65535\/47928686771_f5d82f10c2.jpg\" alt=\"elezioni 2019\" width=\"400\" height=\"291\" \/><\/a><strong><span>ELEZIONI EUROPEE MAGGIO 2019<\/span><\/strong><\/p>\n<p style=\"margin-bottom: 0.0001pt; line-height: normal; text-align: justify;\"><strong><span>QUANDO SI VOTA &#8211;<\/span><\/strong><span> Si vota domenica 26 maggio 2019, dalle 07:00 alle 23:00. La scheda \u00e8 di colore arancione<\/span><\/p>\n<p style=\"margin-bottom: 0.0001pt; line-height: normal; text-align: justify;\"><strong><span>COME SI VOTA<\/span><\/strong><span> <strong>&#8211;<\/strong> Il voto si esprime tracciando una X sul contrassegno corrispondente alla lista prescelta. Si possono esprimere <strong>fino a<\/strong> <strong>tre preferenze<\/strong>, <strong>scrivendo nelle righe vicine al simbolo<\/strong> della lista <strong>nome e cognome o solo il cognome dei candidati preferiti.<\/strong>&nbsp;<\/span><\/p>\n<p style=\"margin-bottom: 0.0001pt; line-height: normal; text-align: justify;\"><span>Nel caso di <strong>pi\u00f9 preferenze<\/strong> devono riguardare candidati di sesso diverso. Esempio, <strong>donna-uomo o donna-donna-uomo.<\/strong><\/span><\/p>\n<p style=\"margin-bottom: 0.0001pt; line-height: normal; text-align: justify;\"><span>Se si esprimono pi\u00f9 preferenze per candidati tutti dello stesso sesso, vengono annullate le preferenze successive alla prima.<\/span><\/p>\n<p style=\"margin-bottom: 0.0001pt; line-height: normal; text-align: justify;\"><strong><span>ELETTI &#8211;<\/span><\/strong><span> Il sistema con cui in Italia si vota per rinnovare il Parlamento europeo \u00e8 un proporzionale puro, entreranno&nbsp;in parlamento i partiti che raggiungeranno il 4% dei voti totali espressi in Italia. I 76 seggi&nbsp;verranno ripartiti per ogni partito&nbsp;sulla base delle percentuali raggiunte. Si assegneranno poi&nbsp;i seggi&nbsp;ai singoli candidati a seconda delle preferenze ricevute.&nbsp;<\/span><\/p>\n<p style=\"margin-bottom: 0.0001pt; line-height: normal;\" align=\"center\"><strong><span>ELEZIONI COMUNA<\/span><\/strong><a title=\"115008796-8fa3a22d-359f-4c3a-a64c-c45aaff5684c\" href=\"https:\/\/www.flickr.com\/photos\/91470992@N02\/47928706043\/in\/dateposted-public\/\" data-flickr-embed=\"true\"><img loading=\"lazy\" decoding=\"async\" style=\"margin: 4px; float: right;\" src=\"https:\/\/live.staticflickr.com\/65535\/47928706043_15c44e7890.jpg\" alt=\"115008796-8fa3a22d-359f-4c3a-a64c-c45aaff5684c\" width=\"400\" height=\"225\" \/><\/a><strong><span>LI MAGGIO 2019<\/span><\/strong><\/p>\n<p style=\"margin-bottom: 0.0001pt; line-height: normal; text-align: justify;\"><strong><span>QUANDO SI VOTA &#8211;<\/span><\/strong><span> Si vota domenica 26 maggio 2019, dalle 07:00 alle 23:00. La scheda \u00e8 di colore grigio. In caso di ballottaggio si torna a votare il 9 giugno 2019.<\/span><\/p>\n<p style=\"margin-bottom: 0.0001pt; line-height: normal; text-align: justify;\"><strong><span>COME SI VOTA<\/span><\/strong><span> <strong>&#8211;<\/strong> Il voto si esprime in tre modalit\u00e0:<\/span><\/p>\n<p style=\"margin-bottom: 0.0001pt; line-height: normal; text-align: justify;\"><span>1)tracciando una X <strong>sul simbolo della lista<\/strong>, assegnando cos\u00ec il v<\/span><span>oto anche al candidato Sindaco;<\/span><\/p>\n<p style=\"margin-bottom: 0.0001pt; line-height: normal; text-align: justify;\"><span>2)tracciando una X <strong>solo sul nome dell\u2019aspirante Sindaco<\/strong> (in questo caso nessun voto sar\u00e0 assegnato alla lista);<\/span><\/p>\n<p style=\"margin-bottom: 0.0001pt; line-height: normal; text-align: justify;\"><span>2)tracciando una X sul simbolo della lista e scrivendo il <strong>cognome del candidato consigliere<\/strong> che si preferisce, <strong>si possono esprimere due preferenze se i candidati consiglieri sono di sesso diverso<\/strong>.<\/span><\/p>\n<p style=\"margin-bottom: 0.0001pt; line-height: normal; text-align: justify;\"><strong><span>VOTO DISGIUNTO &#8211;<\/span><\/strong><span> l\u2019elettore pu\u00f2 barrare il nome del candidato Sindaco che preferisce e mettere una X anche su una lista che appoggia un candidato diverso.<\/span><\/p>\n<p style=\"margin-bottom: 0.0001pt; line-height: normal; text-align: justify;\"><strong><span>TESSERA SMARRITA &#8211;<\/span><\/strong><span> Se si \u00e8 smarrita la tessera elettorale, o \u00e8 irrimediabilmente danneggiata o ancora \u00e8 esaurita (tutti e 18 gli spazi sono timbrati), c&#8217;\u00e8 bisogno di un duplicato o di un rinnovo. In questo caso bisogna rivolgersi all&#8217;Ufficio elettorale del proprio Comune, ricordandosi di portare con se la vecchia tessera e un documento di identit\u00e0.<\/span><\/p>\n<p style=\"margin-bottom: 0.0001pt; line-height: normal; text-align: justify;\"><strong><span>ELETTI &#8211;<\/span><\/strong><span> Le liste o il gruppo di liste collegate al Sindaco eletto, se non hanno conseguito il 60% dei seggi del consiglio in primo turno ma hanno ottenuto il 40% dei voti validi, ottengono il 60% dei seggi, a meno che nessun\u2019altra lista o gruppo di liste collegate abbiano superato il 50% dei voti validi. I seggi rimanenti vengono assegnati con il metodo proporzionale.<\/span><\/p>\n<p style=\"margin-bottom: 0.0001pt; line-height: normal; text-align: justify;\"><span>Nella distribuzione dei seggi non sono ammesse le liste e i gruppi di liste che hanno ottenuto meno del 3% dei voti validi in prima turnazione e che non appartengono a nessun gruppo di liste che ha superato questa soglia di sbarramento.<\/span><\/p>\n<p><iframe loading=\"lazy\" src=\"https:\/\/www.youtube.com\/embed\/L_dmUDioRRY\" width=\"640\" height=\"360\" allowfullscreen=\"allowfullscreen\" allow=\"accelerometer; autoplay; encrypted-media; gyroscope; picture-in-picture\"><\/iframe><\/p>\n<p style=\"margin-bottom: 0.0001pt; line-height: normal; text-align: justify;\"><span><iframe loading=\"lazy\" src=\"https:\/\/www.youtube.com\/embed\/R4uCra9djm8\" width=\"640\" height=\"360\" allowfullscreen=\"allowfullscreen\" allow=\"accelerometer; autoplay; encrypted-media; gyroscope; picture-in-picture\"><\/iframe><\/span><\/p>\n","protected":false},"excerpt":{"rendered":"","protected":false},"author":1,"featured_media":0,"comment_status":"open","ping_status":"closed","sticky":false,"template":"","format":"standard","meta":{"colormag_page_container_layout":"default_layout","colormag_page_sidebar_layout":"default_layout","footnotes":""},"categories":[7],"tags":[],"class_list":["post-61167","post","type-post","status-publish","format-standard","hentry","category-attualita"],"_links":{"self":[{"href":"https:\/\/archiviogioia.lavocedelpaese.info\/index.php?rest_route=\/wp\/v2\/posts\/61167","targetHints":{"allow":["GET"]}}],"collection":[{"href":"https:\/\/archiviogioia.lavocedelpaese.info\/index.php?rest_route=\/wp\/v2\/posts"}],"about":[{"href":"https:\/\/archiviogioia.lavocedelpaese.info\/index.php?rest_route=\/wp\/v2\/types\/post"}],"author":[{"embeddable":true,"href":"https:\/\/archiviogioia.lavocedelpaese.info\/index.php?rest_route=\/wp\/v2\/users\/1"}],"replies":[{"embeddable":true,"href":"https:\/\/archiviogioia.lavocedelpaese.info\/index.php?rest_route=%2Fwp%2Fv2%2Fcomments&post=61167"}],"version-history":[{"count":0,"href":"https:\/\/archiviogioia.lavocedelpaese.info\/index.php?rest_route=\/wp\/v2\/posts\/61167\/revisions"}],"wp:attachment":[{"href":"https:\/\/archiviogioia.lavocedelpaese.info\/index.php?rest_route=%2Fwp%2Fv2%2Fmedia&parent=61167"}],"wp:term":[{"taxonomy":"category","embeddable":true,"href":"https:\/\/archiviogioia.lavocedelpaese.info\/index.php?rest_route=%2Fwp%2Fv2%2Fcategories&post=61167"},{"taxonomy":"post_tag","embeddable":true,"href":"https:\/\/archiviogioia.lavocedelpaese.info\/index.php?rest_route=%2Fwp%2Fv2%2Ftags&post=61167"}],"curies":[{"name":"wp","href":"https:\/\/api.w.org\/{rel}","templated":true}]}}