{"id":61183,"date":"2019-05-27T06:49:47","date_gmt":"2019-05-27T06:49:47","guid":{"rendered":"https:\/\/archiviogioia.lavocedelpaese.info\/?p=61183"},"modified":"2019-05-27T06:49:47","modified_gmt":"2019-05-27T06:49:47","slug":"il-m5s-ha-pagato-un-prezzo-troppo-alto-in-nome-della-correttezza-2","status":"publish","type":"post","link":"https:\/\/archiviogioia.lavocedelpaese.info\/?p=61183","title":{"rendered":"Il M5S ha pagato un prezzo troppo alto in nome della correttezza"},"content":{"rendered":"<p style=\"text-align: justify;\"><a title=\"elezioni europee luigi di maio\" href=\"https:\/\/www.flickr.com\/photos\/91470992@N02\/47941351992\" data-flickr-embed=\"true\"><img loading=\"lazy\" decoding=\"async\" style=\"display: block; margin-left: auto; margin-right: auto;\" src=\"https:\/\/live.staticflickr.com\/65535\/47941351992_f3c9439d2b_o.jpg\" alt=\"elezioni europee luigi di maio\" width=\"320\" height=\"240\" \/><\/a><\/p>\n<p><!--more--><\/p>\n<p style=\"text-align: justify;\"><a title=\"elezioni europee leader forze politiche\" href=\"https:\/\/www.flickr.com\/photos\/91470992@N02\/47941385881\/in\/photostream\/\" data-flickr-embed=\"true\"><img loading=\"lazy\" decoding=\"async\" style=\"margin: 4px; float: left;\" src=\"https:\/\/live.staticflickr.com\/65535\/47941385881_dfe507f94c.jpg\" alt=\"elezioni europee leader forze politiche\" width=\"400\" height=\"300\" \/><\/a> \u201cIl prezzo pagato dai 5 Stelle alle europee si \u00e8 rivelato altissimo\u2026 Cosa non ha funzionato? L\u2019aver continuato ad oltranza a comunicare tramite la rete, con esagerata correttezza istituzionale, senza scendere tra la gente, nelle piazze per raccontare le cose fatte, anche a costo di aumentare quei costi politici che il buon senso porta a contenere &#8211; Salvini e la mobilitazione di forze che lo accompagnavano nel tour per l\u2019Italia docet -, sfruttando il web. La gente ha bisogno di percepire le emozioni in diretta, non in differita, ed \u00e8 disposta anche a bersi banalit\u00e0 e ovviet\u00e0, sentendo quel che vuol sentirsi dire.<\/p>\n<p style=\"text-align: justify;\">Secondo errore, non costituire capillarmente delle liste. Anche in questo caso, proprio Gioia\u2026 \u201cdocet\u201d! Preoccuparsi di incaricare un rappresentante anche a livello provinciale che valuti, selezioni e riunisca gruppi coesi per valori ed intenti \u00e8 la prima \u201cregola\u201d per esistere ed esserci. In assenza di ci\u00f2, la presenza di cellule sparse prive di coordinamento e anche di coesione tra loro, non paga n\u00e9 in termini di voto, n\u00e9 di consenso. Ci sar\u00e0 il rischio di imbarcare degli infiltrati? C\u2019\u00e8 sempre tempo per le epurazioni, magari anche con eclatanti battage, non in sordina, mantenendo alta l\u2019attenzione sugli obiettivi e su come raggiungerli.<\/p>\n<p style=\"text-align: justify;\">Fino ad oggi il Movimento 5 Stelle ha fatto il lavoro grosso<a title=\"elezioni europee matteo salvini\" href=\"https:\/\/www.flickr.com\/photos\/91470992@N02\/47941385801\/in\/photostream\/\" data-flickr-embed=\"true\"><img loading=\"lazy\" decoding=\"async\" style=\"margin: 4px; float: right;\" src=\"https:\/\/live.staticflickr.com\/65535\/47941385801_36bb9f8e8c.jpg\" alt=\"elezioni europee matteo salvini\" width=\"400\" height=\"240\" \/><\/a> anche per la Lega, che ha raccolto i frutti e portato avanti una campagna costruita sulle paure della gente, vincendo facile perch\u00e9 ha raccolto consensi a destra e a manca. Chi non teme il diverso, il delinquente, l\u2019immigrato non pi\u00f9 profugo ma irregolare, spacciatore o infiltrato dell\u2019Isis? Poi ha raccolto le simpatie di nostalgici, anziani e bigotti con gli stratagemmi comunicativi visti anche a Gioia. Manifestare l\u2019indignazione, per assurdo, porta ancora pi\u00f9 attenzione e quindi potenziali voti. La memoria corta dei meridionali, cha hanno dimenticato decenni di offese gratuite subite dalla Lega, compreso Salvini, ha fatto il resto. Non ci vuole l\u2019esperto in comunicazione di Trump per capirlo. Se poi nelle liste si accetta di tutto e di pi\u00f9, a differenza dei 5 Stelle, i voti sono assicurati.<\/p>\n<p style=\"text-align: justify;\">L\u2019alternativa? Ignorare, azzerare l\u2019attenzione, svuotare le piazze e spegnere i riflettori.<\/p>\n<p style=\"text-align: justify;\">E continuare sulla propria strada ma uniti ed allargando le fila. Non c\u2019\u00e8 un&#8217;altra soluzione. E\u2019 ora di attivarsi, di ritornare al passato, per rendere pan per focaccia, se non si vuole rischiare di soccombere\u201d.<\/p>\n<p style=\"text-align: right;\" align=\"right\">[Pentastellato deluso]<\/p>\n<p>&nbsp;<\/p>\n","protected":false},"excerpt":{"rendered":"","protected":false},"author":1,"featured_media":0,"comment_status":"open","ping_status":"closed","sticky":false,"template":"","format":"standard","meta":{"colormag_page_container_layout":"default_layout","colormag_page_sidebar_layout":"default_layout","footnotes":""},"categories":[4],"tags":[],"class_list":["post-61183","post","type-post","status-publish","format-standard","hentry","category-politica"],"_links":{"self":[{"href":"https:\/\/archiviogioia.lavocedelpaese.info\/index.php?rest_route=\/wp\/v2\/posts\/61183","targetHints":{"allow":["GET"]}}],"collection":[{"href":"https:\/\/archiviogioia.lavocedelpaese.info\/index.php?rest_route=\/wp\/v2\/posts"}],"about":[{"href":"https:\/\/archiviogioia.lavocedelpaese.info\/index.php?rest_route=\/wp\/v2\/types\/post"}],"author":[{"embeddable":true,"href":"https:\/\/archiviogioia.lavocedelpaese.info\/index.php?rest_route=\/wp\/v2\/users\/1"}],"replies":[{"embeddable":true,"href":"https:\/\/archiviogioia.lavocedelpaese.info\/index.php?rest_route=%2Fwp%2Fv2%2Fcomments&post=61183"}],"version-history":[{"count":0,"href":"https:\/\/archiviogioia.lavocedelpaese.info\/index.php?rest_route=\/wp\/v2\/posts\/61183\/revisions"}],"wp:attachment":[{"href":"https:\/\/archiviogioia.lavocedelpaese.info\/index.php?rest_route=%2Fwp%2Fv2%2Fmedia&parent=61183"}],"wp:term":[{"taxonomy":"category","embeddable":true,"href":"https:\/\/archiviogioia.lavocedelpaese.info\/index.php?rest_route=%2Fwp%2Fv2%2Fcategories&post=61183"},{"taxonomy":"post_tag","embeddable":true,"href":"https:\/\/archiviogioia.lavocedelpaese.info\/index.php?rest_route=%2Fwp%2Fv2%2Ftags&post=61183"}],"curies":[{"name":"wp","href":"https:\/\/api.w.org\/{rel}","templated":true}]}}