{"id":61282,"date":"2019-06-13T08:55:43","date_gmt":"2019-06-13T08:55:43","guid":{"rendered":"https:\/\/archiviogioia.lavocedelpaese.info\/?p=61282"},"modified":"2019-06-13T08:55:43","modified_gmt":"2019-06-13T08:55:43","slug":"francesco-svelto-rettore-delluniversita-di-pavia-video","status":"publish","type":"post","link":"https:\/\/archiviogioia.lavocedelpaese.info\/?p=61282","title":{"rendered":"FRANCESCO SVELTO RETTORE DELL\u2019UNIVERSIT\u00c0 DI PAVIA-video"},"content":{"rendered":"<p><a title=\"Francesco Svelto - Rettore Universit\u00e0 Pavia\" href=\"https:\/\/www.flickr.com\/photos\/91470992@N02\/48054621571\/in\/dateposted-public\/\" data-flickr-embed=\"true\"><img loading=\"lazy\" decoding=\"async\" style=\"display: block; margin-left: auto; margin-right: auto;\" src=\"https:\/\/live.staticflickr.com\/65535\/48054621571_291ddb7153.jpg\" alt=\"Francesco Svelto - Rettore Universit\u00e0 Pavia\" width=\"320\" height=\"240\" \/><\/a><\/p>\n<p><!--more--><\/p>\n<p style=\"margin-bottom: 0.0001pt; line-height: normal; text-align: justify;\"><a title=\"safe_image.php\" href=\"https:\/\/www.flickr.com\/photos\/91470992@N02\/48054621196\/in\/dateposted-public\/\" data-flickr-embed=\"true\"><img loading=\"lazy\" decoding=\"async\" style=\"margin: 4px; float: left;\" src=\"https:\/\/live.staticflickr.com\/65535\/48054621196_86faa91fca.jpg\" alt=\"safe_image.php\" width=\"400\" height=\"208\" \/><\/a> E\u2019 con orgoglio che apprendiamo del <strong>prestigioso incarico di cui \u00e8 stato insignito il professor Francesco Svelto<\/strong>, il 29 maggio <strong>eletto<\/strong> <strong>Rettore dell\u2019Universit\u00e0 di Pavia<\/strong> presso cui \u00e8 docente ordinario di Ingegneria elettronica. In questa stessa facolt\u00e0 nel 1991 si \u00e8 laureato ed a giudicare dalle modalit\u00e0 con cui ha raggiunto questo risultato, anche molto stimato ed apprezzato.<\/p>\n<p style=\"margin-bottom: 0.0001pt; line-height: normal; text-align: justify;\">Infatti \u00e8 stato eletto <strong>al primo scrutinio con 784 voti<\/strong>. L&#8217;altro candidato, <strong>Roberto Bottinelli<\/strong>, ordinario di fisiologia al dipartimento di medicina molecolare,&nbsp;<strong>ha ottenuto 247 preferenze<\/strong> e sono state 45 le schede bianche. Un record sia per la giovane et\u00e0, <strong>Francesco Svelto ha solo 53 anni<\/strong>, che per l&#8217;affluenza registrata del 79,27% (1591 voti), decisamente superiore rispetto alle precedenti elezioni.&nbsp;<\/p>\n<p style=\"margin-bottom: 0.0001pt; line-height: normal; text-align: justify;\">Il rettore, <strong>figlio del gioiese Vito Svelto<\/strong>, <strong>con suo fratello Orazio e sua sorella Maria tra le eccellenze che vanta Gioia<\/strong>, \u00e8 nato a Milan<a title=\"prof Francesco Svelto\" href=\"https:\/\/www.flickr.com\/photos\/91470992@N02\/48054712552\/in\/dateposted-public\/\" data-flickr-embed=\"true\"><img loading=\"lazy\" decoding=\"async\" style=\"margin: 4px; float: right;\" src=\"https:\/\/live.staticflickr.com\/65535\/48054712552_d020727a82_o.jpg\" alt=\"prof Francesco Svelto\" width=\"350\" height=\"349\" \/><\/a>o ma entrambi <strong>i genitori sono gioiesi<\/strong> e le sue radici sono nella nostra citt\u00e0 che diede i natali a suo nonno Cesare Svelto. Prorettore uscente alla &#8220;terza missione&#8221; &#8211; si \u00e8 occupato di &#8220;trasferimento tecnologico&#8221; e dei rapporti esterni dell&#8217;Ateneo -, <strong>assumer\u00e0 il suo nuovo incarico dal prossimo 1\u00b0 ottobre<\/strong>. Sino a quella data l&#8217;Universit\u00e0 di Pavia verr\u00e0 guidata dall&#8217;attuale rettore,&nbsp;Fabio Rugge.<\/p>\n<p style=\"margin-bottom: 0.0001pt; line-height: normal; text-align: justify;\">Emozionatissimo, nel suo discorso d&#8217;insediamento, Svelto ha parlato dell&#8217;internazionalizzazione dell&#8217;Universit\u00e0 e del legame che intende mantenere con le aziende e con la ricerca.<\/p>\n<p style=\"margin-bottom: 0.0001pt; line-height: normal; text-align: justify;\">\u201cIl futuro del nostro Ateneo &#8211; ha affermato con profonda emozione a fine scrutinio, nel momento in cui \u00e8 stato eletto rettore &#8211; va costruito con fiducia e coesione. \u00c8 il momento di una riflessione profonda e condivisa per posizionare l\u2019Universit\u00e0 di Pavia su basi solide che possano spingerci ben oltre i sei anni a venire. Esigenze di nuove professionalit\u00e0 si profilano e le giovani generazioni devono potere avere gli strumenti per affrontare al meglio il mondo di domani, grazie ad un\u2019offerta formativa di qualit\u00e0 e all\u2019altezza dei tempi. Accelerazione e competizione crescenti nella ricerca richiedono dinamismo e rapidit\u00e0 nelle nostre azioni. La nostra comunit\u00e0 accademica ha in s\u00e9 le competenze e le energie per una proposta ambiziosa in grado di rafforzare didattica e ricerca e, insieme, catalizzare progettualit\u00e0 sul territorio, sviluppare relazioni positive con il mondo del lavoro e rendere pi\u00f9 diffusa ed incisiva la nostra presenza internazionale.\u201d<\/p>\n<p style=\"margin-bottom: 0.0001pt; line-height: normal; text-align: justify;\">Di seguito il curriculum di Francesco Svelto, sposato con un figlio, cui tutta Gioia rivolge l\u2019augurio di continuare a \u201cbrillare\u201d e portare sempre pi\u00f9 in alto il nome degli Svelto.<\/p>\n<p style=\"margin-bottom: 0.0001pt; line-height: normal; text-align: justify;\"><strong>CURRICULUM VITAE<\/strong><\/p>\n<p style=\"margin-bottom: 0.0001pt; line-height: normal; text-align: justify;\">Negli anni 2017-2018 Prorettore Vicario, nel 2014 Distinguished Lecturer dell\u2019IEEE (Institute of Electrical and Electronic Engineers); dal 2013 Prorettore alla Terza Missione; nel 2013 Fellow dell\u2019IEEE (Institute of Electrical and Electronic Engineers); dal 2008 al 2013 Vice Preside della Fac<a title=\"Francesco Svelto\" href=\"https:\/\/www.flickr.com\/photos\/91470992@N02\/48054712467\/in\/dateposted-public\/\" data-flickr-embed=\"true\"><img loading=\"lazy\" decoding=\"async\" style=\"margin: 4px; float: left;\" src=\"https:\/\/live.staticflickr.com\/65535\/48054712467_0453801be1_o.jpg\" alt=\"Francesco Svelto\" width=\"350\" height=\"431\" \/><\/a>olt\u00e0 di Ingegneria; dal 2008 Consulente scientifico di SiTune, start-up; dal 2006 Professore Ordinario presso l\u2019Universit\u00e0 di Pavia (SSD \u201cElettronica\u201d); nel 2006 Direttore Scientifico di un laboratorio universitario condiviso con STMicroelectronics; nel 2003 premiato come co-autore del miglior articolo dell\u2019anno pubblicato da \u201cIEEE Journal of Solid State Circuits\u201d; dal 2002 al 2007 Co-fondatore e consulente di RFDomus, start-up venduta a Philips Semiconductors; dal 2000 al 2006 Professore Associato presso l\u2019Universit\u00e0 di Pavia; dal 1997 al 2000 Ricercatore presso l\u2019Universit\u00e0 di Bergamo; nel 1995 Dottore di Ricerca in Ingegneria Elettronica ed Informatica presso l\u2019Universit\u00e0 di Pavia; nel 1991 ha conseguito la Laurea in Ingegneria Elettronica presso l\u2019Universit\u00e0 di Pavia e nel 1985 la Maturit\u00e0 classica presso il Liceo Carducci di Milano.<\/p>\n<p style=\"margin-bottom: 0.0001pt; line-height: normal; text-align: justify;\">\u201cDurante il dottorato di ricerca mi sono occupato di elettronica per applicazioni alla fisica delle alte energie. Ho svolto periodi di ricerca presso vari laboratori internazionali: Brookhaven National Laboratory (NY), Berkeley National Laboratory (CA), Laboratoire de l\u2019Acc\u00e9l\u00e9rateur Lineaire (Paris). Mi sono successivamente interessato di ricerca applicata nell\u2019ambito della microelettronica. In particolare, l\u2019attivit\u00e0 ha riguardato l\u2019ideazione, progettazione e realizzazione di circuiti integrati ad alta frequenza per comunicazioni e per tecnologie per la salute. Ho partecipato a sei progetti europei, ottenendo finanziamenti per pi\u00f9 di 2 MEuro. In quattro di essi sono stato responsabile scientifico per l\u2019Universit\u00e0 di Pavia. Ho partecipato a programmi di ricerca che hanno ottenuto finanziamenti attraverso bandi pubblici, sia P.R.I.N che F.I.R.B. La ricerca applicata condotta nel laboratorio scientifico, condiviso con STMicroelectronics, ha portato a presentazioni nelle pi\u00f9 rilevanti sedi congressuali e pubblicazioni presso qualificate riviste internazionali. Il laboratorio ha erogato pi\u00f9 di 100 borse per giovani laureati, dottorandi di ricerca e post-doc.<\/p>\n<p style=\"margin-bottom: 0.0001pt; line-height: normal; text-align: justify;\">Ho svolto seminari su invito, relativi alle mie attivit\u00e0 di ricerca, in numerose universit\u00e0 internazionali, tra cui: Harvard, Berkeley, UCLA, Princeton, Columbia, Georgia Institute of Technology, Seattle in USA, Tsinghua (Cina), Tokyo (Giappone), Dublino (Irlanda), Cracovia (Polonia), Atene e Salonicco (Grecia).<\/p>\n<p style=\"margin-bottom: 0.0001pt; line-height: normal; text-align: justify;\">Sono stato membro del comitato scientifico dei principali congressi internazionali promossi dell\u2019IEEE (Institute of Electrical and Electronic Engineers): \u201cInternational Solid State Circuits Conference\u201d (ISSCC), \u201cCustom Integrated Circuits Conference\u201d (CICC), \u201cEuropean Solid State Circuits Conference\u201d (ESSCIRC), \u201cBipolar\/BiCMOS Circuits and Technology Meeting\u201d (BCTM). Dal 2013 sono Fellow e dal 2014 Distinguished Lecturer dell\u2019IEEE. Nel 2003 ho ricevuto il premio, come co-autore, per il miglior lavoro pubblicato quell\u2019anno dall\u2019\u201cIEEE Journal of Solid State Circuits\u201d, rivista di riferimento nel settore della microelettronica.\u201d<\/p>\n<p style=\"margin-bottom: 0.0001pt; line-height: normal; text-align: justify;\">Ad maiora!<\/p>\n<p><iframe loading=\"lazy\" src=\"https:\/\/www.youtube.com\/embed\/KBjypxsbScw\" width=\"640\" height=\"360\" allowfullscreen=\"allowfullscreen\" allow=\"accelerometer; autoplay; encrypted-media; gyroscope; picture-in-picture\"><\/iframe><\/p>\n","protected":false},"excerpt":{"rendered":"","protected":false},"author":1,"featured_media":0,"comment_status":"open","ping_status":"closed","sticky":false,"template":"","format":"standard","meta":{"colormag_page_container_layout":"default_layout","colormag_page_sidebar_layout":"default_layout","footnotes":""},"categories":[7],"tags":[],"class_list":["post-61282","post","type-post","status-publish","format-standard","hentry","category-attualita"],"_links":{"self":[{"href":"https:\/\/archiviogioia.lavocedelpaese.info\/index.php?rest_route=\/wp\/v2\/posts\/61282","targetHints":{"allow":["GET"]}}],"collection":[{"href":"https:\/\/archiviogioia.lavocedelpaese.info\/index.php?rest_route=\/wp\/v2\/posts"}],"about":[{"href":"https:\/\/archiviogioia.lavocedelpaese.info\/index.php?rest_route=\/wp\/v2\/types\/post"}],"author":[{"embeddable":true,"href":"https:\/\/archiviogioia.lavocedelpaese.info\/index.php?rest_route=\/wp\/v2\/users\/1"}],"replies":[{"embeddable":true,"href":"https:\/\/archiviogioia.lavocedelpaese.info\/index.php?rest_route=%2Fwp%2Fv2%2Fcomments&post=61282"}],"version-history":[{"count":0,"href":"https:\/\/archiviogioia.lavocedelpaese.info\/index.php?rest_route=\/wp\/v2\/posts\/61282\/revisions"}],"wp:attachment":[{"href":"https:\/\/archiviogioia.lavocedelpaese.info\/index.php?rest_route=%2Fwp%2Fv2%2Fmedia&parent=61282"}],"wp:term":[{"taxonomy":"category","embeddable":true,"href":"https:\/\/archiviogioia.lavocedelpaese.info\/index.php?rest_route=%2Fwp%2Fv2%2Fcategories&post=61282"},{"taxonomy":"post_tag","embeddable":true,"href":"https:\/\/archiviogioia.lavocedelpaese.info\/index.php?rest_route=%2Fwp%2Fv2%2Ftags&post=61282"}],"curies":[{"name":"wp","href":"https:\/\/api.w.org\/{rel}","templated":true}]}}