{"id":61341,"date":"2019-06-20T08:26:32","date_gmt":"2019-06-20T08:26:32","guid":{"rendered":"https:\/\/archiviogioia.lavocedelpaese.info\/?p=61341"},"modified":"2019-06-20T08:26:32","modified_gmt":"2019-06-20T08:26:32","slug":"pagine-per-michele-al-via-la-raccolta-libri-per-il-bookcrossing","status":"publish","type":"post","link":"https:\/\/archiviogioia.lavocedelpaese.info\/?p=61341","title":{"rendered":"Pagine per Michele,  al via la raccolta libri per il bookcrossing"},"content":{"rendered":"<p><a title=\"michele montesardo\" href=\"https:\/\/www.flickr.com\/photos\/91470992@N02\/28958698666\/in\/photolist-L7YUd3-ZJXpqV-L7W4od-L44KNg-L7WbvE-KehvXe-L7WyhW-Ke5wNN-L45bfn-LaNH64-KJwGFd-Kei5wn-L1xreW-Ke5ZFf-Ke6VPL-LaPvJe-L7Yehs-Ke6aLq-KJxVLj-KJxJBA\" data-flickr-embed=\"true\"><img loading=\"lazy\" decoding=\"async\" style=\"display: block; margin-left: auto; margin-right: auto;\" src=\"https:\/\/live.staticflickr.com\/8407\/28958698666_1a212a60a8_z.jpg\" alt=\"michele montesardo\" width=\"320\" height=\"240\" \/><\/a><\/p>\n<p><!--more--><\/p>\n<p style=\"text-align: justify;\"><a title=\"bibliocabina dedicata a montesardo\" href=\"https:\/\/www.flickr.com\/photos\/91470992@N02\/37898438585\/in\/photolist-L7YUd3-ZJXpqV-L7W4od-L44KNg-L7WbvE-KehvXe-L7WyhW-Ke5wNN-L45bfn-LaNH64-KJwGFd-Kei5wn-L1xreW-Ke5ZFf-Ke6VPL-LaPvJe-L7Yehs-Ke6aLq-KJxVLj-KJxJBA\/\" data-flickr-embed=\"true\"><img loading=\"lazy\" decoding=\"async\" style=\"margin: 4px; float: left;\" src=\"https:\/\/live.staticflickr.com\/4568\/37898438585_6138156c27_z.jpg\" alt=\"bibliocabina dedicata a montesardo\" width=\"400\" height=\"225\" \/><\/a> <span>\u201cIl progetto che porter\u00e0 a Gioia una cabina per lo scambio di libri in memoria di <strong>Michele Montesardo <\/strong>ad agosto sar\u00e0 finalmente compiuto. Il gruppo di lavoro, che dal 2017 ha intrapreso un percorso per valorizzare il patrimonio librario lasciato da Michele attivando una rete virtuosa con gli imprenditori <strong>Paolo Montemurro di Emmegi spa <\/strong>e <strong>Gianfranco Verrico<\/strong>, annuncia che a giorni partiranno i lavori per la pavimentazione in cemento della bibliocabina. Sar\u00e0 installata in Piazza Pinto, l\u00ec dove Michele era solito sostare con il suo banco e i suoi amati volumi. Ma per quanto numerosi, quei libri da soli non basteranno a sostenere quel flusso inesauribile di scambio che \u00e8 anzitutto dono che la bibliocabina si propone di generare. Per questo chi vuole pu\u00f2 aderire a <strong><span>Pagine per Michele<\/span><\/strong>.<\/span><\/p>\n<p style=\"text-align: justify;\"><span>L&#8217;intenzione \u00e8 quella di arricchire il patrimonio di libri che Michele Montesardo ha l<\/span><a title=\"flash mob x michele montesardo\" href=\"https:\/\/www.flickr.com\/photos\/91470992@N02\/28958144196\/in\/photolist-L7YUd3-ZJXpqV-L7W4od-L44KNg-L7WbvE-KehvXe-L7WyhW-Ke5wNN-L45bfn-LaNH64-KJwGFd-Kei5wn-L1xreW-Ke5ZFf-Ke6VPL-LaPvJe-L7Yehs-Ke6aLq-KJxVLj-KJxJBA\/\" data-flickr-embed=\"true\"><img loading=\"lazy\" decoding=\"async\" style=\"margin: 4px; float: right;\" src=\"https:\/\/live.staticflickr.com\/8722\/28958144196_dd30972765_z.jpg\" alt=\"flash mob x michele montesardo\" width=\"400\" height=\"226\" \/><\/a><span>asciato con il libero contributo di tutti i cittadini che vogliano<strong> rendere vivo lo scambio e il dono di cultura<\/strong> ancor prima che sorga la cabina. <span>Pagine per Michele<\/span> \u00e8 un modo per rendere collettivo e partecipativo sin dalla nascita uno spazio di aggregazione comune in maniera semplice e a costo zero. Perch\u00e9 ad ispirare Michele Montesardo \u00e8 sempre stato il valore di gratuit\u00e0 della conoscenza quale bene circolare.<\/span><\/p>\n<p style=\"text-align: justify;\"><strong><span>In attesa dell&#8217;inaugurazione<\/span><\/strong><span>, che il gruppo di lavoro ha intenzione di far coincidere con l&#8217;anniversario della morte di Michele, <strong>il prossimo 5 agosto<\/strong>, chiunque \u00e8 chiamato a collaborare perch\u00e9 la bibliocabina sia da subito fornita di volumi per grandi e piccoli lettori.<\/span><\/p>\n<p style=\"text-align: justify;\"><strong><span>Per offrire il proprio contributo ci si pu\u00f2 rivolgere al numero 327 883 17 41<\/span><\/strong><span>\u201d.<\/span><\/p>\n<p>&nbsp;<\/p>\n","protected":false},"excerpt":{"rendered":"","protected":false},"author":1,"featured_media":0,"comment_status":"open","ping_status":"closed","sticky":false,"template":"","format":"standard","meta":{"colormag_page_container_layout":"default_layout","colormag_page_sidebar_layout":"default_layout","footnotes":""},"categories":[7],"tags":[],"class_list":["post-61341","post","type-post","status-publish","format-standard","hentry","category-attualita"],"_links":{"self":[{"href":"https:\/\/archiviogioia.lavocedelpaese.info\/index.php?rest_route=\/wp\/v2\/posts\/61341","targetHints":{"allow":["GET"]}}],"collection":[{"href":"https:\/\/archiviogioia.lavocedelpaese.info\/index.php?rest_route=\/wp\/v2\/posts"}],"about":[{"href":"https:\/\/archiviogioia.lavocedelpaese.info\/index.php?rest_route=\/wp\/v2\/types\/post"}],"author":[{"embeddable":true,"href":"https:\/\/archiviogioia.lavocedelpaese.info\/index.php?rest_route=\/wp\/v2\/users\/1"}],"replies":[{"embeddable":true,"href":"https:\/\/archiviogioia.lavocedelpaese.info\/index.php?rest_route=%2Fwp%2Fv2%2Fcomments&post=61341"}],"version-history":[{"count":0,"href":"https:\/\/archiviogioia.lavocedelpaese.info\/index.php?rest_route=\/wp\/v2\/posts\/61341\/revisions"}],"wp:attachment":[{"href":"https:\/\/archiviogioia.lavocedelpaese.info\/index.php?rest_route=%2Fwp%2Fv2%2Fmedia&parent=61341"}],"wp:term":[{"taxonomy":"category","embeddable":true,"href":"https:\/\/archiviogioia.lavocedelpaese.info\/index.php?rest_route=%2Fwp%2Fv2%2Fcategories&post=61341"},{"taxonomy":"post_tag","embeddable":true,"href":"https:\/\/archiviogioia.lavocedelpaese.info\/index.php?rest_route=%2Fwp%2Fv2%2Ftags&post=61341"}],"curies":[{"name":"wp","href":"https:\/\/api.w.org\/{rel}","templated":true}]}}