{"id":61432,"date":"2019-06-29T20:48:15","date_gmt":"2019-06-29T20:48:15","guid":{"rendered":"https:\/\/archiviogioia.lavocedelpaese.info\/?p=61432"},"modified":"2019-06-29T20:48:15","modified_gmt":"2019-06-29T20:48:15","slug":"scelta-maria-paola-valentini-assessore-allurbanistica-precisazioni-2","status":"publish","type":"post","link":"https:\/\/archiviogioia.lavocedelpaese.info\/?p=61432","title":{"rendered":"Scelta Maria Paola Valentini assessore all\u2019Urbanistica. Precisazioni"},"content":{"rendered":"<p><a title=\"assessore-Valeentini\" href=\"https:\/\/www.flickr.com\/photos\/91470992@N02\/48155600682\/in\/dateposted-public\/\" data-flickr-embed=\"true\"><img loading=\"lazy\" decoding=\"async\" style=\"display: block; margin-left: auto; margin-right: auto;\" src=\"https:\/\/live.staticflickr.com\/65535\/48155600682_593cfea5cc_o.jpg\" alt=\"assessore-Valeentini\" width=\"320\" height=\"240\" \/><\/a><\/p>\n<p><!--more--><\/p>\n<p style=\"text-align: justify;\"><a title=\"Giovanni-Mastrangelo\" href=\"https:\/\/www.flickr.com\/photos\/91470992@N02\/48155600582\/in\/dateposted-public\/\" data-flickr-embed=\"true\"><img loading=\"lazy\" decoding=\"async\" style=\"margin: 4px; float: left;\" src=\"https:\/\/live.staticflickr.com\/65535\/48155600582_df31b6d831_o.jpg\" alt=\"Giovanni-Mastrangelo\" width=\"400\" height=\"301\" \/><\/a> <strong><span>A rettifica di quanto pubblicato<\/span><\/strong><span> nell\u2019articolo <a href=\"politica\/17091-mastrangelo-ha-scelto-la-sua-giunta-nomi-e-deleghe-degli-assessori.html\"><span style=\"color: blue;\">Mastrangelo ha scelto la sua giunta. Nomi e deleghe degli assessori<\/span><\/a>, <strong>la terna dei nomi \u201ccandidati\u201d<\/strong> all\u2019assessorato all\u2019Urbanistica <strong>non \u00e8 stata fornita dal sindaco Giovanni Mastrangelo<\/strong> <strong>ai tecnici<\/strong> convocati presso il Comune, <strong>ma sono questi ultimi<\/strong>, in rappresentanza di tutti gli iscritti delle varie categorie ad <strong>aver individuato chi potesse essere all\u2019altezza del compito<\/strong>, sottoponendo all\u2019attenzione del sindaco <strong>tre nominativi<\/strong>: l\u2019ing. <strong>Ilaria Caputo<\/strong>, l\u2019arch. <strong>Daniela De Mattia<\/strong> e l\u2019ing. <strong>Maria Paola Valentini<\/strong>.<\/span><\/p>\n<p style=\"text-align: justify;\">\u201c<span><i>Ho voluto un assessore indicato dai geometri, ingegneri, architetti ed agronomi &#8211; afferma Mastrangelo &#8211; perch\u00e9 potesse essere rappresentativo di tutti e non di una piccola parte, anche di chi non mi ha votato, per eliminare il clima di sospetti e veleni che blocca da anni questa citt\u00e0. Ho voluto fare una scelta diversa ma partecipata e larga rispetto al passato. Senza nessun pregiudizio. Ho voluto aprire al confronto ed al dialogo con tutti i <\/i>tecnici\u201d.<\/span><\/p>\n<p style=\"text-align: justify;\"><span>\u201c<\/span><i>Quando i colleghi tecnici hanno chiesto la mia disponibilit\u00e0 a caldeggiare il mio nome per un ruolo t<\/i><a title=\"Maria Paola  Valentini\" href=\"https:\/\/www.flickr.com\/photos\/91470992@N02\/48148395667\/in\/dateposted-public\/\" data-flickr-embed=\"true\"><img loading=\"lazy\" decoding=\"async\" style=\"margin: 4px; float: right;\" src=\"https:\/\/live.staticflickr.com\/65535\/48148395667_2bc2b46a26.jpg\" alt=\"Maria Paola  Valentini\" width=\"400\" height=\"300\" \/><\/a><i>anto importante per Gioia &#8211; confessa Maria Paola -, sono rimasta senza parole, ritrovate, poi, per esprimere quanto onore alla proposta e tutta la disponibilit\u00e0 possibile a fare in modo che mai dovessero pentirsene. Ringrazio il Sindaco Mastrangelo e i colleghi t<\/i><i>utti che hanno riposto fiducia in me per un incarico tanto delicato quanto importante. Auguro a me stessa di non deluderli e di ben operare al servizio della mia citt\u00e0<\/i>\u201d.<\/p>\n<p style=\"text-align: justify;\"><strong>Una scelta che trova ampi consensi<\/strong> <strong>anche tra le compagini dell\u2019opposizione<\/strong>, <strong>che si complimenta<\/strong> con lei e anche con il sindaco ed i colleghi tecnici \u201c<span><i>per una scelta che \u00e8 lontana dalle logiche politiche e dei pacchetti voti ma \u00e8 una scelta basata sulla competenza e professionalit\u00e0<\/i><\/span>\u201d.<\/p>\n<p style=\"text-align: justify;\"><span><strong>Ci scusiamo pertanto con i lettori<\/strong>, in quanto <strong>la fonte da cui era pervenuta la notizia riportata<\/strong> nel primo articolo, <strong>non si \u00e8 rivelata <\/strong><\/span><span><strong>attendibile <\/strong>ed <strong>auguriamo a Maria Paola<\/strong> &#8211; raffinata cultrice di letteratura ed appassionata lettrice, come pi\u00f9 volte dimostrato nel salotto letterario di Giacomo Leronni &#8211; <strong>ed a tutti gli assessori una serena amministrazione della citt\u00e0<\/strong>.<\/span><\/p>\n<p>&nbsp;<\/p>\n","protected":false},"excerpt":{"rendered":"","protected":false},"author":1,"featured_media":0,"comment_status":"open","ping_status":"closed","sticky":false,"template":"","format":"standard","meta":{"colormag_page_container_layout":"default_layout","colormag_page_sidebar_layout":"default_layout","footnotes":""},"categories":[4],"tags":[],"class_list":["post-61432","post","type-post","status-publish","format-standard","hentry","category-politica"],"_links":{"self":[{"href":"https:\/\/archiviogioia.lavocedelpaese.info\/index.php?rest_route=\/wp\/v2\/posts\/61432","targetHints":{"allow":["GET"]}}],"collection":[{"href":"https:\/\/archiviogioia.lavocedelpaese.info\/index.php?rest_route=\/wp\/v2\/posts"}],"about":[{"href":"https:\/\/archiviogioia.lavocedelpaese.info\/index.php?rest_route=\/wp\/v2\/types\/post"}],"author":[{"embeddable":true,"href":"https:\/\/archiviogioia.lavocedelpaese.info\/index.php?rest_route=\/wp\/v2\/users\/1"}],"replies":[{"embeddable":true,"href":"https:\/\/archiviogioia.lavocedelpaese.info\/index.php?rest_route=%2Fwp%2Fv2%2Fcomments&post=61432"}],"version-history":[{"count":0,"href":"https:\/\/archiviogioia.lavocedelpaese.info\/index.php?rest_route=\/wp\/v2\/posts\/61432\/revisions"}],"wp:attachment":[{"href":"https:\/\/archiviogioia.lavocedelpaese.info\/index.php?rest_route=%2Fwp%2Fv2%2Fmedia&parent=61432"}],"wp:term":[{"taxonomy":"category","embeddable":true,"href":"https:\/\/archiviogioia.lavocedelpaese.info\/index.php?rest_route=%2Fwp%2Fv2%2Fcategories&post=61432"},{"taxonomy":"post_tag","embeddable":true,"href":"https:\/\/archiviogioia.lavocedelpaese.info\/index.php?rest_route=%2Fwp%2Fv2%2Ftags&post=61432"}],"curies":[{"name":"wp","href":"https:\/\/api.w.org\/{rel}","templated":true}]}}