{"id":61493,"date":"2019-07-10T17:02:04","date_gmt":"2019-07-10T17:02:04","guid":{"rendered":"https:\/\/archiviogioia.lavocedelpaese.info\/?p=61493"},"modified":"2019-07-10T17:02:04","modified_gmt":"2019-07-10T17:02:04","slug":"carica-vicesindaco-prodigio-esprime-perplessita-su-vito-etna-2","status":"publish","type":"post","link":"https:\/\/archiviogioia.lavocedelpaese.info\/?p=61493","title":{"rendered":"Carica presidente. Pro.di.Gio. esprime perplessit\u00e0 su Vito Etna"},"content":{"rendered":"<p><a href=\"https:\/\/imgbb.com\/\"><img loading=\"lazy\" decoding=\"async\" style=\"display: block; margin-left: auto; margin-right: auto;\" src=\"https:\/\/i.ibb.co\/vHnfSRZ\/Vito-Etna.jpg\" alt=\"Vito-Etna\" width=\"320\" height=\"240\" \/><\/a><\/p>\n<p><!--more--><\/p>\n<p style=\"text-align: justify;\"><a href=\"https:\/\/imgbb.com\/\"><img loading=\"lazy\" decoding=\"async\" style=\"margin: 4px; float: left;\" src=\"https:\/\/i.ibb.co\/xgZjR1K\/logo-prodigio.png\" alt=\"logo-prodigio\" width=\"235\" height=\"223\" \/><\/a>\u201cL\u2019ordine del giorno del primo Consiglio Comunale del 11 luglio 2019, prevede l\u2019elezione del Presidente del Consiglio Comunale. Tale figura, seconda carica istituzionale per importanza, deve caratterizzarsi per atteggiamento equanime e garantire il rispetto e la tutela di tutte le rappresentanze anche se minoritarie. In coerenza con quanto affermato ad inizio campagna elettorale, si ritiene pacifico che la scelta di tale figura avvenga all\u2019interno della stessa maggioranza.<\/p>\n<p style=\"text-align: justify;\">Tuttavia il Movimento Pro.di.Gio non pu\u00f2 esimersi dal chiarire la propria posizione in base alle indiscrezioni trapelate dalla maggioranza e che vedrebbero il Consigliere Vito Etna come il favorito per tale carica. In tale evenienza si invita il Sindaco Mastrangelo e la maggioranza tutta a riconsiderare l\u2019ipotesi di questa candidatura.<\/p>\n<p style=\"text-align: justify;\">Riteniamo infatti che le dichiarazioni rilasciate dallo stesso il 17 marzo 2019, e non gi\u00e0 per l\u2019uso improvvido ed anacronistico del termine \u201crazze\u201d, ma per la leggerezza con il quale Etna avocava all\u2019Amministrazione il diritto di decidere perquisizioni in casa di migranti e per il pregiudizio che manifestava, supportato da casistiche prive di riscontro, non si concilino affatto con il ruolo di rappresentante di un\u2019intera comunit\u00e0. Inoltre, a seguito di tale vicenda, e dell\u2019eco nazionale da essa scatenata, si ricorda che lo stesso Sindaco Mastrangelo chiedeva ad Etna la rinuncia alla candidatura, evenienza scongiurata a seguito dell\u2019intervento poco chiaro della Lega.<\/p>\n<p style=\"text-align: justify;\">Gioia del Colle \u00e8 da sempre una citt\u00e0 aperta, ospitale ed accogliente, e non gioverebbe al rilancio della nostra citt\u00e0 la designazione a Presidente del Consiglio Comunale di una tale figura cos\u00ec divisiva e la cui elezione richiamerebbe ancora il clamore della stampa sovralocale.<\/p>\n<p style=\"text-align: justify;\">Il Movimento Pro.di.Gio., consapevole che sia pienamente legittimo da parte della maggioranza indicare un suo componente a Presidente del Consiglio, \u00e8 disponibile a condividere l\u2019eventuale designazione del Consigliere Franco Donvito anche in considerazione della sua esperienza maturata nella scorsa legislatura e del largo consenso elettorale conseguito. Si spera che sulle logiche di spartizione politica prevalga il buon senso\u201d.<\/p>\n<div style=\"text-align: right;\" align=\"right\"><strong><span>Movimento Pro.di.Gio.<\/span><\/strong><\/div>\n<div style=\"text-align: right;\" align=\"right\"><strong><span>Progetti di Gioia<\/span><\/strong><\/div>\n<p>&nbsp;<\/p>\n","protected":false},"excerpt":{"rendered":"","protected":false},"author":1,"featured_media":0,"comment_status":"open","ping_status":"closed","sticky":false,"template":"","format":"standard","meta":{"colormag_page_container_layout":"default_layout","colormag_page_sidebar_layout":"default_layout","footnotes":""},"categories":[4],"tags":[],"class_list":["post-61493","post","type-post","status-publish","format-standard","hentry","category-politica"],"_links":{"self":[{"href":"https:\/\/archiviogioia.lavocedelpaese.info\/index.php?rest_route=\/wp\/v2\/posts\/61493","targetHints":{"allow":["GET"]}}],"collection":[{"href":"https:\/\/archiviogioia.lavocedelpaese.info\/index.php?rest_route=\/wp\/v2\/posts"}],"about":[{"href":"https:\/\/archiviogioia.lavocedelpaese.info\/index.php?rest_route=\/wp\/v2\/types\/post"}],"author":[{"embeddable":true,"href":"https:\/\/archiviogioia.lavocedelpaese.info\/index.php?rest_route=\/wp\/v2\/users\/1"}],"replies":[{"embeddable":true,"href":"https:\/\/archiviogioia.lavocedelpaese.info\/index.php?rest_route=%2Fwp%2Fv2%2Fcomments&post=61493"}],"version-history":[{"count":0,"href":"https:\/\/archiviogioia.lavocedelpaese.info\/index.php?rest_route=\/wp\/v2\/posts\/61493\/revisions"}],"wp:attachment":[{"href":"https:\/\/archiviogioia.lavocedelpaese.info\/index.php?rest_route=%2Fwp%2Fv2%2Fmedia&parent=61493"}],"wp:term":[{"taxonomy":"category","embeddable":true,"href":"https:\/\/archiviogioia.lavocedelpaese.info\/index.php?rest_route=%2Fwp%2Fv2%2Fcategories&post=61493"},{"taxonomy":"post_tag","embeddable":true,"href":"https:\/\/archiviogioia.lavocedelpaese.info\/index.php?rest_route=%2Fwp%2Fv2%2Ftags&post=61493"}],"curies":[{"name":"wp","href":"https:\/\/api.w.org\/{rel}","templated":true}]}}