{"id":61548,"date":"2019-07-23T11:21:47","date_gmt":"2019-07-23T11:21:47","guid":{"rendered":"https:\/\/archiviogioia.lavocedelpaese.info\/?p=61548"},"modified":"2019-07-23T11:21:47","modified_gmt":"2019-07-23T11:21:47","slug":"riconoscimento-calamita-naturale-come-richiedere-indennizzo","status":"publish","type":"post","link":"https:\/\/archiviogioia.lavocedelpaese.info\/?p=61548","title":{"rendered":"Riconoscimento calamit\u00e0 naturale. Come richiedere indennizzo"},"content":{"rendered":"<p><a title=\"grandine 4\" href=\"https:\/\/www.flickr.com\/photos\/91470992@N02\/33967137728\/in\/dateposted-public\/\" data-flickr-embed=\"true\"><img loading=\"lazy\" decoding=\"async\" style=\"display: block; margin-left: auto; margin-right: auto;\" src=\"https:\/\/live.staticflickr.com\/65535\/33967137728_5cd5effb5b_z.jpg\" alt=\"grandine 4\" width=\"320\" height=\"240\" \/><\/a><\/p>\n<p><!--more--><\/p>\n<p style=\"text-align: justify;\"><a title=\"danni maltempo\" href=\"https:\/\/www.flickr.com\/photos\/91470992@N02\/48356830441\/in\/dateposted-public\/\" data-flickr-embed=\"true\"><img loading=\"lazy\" decoding=\"async\" style=\"margin: 4px; float: left;\" src=\"https:\/\/live.staticflickr.com\/65535\/48356830441_a03457eca4_z.jpg\" alt=\"danni maltempo\" width=\"400\" height=\"194\" \/><\/a><span>\u201cCon Deliberazione n. 18 del 19\/07\/2019, la Giunta Comunale ha richiesto al Prefetto di Bari e alla Regione Puglia il riconoscimento dello stato di emergenza e dello stato di calamit\u00e0 naturale per i danni conseguenti le avversit\u00e0 atmosferiche che si sono verificate lo scorso mercoled\u00ec 10 luglio.<\/span><\/p>\n<p style=\"text-align: justify;\"><span>All\u2019uopo, il Servizio Comunale di Protezione Civile ha predisposto le schede per poter segnalare i danni subiti dall\u2019evento atmosferico. Eventuali indennizzi e ristori sono in ogni caso subordinati all\u2019effettivo stanziamento di idonei fondi statali o regionali\u201d.<\/span><\/p>\n<p style=\"text-align: right;\" align=\"right\"><strong><span>Comunicato Palazzo Municipale<\/span><\/strong><\/p>\n<div style=\"text-align: justify;\"><span><a href=\"http:\/\/www.comune.gioiadelcolle.ba.it\/wp-content\/uploads\/2019\/07\/delibera-giunta-18-2019.pdf\"><span style=\"color: blue;\">delibera giunta 18-2019<\/span><\/a><\/span><\/div>\n<div style=\"text-align: justify;\"><span><a href=\"http:\/\/www.comune.gioiadelcolle.ba.it\/wp-content\/uploads\/2019\/07\/segnalazione-danni-evento-meteo-del-10-luglio-2019.pdf\"><span style=\"color: blue;\">segnalazione danni evento meteo del 10 luglio 2019<\/span><\/a><\/span><\/div>\n<div style=\"text-align: justify;\"><span><a href=\"http:\/\/www.comune.gioiadelcolle.ba.it\/wp-content\/uploads\/2019\/07\/avversit\u00e0-atmosferiche-del-10.07.19-segnalazione-danni-agricoltura.pdf\"><span style=\"color: blue;\">avversit\u00e0 atmosferiche del 10.07.19 \u2013 segnalazione danni agricoltura<\/span><\/a><\/span><\/div>\n<p>&nbsp;<\/p>\n","protected":false},"excerpt":{"rendered":"","protected":false},"author":1,"featured_media":0,"comment_status":"open","ping_status":"closed","sticky":false,"template":"","format":"standard","meta":{"colormag_page_container_layout":"default_layout","colormag_page_sidebar_layout":"default_layout","footnotes":""},"categories":[8],"tags":[],"class_list":["post-61548","post","type-post","status-publish","format-standard","hentry","category-cronaca"],"_links":{"self":[{"href":"https:\/\/archiviogioia.lavocedelpaese.info\/index.php?rest_route=\/wp\/v2\/posts\/61548","targetHints":{"allow":["GET"]}}],"collection":[{"href":"https:\/\/archiviogioia.lavocedelpaese.info\/index.php?rest_route=\/wp\/v2\/posts"}],"about":[{"href":"https:\/\/archiviogioia.lavocedelpaese.info\/index.php?rest_route=\/wp\/v2\/types\/post"}],"author":[{"embeddable":true,"href":"https:\/\/archiviogioia.lavocedelpaese.info\/index.php?rest_route=\/wp\/v2\/users\/1"}],"replies":[{"embeddable":true,"href":"https:\/\/archiviogioia.lavocedelpaese.info\/index.php?rest_route=%2Fwp%2Fv2%2Fcomments&post=61548"}],"version-history":[{"count":0,"href":"https:\/\/archiviogioia.lavocedelpaese.info\/index.php?rest_route=\/wp\/v2\/posts\/61548\/revisions"}],"wp:attachment":[{"href":"https:\/\/archiviogioia.lavocedelpaese.info\/index.php?rest_route=%2Fwp%2Fv2%2Fmedia&parent=61548"}],"wp:term":[{"taxonomy":"category","embeddable":true,"href":"https:\/\/archiviogioia.lavocedelpaese.info\/index.php?rest_route=%2Fwp%2Fv2%2Fcategories&post=61548"},{"taxonomy":"post_tag","embeddable":true,"href":"https:\/\/archiviogioia.lavocedelpaese.info\/index.php?rest_route=%2Fwp%2Fv2%2Ftags&post=61548"}],"curies":[{"name":"wp","href":"https:\/\/api.w.org\/{rel}","templated":true}]}}