{"id":61551,"date":"2019-07-24T08:46:46","date_gmt":"2019-07-24T08:46:46","guid":{"rendered":"https:\/\/archiviogioia.lavocedelpaese.info\/?p=61551"},"modified":"2019-07-24T08:46:46","modified_gmt":"2019-07-24T08:46:46","slug":"magna-grecia-awards-gala-con-fabio-salvatore-al-castello","status":"publish","type":"post","link":"https:\/\/archiviogioia.lavocedelpaese.info\/?p=61551","title":{"rendered":"\u201cMagna Grecia Awards Gal\u00e0\u201d, con Fabio Salvatore al Castello"},"content":{"rendered":"<p><a title=\"FABIO SALVATORE (1)\" href=\"https:\/\/www.flickr.com\/photos\/91470992@N02\/48364688536\/in\/dateposted-public\/\" data-flickr-embed=\"true\"><img loading=\"lazy\" decoding=\"async\" style=\"display: block; margin-left: auto; margin-right: auto;\" src=\"https:\/\/live.staticflickr.com\/65535\/48364688536_e923781c5d_z.jpg\" alt=\"FABIO SALVATORE (1)\" width=\"320\" height=\"240\" \/><\/a><\/p>\n<p><!--more--><\/p>\n<p style=\"text-align: justify;\"><a title=\"da sx Giovanni Mastrangelo, Lucio Romano, Fabio Salvatore\" href=\"https:\/\/www.flickr.com\/photos\/91470992@N02\/48364688891\/in\/dateposted-public\/\" data-flickr-embed=\"true\"><img loading=\"lazy\" decoding=\"async\" style=\"margin: 4px; float: left;\" src=\"https:\/\/live.staticflickr.com\/65535\/48364688891_0eebd40f56.jpg\" alt=\"da sx Giovanni Mastrangelo, Lucio Romano, Fabio Salvatore\" width=\"400\" height=\"300\" \/><\/a> \u201cL\u2019evento, ideato dallo scrittore <strong>Fabio Salvatore<\/strong> e che avr\u00e0 la partecipazione straordinaria del cantautore siciliano <strong>Giovanni Caccamo<\/strong>, si terr\u00e0 a partire dalle <strong>20.30<\/strong> nell\u2019atrio del <strong>Castello \u00abNormanno \u2013 Svevo\u00bb<\/strong> (ingresso su invito).<\/p>\n<p style=\"text-align: justify;\">Patrocinato dal <strong>Comune di Gioia del Colle<\/strong>, il \u00abMagna Grecia Awards Gal\u00e0\u00bb rientra nel cartellone \u00ab<strong>IOHA(ae)StaS<\/strong>\u00bb, il calendario di eventi promosso dall&#8217;amministrazione comunale, e in particolare dall&#8217;assessorato alla Cultura, per i mesi estivi.<\/p>\n<p style=\"text-align: justify;\">\u00ab<i>E\u2019 una grande gioia ed emozione ospitare quest\u2019evento cos\u00ec importante <\/i>\u2013 ha detto nella conferenza stampa di presentazione il sindaco di Gioia del Colle, <strong>Giovanni Mastrangelo<\/strong> \u2013. <i>Siamo orgogliosi di mettere a disposizione la nostra citt\u00e0 e mi auguro che sia soltanto l\u2019inizio di un cammino e di una collaborazione duratura con Fabio Salvatore<\/i>\u00bb.<\/p>\n<p style=\"text-align: justify;\">\u00ab<i>Sar\u00e0 una manifestazione unica nel suo genere<\/i> \u2013 ha aggiunto l\u2019assessore alla Cultura, <strong>Lucio Romano<\/strong> &#8211; <i>all\u2019interno della quale beneficenza, spettacolo e divulgazione si confonderanno tra loro. Dopo lungo tempo, fin<\/i><a title=\"da sx giovanni mastrangelo angela mastrovito e fabio salvatore\" href=\"https:\/\/www.flickr.com\/photos\/91470992@N02\/48364689136\/in\/dateposted-public\/\" data-flickr-embed=\"true\"><img loading=\"lazy\" decoding=\"async\" style=\"margin: 4px; float: right;\" src=\"https:\/\/live.staticflickr.com\/65535\/48364689136_39188591bf.jpg\" alt=\"da sx giovanni mastrangelo angela mastrovito e fabio salvatore\" width=\"400\" height=\"300\" \/><\/a><i>almente Gioia del Colle torna alla ribalta nazionale, offrendo la magnifica location del suo storico maniero federiciano per una serata memorabile che rimarr\u00e0 nel cuore e nella memoria dei suoi giorni pi\u00f9 belli<\/i>\u00bb.<\/p>\n<p style=\"text-align: justify;\">\u00ab<i>Fa molto piacere accogliere un evento come questo che rientra nell\u2019obiettivo della valorizzazione&nbsp; del nostro Castello<\/i> \u2013 ha detto <strong>Fabio Galeandro<\/strong>, direttore del Castello e del Museo nazionale archeologico di Gioia del Colle <i>\u2013. Per come \u00e8 strutturato, pensato e per quello che significa, ques<\/i><i>to evento si inserisce perfettamente nel nostro castello<\/i>\u00bb.<\/p>\n<p style=\"text-align: justify;\">Il \u00ab<strong>Magna Grecia Awards\u00bb<\/strong>, per il suo consueto <strong><i>Gal\u00e0<\/i><\/strong>, sceglie per la prima volta <strong>\u00abGioiella\u00bb<\/strong>, come <strong><i>unico sostenitore autorevole<\/i><\/strong>, per la sua capacit\u00e0 di trasmettere i valori di un territorio nel mondo che nel \u00abmanifesto valoriale\u00bb del \u00abMagna Grecia Awards\u00bb, rispecchia la sua essenza. Un vero e proprio intreccio narrativo dalla forte caratterizzazione etico, sociale, culturale e solidale.<\/p>\n<p style=\"text-align: justify;\">\u00ab<i>Crediamo fortemente nell\u2019arte<\/i> \u2013 le parole di <strong>Andrea Brandonisio<\/strong> per \u00abGioiella\u00bb \u2013 <i>e quindi abbiamo voluto sostener<\/i><a title=\"da sx andrea brandonisio, giovanni mastrangelo e fabio salvatore\" href=\"https:\/\/www.flickr.com\/photos\/91470992@N02\/48364689281\/in\/dateposted-public\/\" data-flickr-embed=\"true\"><img loading=\"lazy\" decoding=\"async\" style=\"margin: 4px; float: left;\" src=\"https:\/\/live.staticflickr.com\/65535\/48364689281_5b4a55f7a0.jpg\" alt=\"da sx andrea brandonisio, giovanni mastrangelo e fabio salvatore\" width=\"400\" height=\"300\" \/><\/a><i>e questa iniziativa perch\u00e9 \u00e8 palcoscenico, \u00e8 vetrina di valorizzazione dei talenti del territorio, che \u00e8 la mission della nostra azienda fortemente ancorata a una volont\u00e0 di pro<\/i><i>mozione dell\u2019eccellenza e della territorialit\u00e0<\/i>\u00bb.<\/p>\n<p style=\"text-align: justify;\">Il \u00abMagna Grecia Awards\u00bb torna a Gioia del Colle grazie dall\u2019incontro con la <strong>Galleria Nartist<\/strong>, che propone un nuovo modo di vivere l\u2019arte come esperienza quotidiana, con la piena volont\u00e0 di legarsi a una intensa narrazione territoriale e valoriale.<\/p>\n<p style=\"text-align: justify;\">\u00ab<i>Nel dna di Nartist c\u2019\u00e8 volont\u00e0 di creare sinergia per produrre valore<\/i> \u2013 ha detto per Nartist <strong>Gianfranco Nicastri<\/strong> \u2013. <i>Nartist \u00e8 una tela dove possiamo dipingere e realizzare qualsiasi sogno. \u00c8 una sinergia collaborativa per sostenere l\u2019arte e la cultura<\/i>\u00bb.<\/p>\n<p style=\"text-align: justify;\">Nel corso del Gal\u00e0 saranno premiati nomi autorevoli della comunicazione, del sociale, della cultura italiana, sar\u00e0 dato nome e volto al presidente onorario del \u00abMagna Grecia Awards\u00bb e la serata si concluder\u00e0 con il concerto finale di Giovanni Caccamo. Ci sar\u00e0 inoltre una installazione sorprendente di Nartist e dei mome<a title=\"MGA GALA 2019 _ LOCANDINA (1)\" href=\"https:\/\/www.flickr.com\/photos\/91470992@N02\/48364688546\/in\/dateposted-public\/\" data-flickr-embed=\"true\"><img loading=\"lazy\" decoding=\"async\" style=\"margin: 4px; float: right;\" src=\"https:\/\/live.staticflickr.com\/65535\/48364688546_75e063e0aa_b.jpg\" alt=\"MGA GALA 2019 _ LOCANDINA (1)\" width=\"300\" height=\"437\" \/><\/a>nti di balletto curati da <strong>Angela Mastrovito<\/strong>, direttore creativo di \u00abMagna Grecia Awards\u00bb che dice: \u00ab<i>Sono onorata di far parte del team e di aiutare nella parte creativa perch\u00e9 questo mi consente di tornare a casa, alle mie origini gioiesi nel segno di una volont\u00e0 continua di valorizzazione delle radici e del territorio<\/i>\u00bb.<\/p>\n<p style=\"text-align: justify;\">\u00ab<i>Vogliamo mettere insieme i talenti del territorio in sinergia con i talenti nazionali e fare una comunicazione che parte del territorio per arrivare a una dimensione nazionale<\/i> \u2013 ha spiegato <strong>Fabio Salvatore<\/strong> \u2013. <i>Quest\u2019anno torniamo a Gioia del Colle per rimanerci<\/i>\u00bb.<\/p>\n<p style=\"text-align: justify;\">Il direttore artistico di \u00abMagna Grecia Awards\u00bb ha annunciato in conferenza stampa che l\u2019edizione 2020 dell\u2019evento si terr\u00e0 a Gioia il 23 maggio prossimo e che il progetto \u00e8 quello di realizzare a Gioia tre edizioni della manifestazione fino alla 25ma edizione del 2022 che, come da statuto, deve tenersi in una citt\u00e0 federiciana.<\/p>\n<p style=\"text-align: justify;\">\u00ab<i>Siamo figli della Magna Grecia e di Federico II<\/i> \u2013 ha aggiunto Fabio Salvatore \u2013 <i>spesso lo dimentichiamo, perch\u00e9 abbiamo una carta di valori dentro di noi che molte volte cancelliamo. Non riusciamo a dipingere le tele della nostra anima perch\u00e9 non vogliamo farlo, ma occorre ricordarci da dove veniamo e a chi apparteniamo per dipingere di valori e di identit\u00e0 le nostre vite. Il \u00abMagna G<\/i><i>recia Awards\u00bb \u00e8 un progetto che ha fatto dei valori della bellezza e dell\u2019identit\u00e0 il proprio focus. Di qui l\u2019incontro naturale con Nartist e con Gioiella. Perch\u00e9 le cose le puoi fare solo se hai la forza economica che \u00e8 data da imprenditori lungimiranti e con una filosofia etica fortemente ancorata ai valori, alla identit\u00e0, alla valorizzazione del territorio e delle sue eccellenze<\/i>\u00bb.<\/p>\n<p style=\"text-align: right;\"><strong><span style=\"font-size: 12pt; font-family: 'Times New Roman', 'serif';\">UFFICIO STAMPA TERRITORIALE<\/span><\/strong><span style=\"font-size: 12pt; font-family: 'Times New Roman', 'serif';\"> <strong>\u201cMAGNA GRECIA AWARDS GALA&#8217;\u201d<\/strong><\/span><\/p>\n","protected":false},"excerpt":{"rendered":"","protected":false},"author":1,"featured_media":0,"comment_status":"open","ping_status":"closed","sticky":false,"template":"","format":"standard","meta":{"colormag_page_container_layout":"default_layout","colormag_page_sidebar_layout":"default_layout","footnotes":""},"categories":[7],"tags":[],"class_list":["post-61551","post","type-post","status-publish","format-standard","hentry","category-attualita"],"_links":{"self":[{"href":"https:\/\/archiviogioia.lavocedelpaese.info\/index.php?rest_route=\/wp\/v2\/posts\/61551","targetHints":{"allow":["GET"]}}],"collection":[{"href":"https:\/\/archiviogioia.lavocedelpaese.info\/index.php?rest_route=\/wp\/v2\/posts"}],"about":[{"href":"https:\/\/archiviogioia.lavocedelpaese.info\/index.php?rest_route=\/wp\/v2\/types\/post"}],"author":[{"embeddable":true,"href":"https:\/\/archiviogioia.lavocedelpaese.info\/index.php?rest_route=\/wp\/v2\/users\/1"}],"replies":[{"embeddable":true,"href":"https:\/\/archiviogioia.lavocedelpaese.info\/index.php?rest_route=%2Fwp%2Fv2%2Fcomments&post=61551"}],"version-history":[{"count":0,"href":"https:\/\/archiviogioia.lavocedelpaese.info\/index.php?rest_route=\/wp\/v2\/posts\/61551\/revisions"}],"wp:attachment":[{"href":"https:\/\/archiviogioia.lavocedelpaese.info\/index.php?rest_route=%2Fwp%2Fv2%2Fmedia&parent=61551"}],"wp:term":[{"taxonomy":"category","embeddable":true,"href":"https:\/\/archiviogioia.lavocedelpaese.info\/index.php?rest_route=%2Fwp%2Fv2%2Fcategories&post=61551"},{"taxonomy":"post_tag","embeddable":true,"href":"https:\/\/archiviogioia.lavocedelpaese.info\/index.php?rest_route=%2Fwp%2Fv2%2Ftags&post=61551"}],"curies":[{"name":"wp","href":"https:\/\/api.w.org\/{rel}","templated":true}]}}