{"id":61574,"date":"2019-07-27T08:25:25","date_gmt":"2019-07-27T08:25:25","guid":{"rendered":"https:\/\/archiviogioia.lavocedelpaese.info\/?p=61574"},"modified":"2019-07-27T08:25:25","modified_gmt":"2019-07-27T08:25:25","slug":"ancora-problemi-e-paura-alle-giostrine-di-piazza-pinto","status":"publish","type":"post","link":"https:\/\/archiviogioia.lavocedelpaese.info\/?p=61574","title":{"rendered":"Ancora problemi e paura alle giostrine di Piazza Pinto"},"content":{"rendered":"<p><a href=\"https:\/\/imgbb.com\/\"><img loading=\"lazy\" decoding=\"async\" style=\"display: block; margin-left: auto; margin-right: auto;\" src=\"https:\/\/i.ibb.co\/G2wmRtB\/doc1-1.jpg\" alt=\"doc1-1\" width=\"320\" height=\"240\" \/><\/a><\/p>\n<p><!--more--><\/p>\n<p style=\"text-align: justify;\"><a href=\"https:\/\/ibb.co\/DC8C6JH\"><img loading=\"lazy\" decoding=\"async\" style=\"margin: 4px; float: left;\" src=\"https:\/\/i.ibb.co\/G2t2164\/doc6-1.jpg\" alt=\"doc6-1\" width=\"400\" height=\"300\" \/><\/a> <strong>Nella serata del 26 luglio<\/strong> in piazza Pinto si \u00e8 sfiorata la tragedia: <strong>il gancio di una delle altalene si \u00e8 staccato da perno<\/strong>, il bimbo di sei anni che vi era sopra fortunatamente non si \u00e8 fatto male. <strong>La denuncia \u00e8 stata pubblicata<\/strong> su \u201cSei di Gioia del Colle se\u2026\u201d <strong>da una mamma, Angela C.<\/strong><\/p>\n<p style=\"text-align: justify;\">\u201cQuesta volta non \u00e8 opera dei soliti vandali&#8230;.ieri sera a Piazza Pinto mentre un bimbo di 6 anni stava iniziando ad utilizzare l&#8217;altalena, un gancio si \u00e8 improvvisamente staccato&#8230; <strong>per poco non \u00e8 caduto il grosso perno di metallo in t<\/strong><strong>esta al bambino<\/strong>, altrimenti chiss\u00e0 le conseguenze. Purtroppo questa tragedia sfiorata \u00e8 <strong>causa della cattiva manutenzione dell&#8217;area pubblica<\/strong>&#8230; Io come madre che porta spesso i propri figli al parco giochi, <strong>chiederei alla nuova amministrazione comunale<\/strong>, onde evitare che altri bambini possano rischiare di farsi molto male, di <strong>visionare periodicamente l&#8217;agibilit\u00e0 delle giostrine<\/strong> dei bambini nei vari parchi pubblici del paese.\u201d<\/p>\n<p style=\"text-align: justify;\">\u201cVi posso dire che ogni giorno stiamo facendo interventi di manutenzione su tutti i parchi della citt\u00e0 ed \u00e8 una &#8220;lotta&#8221; continua . <strong>Per ogni giostrina riparata<\/strong> &#8211; <strong>risponde il sindaco Johnny Mastrangelo<\/strong> &#8211; <strong>ce ne sono due che vengono rotte<\/strong>. Purtroppo \u00e8 una triste considerazione ma posso dire che non tutti amano la propria citt\u00e0. Non importa, costoro rimarranno sempre minoranza. Vi garantisco che appena partir\u00e0 la videosorveglianza, per gli incivili di ogni et\u00e0 non ci saranno sconti. Intanto grazie per la segnalazione. <strong>Luned\u00ec la giostrina sar\u00e0 riparata<\/strong>.\u201d<\/p>\n<p style=\"text-align: justify;\">\u201c<strong>Non \u00e8 mia intenzione polemizzare<\/strong> con la nuova amministrazione che certamente non pu\u00f2 risolvere i problemi di un paese in un giorno solo. Ed ho anche la consapevolezza &#8211; <strong>precisa la signora<\/strong> &#8211; che molti bambini usano le attrezzature in <a href=\"https:\/\/ibb.co\/18BP55r\"><img loading=\"lazy\" decoding=\"async\" style=\"margin: 4px; float: right;\" src=\"https:\/\/i.ibb.co\/vZfTGG3\/giostrine-giardini-Paolo-VI.jpg\" alt=\"giostrine-giardini-Paolo-VI\" width=\"400\" height=\"300\" \/><\/a>modo errato ed incivile&#8230; molti ma NON TUTTI, a discapito anche di chi invece viene educato al rispetto di cose e persone. <strong>Il mio \u00e8 un appunto in virt\u00f9 dell&#8217;uso<\/strong> improprio di molti e soprattutto dell&#8217;uso <strong>che ne fanno molti ragazzi adulti nel cuore della notte senza che nessuna forza dell&#8217;ordine abbia mai vigilato<\/strong>, sarebbe opportuno per il bene di tutti i bambini innocenti che le attrezzature fossero visionare periodicamente&#8230; niente di pi\u00f9. <strong>Stamattina ho anche avvisato l&#8217;amministrazione comunale dell&#8217;accaduto<\/strong> ma senza nessuna polemica&#8230; <strong>l&#8217;altalena \u00e8 stata ripristinata<\/strong> <strong>e speriamo che ci siano<\/strong> in futuro bambini e adulti pi\u00f9 rispettosi del bene comune ma comunque <strong>persone idonee a vigilare e mettere in sicurezza quando e dove serve<\/strong>.\u201d<\/p>\n<p style=\"text-align: justify;\">Quella della manutenzione delle giostrine nei nostri parchi o giardini o piazze che siano, e dei vandali che vi circolano, \u00e8 <strong>una querelle che ha interessato tutte le amministrazioni<\/strong>. Tanto \u00e8 vero che chi le contestava o accusava di scarso interessamento, una volta sostituitisi a loro, nel gestire la \u201ccosa pubblica\u201d, si sono ritrovati di fronte ad una realt\u00e0 non facile da gestire, al punto da utilizzare (senza rendersene conto?), a propria difesa, le stesse argomentazioni di chi ieri criticava aspramente.<\/p>\n<p style=\"text-align: justify;\"><strong>A tale scopo<\/strong>, per la serie, corsi e ricorsi storici, <strong>alleghiamo<\/strong> in calce i link di <strong>alcuni nostri articoli che hanno trattato questo argomento<\/strong>. Buona lettura, a tutti..<\/p>\n<div style=\"text-align: justify;\"><span><a href=\"cronaca\/10931-atti-vandalici-alle-giostrine-del-giardino-di-paolo-vi-.html\">ATTI VANDALICI ALLE GIOSTRINE DEL GIARDINO DI PAOLO VI<\/a><\/span><\/div>\n<div style=\"text-align: justify;\"><span><a href=\"cronaca\/12269-vandali-e-incuria-distruggono-giostrine-piazza-cinecitta-foto-.html\">VANDALI E INCURIA DISTRUGGONO GIOSTRINE PIAZZA CINECITT\u00c0-foto <\/a><\/span><\/div>\n<div style=\"text-align: justify;\"><span><a href=\"cronaca\/13264-riparazione-giostrine-giardini-la-querelle-sui-social.html\">RIPARAZIONE GIOSTRINE GIARDINI. LA QUERELLE SUI SOCIAL<\/a><\/span><\/div>\n<div style=\"text-align: justify;\"><span><a href=\"cronaca\/7392-ladri-di-piante-e-vandali-in-azione-in-piazza-garibaldi-foto.html\">LADRI DI PIANTE E VANDALI IN AZIONE IN PIAZZA \u2018GARIBALDI\u2019-foto<\/a><\/span><\/div>\n<div style=\"text-align: justify;\"><span><a href=\"cronaca\/7519-piazza-xx-settembre-bambino-rischia-di-essere-travolto.html\">PIAZZA XX SETTEMBRE. BAMBINO RISCHIA DI ESSERE TRAVOLTO<\/a><\/span><\/div>\n<div style=\"text-align: justify;\"><span><a href=\"cronaca\/12310-bulli-e-vandali-mamme-coraggiose-si-ribellano.html\">BULLI E VANDALI. MAMME CORAGGIOSE SI RIBELLANO<\/a><\/span><\/div>\n<p>&nbsp;<\/p>\n","protected":false},"excerpt":{"rendered":"","protected":false},"author":1,"featured_media":0,"comment_status":"open","ping_status":"closed","sticky":false,"template":"","format":"standard","meta":{"colormag_page_container_layout":"default_layout","colormag_page_sidebar_layout":"default_layout","footnotes":""},"categories":[8],"tags":[],"class_list":["post-61574","post","type-post","status-publish","format-standard","hentry","category-cronaca"],"_links":{"self":[{"href":"https:\/\/archiviogioia.lavocedelpaese.info\/index.php?rest_route=\/wp\/v2\/posts\/61574","targetHints":{"allow":["GET"]}}],"collection":[{"href":"https:\/\/archiviogioia.lavocedelpaese.info\/index.php?rest_route=\/wp\/v2\/posts"}],"about":[{"href":"https:\/\/archiviogioia.lavocedelpaese.info\/index.php?rest_route=\/wp\/v2\/types\/post"}],"author":[{"embeddable":true,"href":"https:\/\/archiviogioia.lavocedelpaese.info\/index.php?rest_route=\/wp\/v2\/users\/1"}],"replies":[{"embeddable":true,"href":"https:\/\/archiviogioia.lavocedelpaese.info\/index.php?rest_route=%2Fwp%2Fv2%2Fcomments&post=61574"}],"version-history":[{"count":0,"href":"https:\/\/archiviogioia.lavocedelpaese.info\/index.php?rest_route=\/wp\/v2\/posts\/61574\/revisions"}],"wp:attachment":[{"href":"https:\/\/archiviogioia.lavocedelpaese.info\/index.php?rest_route=%2Fwp%2Fv2%2Fmedia&parent=61574"}],"wp:term":[{"taxonomy":"category","embeddable":true,"href":"https:\/\/archiviogioia.lavocedelpaese.info\/index.php?rest_route=%2Fwp%2Fv2%2Fcategories&post=61574"},{"taxonomy":"post_tag","embeddable":true,"href":"https:\/\/archiviogioia.lavocedelpaese.info\/index.php?rest_route=%2Fwp%2Fv2%2Ftags&post=61574"}],"curies":[{"name":"wp","href":"https:\/\/api.w.org\/{rel}","templated":true}]}}