{"id":61583,"date":"2019-07-26T07:21:32","date_gmt":"2019-07-26T07:21:32","guid":{"rendered":"https:\/\/archiviogioia.lavocedelpaese.info\/?p=61583"},"modified":"2019-07-26T07:21:32","modified_gmt":"2019-07-26T07:21:32","slug":"lavoro-nero-e-ass-capurso-la-bottega-chiede-pubblica-smentita-2","status":"publish","type":"post","link":"https:\/\/archiviogioia.lavocedelpaese.info\/?p=61583","title":{"rendered":"Lavoro nero e ass. Capurso. \u201cLa Bottega\u201d chiede pubblica smentita"},"content":{"rendered":"<p><a title=\"carabinieri bari\" href=\"https:\/\/www.flickr.com\/photos\/91470992@N02\/48380637361\" data-flickr-embed=\"true\"><img loading=\"lazy\" decoding=\"async\" style=\"display: block; margin-left: auto; margin-right: auto;\" src=\"https:\/\/live.staticflickr.com\/65535\/48380637361_f4fcb0bc35_o.jpg\" alt=\"carabinieri bari\" width=\"320\" height=\"240\" \/><\/a><\/p>\n<p><!--more--><\/p>\n<p style=\"margin-bottom: 0.0001pt; line-height: normal; text-align: justify;\"><a title=\"ispettori del lavoro\" href=\"https:\/\/www.flickr.com\/photos\/91470992@N02\/48380771077\/in\/photostream\/\" data-flickr-embed=\"true\"><img loading=\"lazy\" decoding=\"async\" style=\"margin: 4px; float: left;\" src=\"https:\/\/live.staticflickr.com\/65535\/48380771077_1b525f6b5f.jpg\" alt=\"ispettori del lavoro\" width=\"400\" height=\"240\" \/><\/a><span>\u201cLa denuncia a due imprenditori agricoli gioiesi per il reato di sfruttamento del lavoro (con annesse violazioni delle norme di sicurezza, salute e previdenza), ai danni di un cittadino indiano, con regolare permesso di soggiorno, <strong>non poteva non richiamare alla nostra memoria le affermazioni dell\u2019assessore locale all\u2019agricoltura, Filippo Capurso, in quota lega<\/strong>.<\/span><\/p>\n<p style=\"margin-bottom: 0.0001pt; line-height: normal; text-align: justify;\"><span>In un\u2019intervista del 10 luglio scorso, aveva dichiarato \u201cumanamente impossibile\u201d che <\/span><span>gli imprenditori o datori di lavoro, possano\u201caddirittura\u201d rischiare la galera<span>, come previsto dalla legge \u201cdi sinistra\u201d<\/span> contro il caporalato.<\/span><\/p>\n<p style=\"margin-bottom: 0.0001pt; line-height: normal; text-align: justify;\"><span>Ora l\u2019operazione dei CC \u00e8 evidentemente solo <strong>la punta di un iceberg di una situazione che non pu\u00f2 pi\u00f9 passare sotto silenzio<\/strong>, rispetto alla quale anche un\u2019amministrazione <strong>locale dovrebbe prendere posizione<\/strong>, partendo da una pubblica smentita delle dichiarazioni del suo assessore\u201d.<\/span><\/p>\n<p style=\"margin-bottom: 0.0001pt; text-align: right; line-height: normal;\" align=\"right\"><strong><span>Uff. Comunicazione Citt\u00e0 di tutti \u2013 La Bottega<\/span><\/strong><\/p>\n<p>&nbsp;<\/p>\n","protected":false},"excerpt":{"rendered":"","protected":false},"author":1,"featured_media":0,"comment_status":"open","ping_status":"closed","sticky":false,"template":"","format":"standard","meta":{"colormag_page_container_layout":"default_layout","colormag_page_sidebar_layout":"default_layout","footnotes":""},"categories":[4],"tags":[],"class_list":["post-61583","post","type-post","status-publish","format-standard","hentry","category-politica"],"_links":{"self":[{"href":"https:\/\/archiviogioia.lavocedelpaese.info\/index.php?rest_route=\/wp\/v2\/posts\/61583","targetHints":{"allow":["GET"]}}],"collection":[{"href":"https:\/\/archiviogioia.lavocedelpaese.info\/index.php?rest_route=\/wp\/v2\/posts"}],"about":[{"href":"https:\/\/archiviogioia.lavocedelpaese.info\/index.php?rest_route=\/wp\/v2\/types\/post"}],"author":[{"embeddable":true,"href":"https:\/\/archiviogioia.lavocedelpaese.info\/index.php?rest_route=\/wp\/v2\/users\/1"}],"replies":[{"embeddable":true,"href":"https:\/\/archiviogioia.lavocedelpaese.info\/index.php?rest_route=%2Fwp%2Fv2%2Fcomments&post=61583"}],"version-history":[{"count":0,"href":"https:\/\/archiviogioia.lavocedelpaese.info\/index.php?rest_route=\/wp\/v2\/posts\/61583\/revisions"}],"wp:attachment":[{"href":"https:\/\/archiviogioia.lavocedelpaese.info\/index.php?rest_route=%2Fwp%2Fv2%2Fmedia&parent=61583"}],"wp:term":[{"taxonomy":"category","embeddable":true,"href":"https:\/\/archiviogioia.lavocedelpaese.info\/index.php?rest_route=%2Fwp%2Fv2%2Fcategories&post=61583"},{"taxonomy":"post_tag","embeddable":true,"href":"https:\/\/archiviogioia.lavocedelpaese.info\/index.php?rest_route=%2Fwp%2Fv2%2Ftags&post=61583"}],"curies":[{"name":"wp","href":"https:\/\/api.w.org\/{rel}","templated":true}]}}