{"id":61754,"date":"2019-08-22T09:19:05","date_gmt":"2019-08-22T09:19:05","guid":{"rendered":"https:\/\/archiviogioia.lavocedelpaese.info\/?p=61754"},"modified":"2019-08-22T09:19:05","modified_gmt":"2019-08-22T09:19:05","slug":"ribalta-gaia-torna-in-estate-con-suoni-e-paroleqfoto-2","status":"publish","type":"post","link":"https:\/\/archiviogioia.lavocedelpaese.info\/?p=61754","title":{"rendered":"Ribalta Gaia torna in estate con \u201cSuoni e parole&#8221;\/foto"},"content":{"rendered":"<p><a title=\"67911318_2413942608885360_810863497335275520_o\" href=\"https:\/\/www.flickr.com\/photos\/91470992@N02\/48599447822\/in\/dateposted-public\/\" data-flickr-embed=\"true\"><img loading=\"lazy\" decoding=\"async\" style=\"display: block; margin-left: auto; margin-right: auto;\" src=\"https:\/\/live.staticflickr.com\/65535\/48599447822_4fdaae866d_z.jpg\" alt=\"67911318_2413942608885360_810863497335275520_o\" width=\"320\" height=\"240\" \/><\/a><\/p>\n<p><!--more--><\/p>\n<p style=\"margin-bottom: 0.0001pt; line-height: normal; text-align: justify;\"><a title=\"68994681_2413945508885070_5985951140829724672_o\" href=\"https:\/\/www.flickr.com\/photos\/91470992@N02\/48599444587\/in\/dateposted-public\/\" data-flickr-embed=\"true\"><img loading=\"lazy\" decoding=\"async\" style=\"margin: 4px; float: left;\" src=\"https:\/\/live.staticflickr.com\/65535\/48599444587_21168e7fac_z.jpg\" alt=\"68994681_2413945508885070_5985951140829724672_o\" width=\"400\" height=\"225\" \/><\/a> <strong>\u201cSuoni e parole<\/strong>&#8220;, dopo l\u2019esordio in primavera al Rossini in un matin\u00e8e dedicato agli studenti del Liceo Classico P. Virgilio Marone e dell\u2019Itis Galilei, torna l\u201911 agosto sul piazzale del teatro, al cospetto di un pubblico vario e numeroso.<\/p>\n<p style=\"margin-bottom: 0.0001pt; line-height: normal; text-align: justify;\">A proporre la piece \u201c<strong>Ribalta Gaia<\/strong>\u201d associazione teatrale di <strong>Filippo Masi<\/strong> che tanti talenti ha forgiato in questi anni: ricordiamo l\u2019attore <strong>Andrea Bellacicco<\/strong> e l\u2019attore-regista <strong>Davide Gasparro<\/strong>.<\/p>\n<p style=\"margin-bottom: 0.0001pt; line-height: normal; text-align: justify;\">Insieme a Filippo che ha aperto e chiuso la serata con due monologhi, il primo di Giorgio Gaber e il secondo di Stefano Benni, due giovani attori: <strong>Marianna Liotino<\/strong> e <strong>Gianluca Bellacicco<\/strong>. Sono loro ad aver interpretato con estrema bravura &#8211; recitando e danzando con emozione -, il testo costruito da<a title=\"68395166_2413946038885017_3675323409199267840_o\" href=\"https:\/\/www.flickr.com\/photos\/91470992@N02\/48599307861\/in\/dateposted-public\/\" data-flickr-embed=\"true\"><img loading=\"lazy\" decoding=\"async\" style=\"margin: 4px; float: right;\" src=\"https:\/\/live.staticflickr.com\/65535\/48599307861_9c2e8f0af2_z.jpg\" alt=\"68395166_2413946038885017_3675323409199267840_o\" width=\"400\" height=\"225\" \/><\/a> Masi attingendo a grandi del teatro dell\u2019assurdo come <span>Samuel Beckett, Jean Tardieu, Eug\u00e8ne Ionesco, Arthur Adamov e Georges Schehad\u00e9<\/span>, una passione indotta dai laboratori teatrali realizzati con il regista <strong>Danilo Giuva<\/strong> della Compagnia Licia Lanera di Bari.<\/p>\n<p style=\"margin-bottom: 0.0001pt; line-height: normal; text-align: justify;\">A scandire i tempi teatrali e le coreografie con musiche di Einaudi, Gipsy Kings, Paco De Lucia i musicisti <strong>Pasquale Petrera<\/strong> alla chitarra e sua figlia <strong>Giorgia<\/strong> al clarinetto ed alla tastiera. L\u2019ultimo bellissimo brano \u201cUn albero blu\u201d su cui si \u00e8 chiusa la kermesse mentre i due attori danzavano esprimendo la pi\u00f9 totale, disperata solitudine di chi vive insieme senza comprendersi, incapace di costruire una relazione, \u00e8 stato composto da Pasquale e dedicato a Pietro Argento.<\/p>\n<p style=\"margin-bottom: 0.0001pt; line-height: normal; text-align: justify;\">All\u2019inizio, dopo la lettura di \u201cSecondo me la donna\u201d, riflessioni ironiche e dissacranti dell\u2019i<a title=\"68792198_2413943948885226_6788349343523930112_o\" href=\"https:\/\/www.flickr.com\/photos\/91470992@N02\/48599444502\/in\/dateposted-public\/\" data-flickr-embed=\"true\"><img loading=\"lazy\" decoding=\"async\" style=\"margin: 4px; float: left;\" src=\"https:\/\/live.staticflickr.com\/65535\/48599444502_94ffc733e1_z.jpg\" alt=\"68792198_2413943948885226_6788349343523930112_o\" width=\"400\" height=\"225\" \/><\/a>ndimenticato Giorgio Gaber lette da Filippo Masi, i due attori si sono alzati e nella minimale scenografia allestita sul piazzale &#8211; un tavolo e due sedie -, e nella dissolvente melodia del clarinetto hanno dato vita alle distopie della vita di coppia di una coppia di estranei che coppia non \u00e8\u2026 o forse s\u00ec?<\/p>\n<p style=\"margin-bottom: 0.0001pt; line-height: normal; text-align: justify;\">Tanti e profondi i temi trattati: genocidio, globalizzazione, letteratura, alternati a banalit\u00e0 quali il traffico, il ritardo, quotidiane attivit\u00e0 in cucina&#8230; <strong>Una delle caratteristiche pi\u00f9 particolari della p<\/strong><strong>erformance \u00e8 il distacco dalla razionalit\u00e0.<\/strong> <strong>La drammaturgia si connota per la sua surreale illogicit\u00e0 il rifiuto di un linguaggio \u201cnormale\u201d, l\u2019alternanza di toni anch\u2019essi distopici e distanti<\/strong>.&nbsp;<\/p>\n<p style=\"margin-bottom: 0.0001pt; line-height: normal; text-align: justify;\">Gli eventi &#8211; apparentemente senza alcun significato &#8211; come funamboli inseguono una inconsistente traccia. Gli stessi dialoghi &#8211; non sense,, ripetitivi, serrati -, nascondono verit\u00e0 essenziali nella loro follia. <strong>La parola si disarticola, l\u2019assurdit\u00e0 diviene ordinaria, l\u2019anormale paradossalmente trova spazio nella quotidianit\u00e0 di luoghi comuni altrettanto ripetitivi, che si perdono nel nulla<\/strong>.<a title=\"68398444_2413943792218575_8079160824708464640_o\" href=\"https:\/\/www.flickr.com\/photos\/91470992@N02\/48599307531\/in\/dateposted-public\/\" data-flickr-embed=\"true\"><img loading=\"lazy\" decoding=\"async\" style=\"margin: 4px; float: right;\" src=\"https:\/\/live.staticflickr.com\/65535\/48599307531_deb19e1809_z.jpg\" alt=\"68398444_2413943792218575_8079160824708464640_o\" width=\"400\" height=\"225\" \/><\/a><\/p>\n<p style=\"margin-bottom: 0.0001pt; line-height: normal; text-align: justify;\">\u201cCerto, un po\u2019 di ansia c\u2019\u00e8 sempre ed \u00e8 anche utile\u2026 &#8211; confessano Marianna e Gianluca che con Masi hanno portato in scena altre rappresentazioni nonostante la giovane et\u00e0 -. Interpretare \u201cSuoni e parole\u201d ci ha divertito, nella follia abbiamo ritrovato quella libert\u00e0 che talvolta resta inespressa. Abbiamo curato ogni dettaglio, gli stessi costumi scoordinati canotta, bretelle, giacca lunga, eleganza e sciatteria, tendevano a creare un senso di comicit\u00e0 e di follia espressa non solo con frasi senza senso, ma con cambi di voce e tono\u2026 Questo genere teatrale \u00e8 complesso che richiede seriet\u00e0 mentale e una apertura notevole, ci si ritrova a fare qualcosa che non immagineresti mai\u2026\u201d<\/p>\n<p style=\"margin-bottom: 0.0001pt; line-height: normal; text-align: justify;\">Gianluca interpreta un personaggio aperto, estroverso, che non ha paura di dire quel che pensa, Marianna lo \u00e8 gi\u00e0 nella vita, deve solo esagerare\u2026 restando legata ad una trama ben precisa,<\/p>\n<p style=\"margin-bottom: 0.0001pt; line-height: normal; text-align: justify;\">\u201c<strong>E\u2019 uno spettacolo che tocca, arriva a t<\/strong><a title=\"68473219_2413943415551946_8313781367531896832_o\" href=\"https:\/\/www.flickr.com\/photos\/91470992@N02\/48599445742\/in\/dateposted-public\/\" data-flickr-embed=\"true\"><img loading=\"lazy\" decoding=\"async\" style=\"margin: 4px; float: left;\" src=\"https:\/\/live.staticflickr.com\/65535\/48599445742_f03c817ff6_z.jpg\" alt=\"68473219_2413943415551946_8313781367531896832_o\" width=\"400\" height=\"225\" \/><\/a><strong>utti<\/strong>\u2026 Ciascuno vi ha trovato quel pizzico di follia che ha dentro, ed in esso si riconosce, ritrova amplificate le distopie della quotidianit\u00e0.\u201d<\/p>\n<p style=\"margin-bottom: 0.0001pt; line-height: normal; text-align: justify;\">Il &#8220;Teatro dell&#8217;assurdo&#8221; ha aperto nuovi orizzonti a Filippo Masi che per oltre venti anni ha portato in scena Edoardo De Filippo.<\/p>\n<p style=\"margin: 0cm 0cm 0.0001pt; text-align: justify;\">\u201cE\u2019 uno spettacolo nel quale si costruisce un legame continuo con tutto ci\u00f2 che \u00e8 attuale, che si attua, appunto, nel tempo in cui viviamo, contemporaneamente al nostro esistere. L&#8217;idea di scrivere questo spettacolo &#8211; confessa il regista &#8211; esperienza nuova per me, \u00e8 scaturita dalla frequentazione di un laboratorio teatrale che mi ha permesso di apprezzare quei dialoghi ripetitivi e serrati capaci di suscitare il sorriso ma anche riflessioni profonde sul senso tragico del dramma che ogni coppia vive ogni giorno. Pasquale e Giorgia hanno interpretato alla perfezione ritmi e persino <a title=\"67831669_2413942892218665_1127577400809357312_o\" href=\"https:\/\/www.flickr.com\/photos\/91470992@N02\/48599310551\/in\/dateposted-public\/\" data-flickr-embed=\"true\"><img loading=\"lazy\" decoding=\"async\" style=\"margin: 4px; float: right;\" src=\"https:\/\/live.staticflickr.com\/65535\/48599310551_97d8014372_z.jpg\" alt=\"67831669_2413942892218665_1127577400809357312_o\" width=\"400\" height=\"225\" \/><\/a>isterie\u2026\u201d<\/p>\n<p style=\"margin: 0cm 0cm 0.0001pt; text-align: justify;\">L\u2019assessore alla Cultura <strong>Lucio Romano<\/strong> nel suo saluto ha ringraziato Pippo Masi e i due attori per aver animato una serata ed uno spazio culturale con tanta generosit\u00e0, ha poi ricordato che Pasquale Petrera \u00e8 un musicista autodidatta suona ben otto strumenti tra i quali chitarra, chitarra benjo, benjo cinque corde, benjo tenore e chitarra hawaiana ed ha fatto parte di numerose band musicali, esibendosi anche a Dallas in Texas in occasione di un concerto con il noto chitarrista blues Doc Wottson. Giorgia Petrera, diplomata con il massimo dei voti presso l\u2019Istituto don Lorenzo Milani di Acquaviva in clarinetto e pianoforte, attualmente studia al conservatorio Nino Rota di Monopoli seguendo i corsi di tecnico audio. Dopo essersi esibita nel Teatro san Carlo di Napoli, all\u2019interno della basilica di san Marco in Venezia e con l\u2019orchestra giovanile di Bari. <strong>[Foto Mario Di Giuseppe<\/strong>]<\/p>\n<p><strong>Per visualizzare la gallery<\/strong> cliccare sulla foto qui sotto:<\/p>\n<p><a title=\"Gioia del Colle: Ribalta Gaia con &quot;Suoni e parole&quot;\" href=\"https:\/\/www.flickr.com\/photos\/91470992@N02\/albums\/72157710486321566\" data-flickr-embed=\"true\"><img loading=\"lazy\" decoding=\"async\" src=\"https:\/\/live.staticflickr.com\/65535\/48599308421_5067d32b6e_z.jpg\" alt=\"Gioia del Colle: Ribalta Gaia con &quot;Suoni e parole&quot;\" width=\"640\" height=\"360\" \/><\/a><\/p>\n","protected":false},"excerpt":{"rendered":"","protected":false},"author":1,"featured_media":0,"comment_status":"open","ping_status":"closed","sticky":false,"template":"","format":"standard","meta":{"colormag_page_container_layout":"default_layout","colormag_page_sidebar_layout":"default_layout","footnotes":""},"categories":[7],"tags":[],"class_list":["post-61754","post","type-post","status-publish","format-standard","hentry","category-attualita"],"_links":{"self":[{"href":"https:\/\/archiviogioia.lavocedelpaese.info\/index.php?rest_route=\/wp\/v2\/posts\/61754","targetHints":{"allow":["GET"]}}],"collection":[{"href":"https:\/\/archiviogioia.lavocedelpaese.info\/index.php?rest_route=\/wp\/v2\/posts"}],"about":[{"href":"https:\/\/archiviogioia.lavocedelpaese.info\/index.php?rest_route=\/wp\/v2\/types\/post"}],"author":[{"embeddable":true,"href":"https:\/\/archiviogioia.lavocedelpaese.info\/index.php?rest_route=\/wp\/v2\/users\/1"}],"replies":[{"embeddable":true,"href":"https:\/\/archiviogioia.lavocedelpaese.info\/index.php?rest_route=%2Fwp%2Fv2%2Fcomments&post=61754"}],"version-history":[{"count":0,"href":"https:\/\/archiviogioia.lavocedelpaese.info\/index.php?rest_route=\/wp\/v2\/posts\/61754\/revisions"}],"wp:attachment":[{"href":"https:\/\/archiviogioia.lavocedelpaese.info\/index.php?rest_route=%2Fwp%2Fv2%2Fmedia&parent=61754"}],"wp:term":[{"taxonomy":"category","embeddable":true,"href":"https:\/\/archiviogioia.lavocedelpaese.info\/index.php?rest_route=%2Fwp%2Fv2%2Fcategories&post=61754"},{"taxonomy":"post_tag","embeddable":true,"href":"https:\/\/archiviogioia.lavocedelpaese.info\/index.php?rest_route=%2Fwp%2Fv2%2Ftags&post=61754"}],"curies":[{"name":"wp","href":"https:\/\/api.w.org\/{rel}","templated":true}]}}