{"id":61755,"date":"2019-08-23T10:49:57","date_gmt":"2019-08-23T10:49:57","guid":{"rendered":"https:\/\/archiviogioia.lavocedelpaese.info\/?p=61755"},"modified":"2019-08-23T10:49:57","modified_gmt":"2019-08-23T10:49:57","slug":"meteo-weekend-sfilza-di-temporali-improvvisi-con-grandine-video","status":"publish","type":"post","link":"https:\/\/archiviogioia.lavocedelpaese.info\/?p=61755","title":{"rendered":"Meteo: \u201cWeekend. Sfilza di temporali improvvisi con grandine\u201d-video"},"content":{"rendered":"<p><a title=\"Weekend-temporali-23918_0\" href=\"https:\/\/www.flickr.com\/photos\/91470992@N02\/48607635536\" data-flickr-embed=\"true\"><img loading=\"lazy\" decoding=\"async\" style=\"display: block; margin-left: auto; margin-right: auto;\" src=\"https:\/\/live.staticflickr.com\/65535\/48607635536_68193421b8_z.jpg\" alt=\"Weekend-temporali-23918_0\" width=\"320\" height=\"240\" \/><\/a><\/p>\n<p><!--more--><\/p>\n<p style=\"text-align: justify;\"><a title=\"doc15-1\" href=\"https:\/\/www.flickr.com\/photos\/91470992@N02\/48607268143\/in\/photostream\/\" data-flickr-embed=\"true\"><img decoding=\"async\" style=\"margin: 4px; float: left;\" src=\"https:\/\/live.staticflickr.com\/65535\/48607268143_6cacbc233a.jpg\" alt=\"doc15-1\" width=\"400\" height=\"NaN\" \/><\/a>\u201cE\u2019 tutto confermato per il <strong>weekend<\/strong>. Avremo <span>temperature s\u00ec estive, ma pi\u00f9 sopportabili e senza il fastidio dell\u2019afa<\/span>. Ma avremo anche una<strong> sfilza di temporali, che scoppieranno spesso in maniera improvvisa, localmente accompagnati da grandine, <\/strong>soprattutto nelle ore pi\u00f9 calde e sulle zone montuose. Vediamo nel dettaglio i settori maggiormente a rischio.<\/p>\n<p style=\"text-align: justify;\">Una goccia fredda in quota posizionata sulle regioni centrali e quasi stazionaria condizioner\u00e0 il tempo nella <strong>giornata di sabato 24 agosto<\/strong>. <span>Gi\u00e0 in mattinata<\/span> <strong>saranno possibili dei temporali<\/strong>, <span>localmente intensi, sulla Pianura Padana<\/span> (attenzione soprattutto a <span>Veneto<\/span>, <span>mantovano <\/span>e <span>Romagna<\/span>), poi nel <strong>pomeriggio\/sera<\/strong> ne scoppieranno altri, improvvisi,<strong>su<\/strong> <strong>Alpi<\/strong>, <strong>Appennini <\/strong>(forti su quelli centro-meridionali), <strong>Toscana<\/strong>, <strong>Umbria<\/strong>, <strong>Lazio<\/strong>, <strong>Abruzzo<\/strong>, <strong>Sardegna<\/strong>, <strong>Puglia settentrionale<\/strong> (intensi la sera) e <strong>nord Sicilia<\/strong>.<\/p>\n<p style=\"text-align: justify;\">Le <strong>temperature<\/strong> si manterranno di qualche grado al di sopra della media del periodo e <strong>non supereremo i 33\u00b0C, <\/strong>previsti per esempio a<span>Firenze e a Napoli<\/span>.<\/p>\n<p style=\"text-align: justify;\">I <strong>mari<\/strong> saranno<strong> calmi o poco mossi ovunque,<\/strong> eccetto per <span>l\u2019Adriatico al mattino<\/span> dalla Romagna al Salento. <span>Nelle ore centrali<\/span> il moto ondoso andr\u00e0 ulteriormente attenuandosi, ma <span>verso sera<\/span> si rinforzer\u00e0 sul litorale pugliese.<\/p>\n<p style=\"text-align: justify;\"><strong>Domenica 25<\/strong> avremo <strong>valori termici non troppo elevati<\/strong> e solo leggermente al di sopra di quanto atteso per la fine di agosto. Il maggior soleggiamento e la mancanza di fenomeni favorir\u00e0 peraltro in alcune aree una risalita dei termometri, come <strong>in Campania e in Puglia<\/strong>, dove si <strong>potranno toccare<\/strong> <strong>i 34\/35\u00b0C.<\/strong><\/p>\n<p style=\"text-align: justify;\"><span>In mattinata<\/span> non vi saranno piogge, poi <strong>nelle<\/strong> <strong>ore pi\u00f9 calde<\/strong> si ripresenteranno <strong>manifestazioni temporalesche a rapida formazione, anche forti e con pericolo di grandine: a rischio <\/strong>le stesse aree di sabato, ovvero <strong>Alpi<\/strong>, <strong>Appennini<\/strong>, <span>Toscana<\/span>, <span>Umbria<\/span>, <span>Lazio<\/span>, <span>Sardegna<\/span>, nonch\u00e9 i <strong>settori settentrionali di Puglia e Sicilia<\/strong>. <span>l\u2019Adriatico al mattino, specie sulla costa romagnola, tuttavia gi\u00e0 nelle ore pi\u00f9 calde il moto ondoso andr\u00e0 attenuandosi<\/span>. Sui litorali <span>salentini<\/span> invece<\/p>\n<p style=\"text-align: justify;\">La situazione mari sar\u00e0 tranquilla, eccetto perle acque risulteranno mosse per tutto il giorno\u201d.<\/p>\n<p style=\"text-align: right;\">[meteo.it]<\/p>\n<p><iframe loading=\"lazy\" src=\"https:\/\/www.ilmeteo.it\/videom\/embed_domani_autoplay\" width=\"640\" height=\"360\" allowfullscreen=\"allowfullscreen\" mozallowfullscreen=\"true\" webkitallowfullscreen=\"true\"><\/iframe><\/p>\n<p><iframe loading=\"lazy\" src=\"https:\/\/www.ilmeteo.it\/videom\/embed_20190825_autoplay\" width=\"640\" height=\"360\" allowfullscreen=\"allowfullscreen\" mozallowfullscreen=\"true\" webkitallowfullscreen=\"true\"><\/iframe><\/p>\n","protected":false},"excerpt":{"rendered":"","protected":false},"author":1,"featured_media":0,"comment_status":"open","ping_status":"closed","sticky":false,"template":"","format":"standard","meta":{"colormag_page_container_layout":"default_layout","colormag_page_sidebar_layout":"default_layout","footnotes":""},"categories":[8],"tags":[],"class_list":["post-61755","post","type-post","status-publish","format-standard","hentry","category-cronaca"],"_links":{"self":[{"href":"https:\/\/archiviogioia.lavocedelpaese.info\/index.php?rest_route=\/wp\/v2\/posts\/61755","targetHints":{"allow":["GET"]}}],"collection":[{"href":"https:\/\/archiviogioia.lavocedelpaese.info\/index.php?rest_route=\/wp\/v2\/posts"}],"about":[{"href":"https:\/\/archiviogioia.lavocedelpaese.info\/index.php?rest_route=\/wp\/v2\/types\/post"}],"author":[{"embeddable":true,"href":"https:\/\/archiviogioia.lavocedelpaese.info\/index.php?rest_route=\/wp\/v2\/users\/1"}],"replies":[{"embeddable":true,"href":"https:\/\/archiviogioia.lavocedelpaese.info\/index.php?rest_route=%2Fwp%2Fv2%2Fcomments&post=61755"}],"version-history":[{"count":0,"href":"https:\/\/archiviogioia.lavocedelpaese.info\/index.php?rest_route=\/wp\/v2\/posts\/61755\/revisions"}],"wp:attachment":[{"href":"https:\/\/archiviogioia.lavocedelpaese.info\/index.php?rest_route=%2Fwp%2Fv2%2Fmedia&parent=61755"}],"wp:term":[{"taxonomy":"category","embeddable":true,"href":"https:\/\/archiviogioia.lavocedelpaese.info\/index.php?rest_route=%2Fwp%2Fv2%2Fcategories&post=61755"},{"taxonomy":"post_tag","embeddable":true,"href":"https:\/\/archiviogioia.lavocedelpaese.info\/index.php?rest_route=%2Fwp%2Fv2%2Ftags&post=61755"}],"curies":[{"name":"wp","href":"https:\/\/api.w.org\/{rel}","templated":true}]}}