{"id":61762,"date":"2019-08-24T07:56:16","date_gmt":"2019-08-24T07:56:16","guid":{"rendered":"https:\/\/archiviogioia.lavocedelpaese.info\/?p=61762"},"modified":"2019-08-24T07:56:16","modified_gmt":"2019-08-24T07:56:16","slug":"san-rocco-una-festa-perfetta-in-ogni-suo-momentofoto","status":"publish","type":"post","link":"https:\/\/archiviogioia.lavocedelpaese.info\/?p=61762","title":{"rendered":"San Rocco: \u201cUna festa perfetta in ogni suo momento\u201d\/foto"},"content":{"rendered":"<p><a title=\"festa San Rocco 2019\" href=\"https:\/\/www.flickr.com\/photos\/91470992@N02\/48611066927\" data-flickr-embed=\"true\"><img loading=\"lazy\" decoding=\"async\" style=\"display: block; margin-left: auto; margin-right: auto;\" src=\"https:\/\/live.staticflickr.com\/65535\/48611066927_0f95fc332c_z.jpg\" alt=\"festa San Rocco 2019\" width=\"320\" height=\"240\" \/><\/a><\/p>\n<p><!--more--><\/p>\n<p style=\"text-align: justify;\"><a title=\"festa San Rocco 2019\" href=\"https:\/\/www.flickr.com\/photos\/91470992@N02\/48610428983\/in\/dateposted-public\/\" data-flickr-embed=\"true\"><img loading=\"lazy\" decoding=\"async\" style=\"margin: 4px; float: left;\" src=\"https:\/\/live.staticflickr.com\/65535\/48610428983_f30c5de95d_z.jpg\" alt=\"festa San Rocco 2019\" width=\"400\" height=\"225\" \/><\/a>\u201c<strong>Si sono svolti<\/strong> anche quest&#8217;anno <strong>nelle giornate del<\/strong> <strong>15 e 16 agosto<\/strong> i solenni <strong>festeggiamenti in onore di San Rocco<\/strong>, compatrono di Gioia del Colle. Nei giorni precedenti <strong>Fr\u00e0 Nicola Summo<\/strong>, religioso della basilica di Santa Fara, ha tenuto la predicazione della novena in cui ha spiegato come le gesta di San Rocco, santo del Trecento, siano ancora oggi attuali.<\/p>\n<p style=\"text-align: justify;\">Santo della carit\u00e0, Santo della Misericordia, Santo della legge. Innamorato di Ges\u00f9 e della Vergine Maria. Suo \u00e8 il messaggio che poi hanno incarnato le confraternite, associazioni al servizio silenzioso dei prossimi e dei bisognosi. Un vero faro e modello da seguire.<\/p>\n<p style=\"text-align: justify;\">Con le sue parole, Fr<a title=\"festa San Rocco 2019\" href=\"https:\/\/www.flickr.com\/photos\/91470992@N02\/48610788326\/in\/dateposted-public\/\" data-flickr-embed=\"true\"><img loading=\"lazy\" decoding=\"async\" style=\"margin: 4px; float: right;\" src=\"https:\/\/live.staticflickr.com\/65535\/48610788326_dacb7ed427_z.jpg\" alt=\"festa San Rocco 2019\" width=\"400\" height=\"225\" \/><\/a>\u00e0 Nicola ha mirabilmente coinvolto nelle celebrazioni le confraternite, i fedeli ed i devoti che ogni sera hanno preso parte alla novena ed hanno riempito la chiesa.<\/p>\n<p style=\"text-align: justify;\"><strong>Il<\/strong> <strong>vivo dei festeggiamenti si \u00e8 avuto la mattina del 15 agosto<\/strong>, solennit\u00e0 della Assunzione di Maria in cielo: durante la celebrazione eucaristica hanno giurato <strong>due nuovi confratelli ed una consorella<\/strong>, \u00e8 stato presentato <strong>un nuovo associato<\/strong> che inizia ora il suo percorso di ingresso nella confraternita e sono stati <strong>consegnati, come da tradizione, gli attestati di fedelt\u00e0<\/strong> a coloro che hanno compiuto 25-50-75 anni di iscrizione. Una ce<a title=\"festa San Rocco 2019\" href=\"https:\/\/www.flickr.com\/photos\/91470992@N02\/48610432113\/in\/dateposted-public\/\" data-flickr-embed=\"true\"><img loading=\"lazy\" decoding=\"async\" style=\"margin: 4px; float: left;\" src=\"https:\/\/live.staticflickr.com\/65535\/48610432113_43823efd49_z.jpg\" alt=\"festa San Rocco 2019\" width=\"400\" height=\"225\" \/><\/a>rimonia questa che serve ad unire il nuovo al vecchio, l&#8217;innovazione alla tradizione. Perch\u00e9 le confraternite non sono un retaggio del passato ma sono associazioni che conservano la propria storia e si proiettano nel futuro. La sera si \u00e8 invece conclusa la novena con la benedizione eucaristica ed il canto del Te Deum a cui hanno preso parte le confraternite del territorio parrocchiale di Santa Maria Maggiore.<\/p>\n<p style=\"text-align: justify;\"><strong>Il 16 agosto<\/strong>, giorno della festa di San Rocco, tutte le celebrazioni hanno visto tantissimi fedeli accostarsi alla Parola di Dio ed alla Santa Eucaristia. A partire dalle 5.30 del mattino con la santa messa presieduta da <strong>don Biagio Lavarra<\/strong>, tanti sono stati i devoti che hanno portato la propria preghiera al Santo pellegrino di Montpellier. Alle 10 la Solenne Celebrazione Eucaristica \u00e8 stata pr<a title=\"festa San Rocco 2019\" href=\"https:\/\/www.flickr.com\/photos\/91470992@N02\/48610432538\/in\/dateposted-public\/\" data-flickr-embed=\"true\"><img loading=\"lazy\" decoding=\"async\" style=\"margin: 4px; float: right;\" src=\"https:\/\/live.staticflickr.com\/65535\/48610432538_110dd790f1_z.jpg\" alt=\"festa San Rocco 2019\" width=\"400\" height=\"225\" \/><\/a>esieduta da <strong>S.E. Mons. Francesco Cacucci<\/strong>, Arcivescovo della Diocesi di Bari-Bitonto. Anche lui ha parlato di San Rocco come santo della carit\u00e0 e protettore contro il flagello della peste, che non \u00e8 un male unicamente materiale ma soprattutto spirituale. La celebrazione pomeridiana \u00e8 stata invece presieduta da <strong>don Tonino Posa<\/strong>, padre spirituale della confraternita. Alle 19 <strong>si \u00e8 snodata per le vie principali di Gioia la solenne processione<\/strong> con la partecipazione dei confratelli e delle consorelle di San Rocco. Una processione durata meno del solito ma come sempre attorniata dai tanti gioiesi residenti ed emigrati che rientrano per l&#8217;occasione approfittando delle ferie estive. Al suo rientro, <strong>il mare di gente che riempiva il piazzale della chiesa e corso Cavour verso Piazza Plebiscito \u00e8 stato davvero impressionante<\/strong>.<\/p>\n<p style=\"text-align: justify;\"><strong>I festeggiamenti civili si sono divisi come sempre tra le due giornate<\/strong> clou. Il 15 agosto si \u00e8 esibita in Piazza P<a title=\"festa San Rocco 2019\" href=\"https:\/\/www.flickr.com\/photos\/91470992@N02\/48610428403\/in\/dateposted-public\/\" data-flickr-embed=\"true\"><img loading=\"lazy\" decoding=\"async\" style=\"margin: 4px; float: left;\" src=\"https:\/\/live.staticflickr.com\/65535\/48610428403_fbea495df6_z.jpg\" alt=\"festa San Rocco 2019\" width=\"400\" height=\"225\" \/><\/a>lebiscito il complesso di musica leggera &#8220;<strong>Orchestra Giuliano<\/strong>&#8220;, la quale ha aperto la festa e per oltre tre ore ha contribuito a darle i toni tipici di una estate in armonia. Il 16 agosto \u00e8 stata invece la giornata dedicata a Gioia ed alla sua identit\u00e0 storico-musicale: si sono infatti esibiti entrambi i concerti bandistici cittadini, <strong>il Premiato<\/strong> <strong>Concerto Musicale &#8220;Paolo Falcicchio&#8221;<\/strong> ed il <strong>Complesso Musicale &#8220;Angelo Lamanna&#8221;<\/strong>. Il primo ha risvegliato la citt\u00e0 al mattino con il giro per le strade, a seguire il matinee in Piazza Plebiscito ed a sera il concerto in cassa armonica. Il secondo dopo il giro pomeridiano ha accompagnato la processione del Santo. A chiusura dei festeggiamenti gli <strong>applauditissimi fuochi d&#8217;artificio alla bolognese a cura della ditta De Carlo-Ciraulo <\/strong>nei pressi della chiesetta della Madonna della Croce.<\/p>\n<p style=\"text-align: justify;\"><strong>Una festa questa perfetta in ogni suo momento grazie sicuramente all&#8217;intercessione<\/strong><a title=\"festa San Rocco 2019\" href=\"https:\/\/www.flickr.com\/photos\/91470992@N02\/48610787681\/in\/dateposted-public\/\" data-flickr-embed=\"true\"><img loading=\"lazy\" decoding=\"async\" style=\"margin: 4px; float: right;\" src=\"https:\/\/live.staticflickr.com\/65535\/48610787681_f9fa748dc1_z.jpg\" alt=\"festa San Rocco 2019\" width=\"400\" height=\"225\" \/><\/a><strong> di San Rocco<\/strong>, ma grazie anche alle autorit\u00e0 civili e militari che hanno vigilato sul corretto svolgimento degli eventi: il<strong> Gruppo Comunale Volontari della Protezione Civile, <\/strong>la<strong> Croce Rossa<\/strong>, la<strong> Pubblica Assistenza Gioia Soccorso<\/strong>. La stessa amministrazione comunale che nonostante si sia appena insediata ed abbia da fronteggiare molte delle criticit\u00e0 che presenta Gioia, non ha fatto mancare il proprio sostegno ed ha dato un segno di partecipazione e volont\u00e0 di mantenere le nostre tradizioni portando essa stessa, sulle proprie spalle, l&#8217;immagine di San Rocco in processione. Grazie ai portatori che si sono caricati del suo peso durante tutto il percorso ed hanno dato una grande testimonianza di fede. Grazie alle attivit\u00e0 commerciali ed alle aziende che hanno fatto sentire anche quest&#8217;anno il loro decisivo contributo oltre a quello di tutti i fedeli e devoti che hanno permesso la riuscita in toto dei festeggiamenti.<\/p>\n<p style=\"text-align: justify;\"><strong>Il consiglio direttivo della Confraternita di San Rocco non pu\u00f2 che ringraziare tutti<\/strong> quanti hanno sostenuto la festa. <strong>Nella speranza che si possa sempre migliorare<\/strong>\u201d.[<strong>foto Mario Di Giuseppe<\/strong>]<\/p>\n<p style=\"text-align: right;\" align=\"right\"><strong>La Confraternita di San Rocco<\/strong><\/p>\n<p style=\"text-align: justify;\" align=\"right\"><strong>Per visualizzare la gallery <\/strong>cliccare sulla foto qui sotto.<\/p>\n<p><a title=\"Gioia del Colle: Festa di San Rocco 2019\" href=\"https:\/\/www.flickr.com\/photos\/91470992@N02\/albums\/72157710518866988\" data-flickr-embed=\"true\"><img loading=\"lazy\" decoding=\"async\" src=\"https:\/\/live.staticflickr.com\/65535\/48610433168_cf388d488d_z.jpg\" alt=\"Gioia del Colle: Festa di San Rocco 2019\" width=\"670\" height=\"377\" \/><\/a><\/p>\n<p><iframe loading=\"lazy\" src=\"https:\/\/www.youtube.com\/embed\/XlFTFtVSMN4\" width=\"640\" height=\"365\" allowfullscreen=\"allowfullscreen\" allow=\"accelerometer; autoplay; encrypted-media; gyroscope; picture-in-picture\"><\/iframe><\/p>\n<p><iframe loading=\"lazy\" src=\"https:\/\/www.youtube.com\/embed\/5ApSaHPTJ80\" width=\"640\" height=\"365\" allowfullscreen=\"allowfullscreen\" allow=\"accelerometer; autoplay; encrypted-media; gyroscope; picture-in-picture\"><\/iframe><\/p>\n<p><iframe loading=\"lazy\" src=\"https:\/\/www.youtube.com\/embed\/DFUg2aAv68c\" width=\"640\" height=\"365\" allowfullscreen=\"allowfullscreen\" allow=\"accelerometer; autoplay; encrypted-media; gyroscope; picture-in-picture\"><\/iframe><\/p>\n<p><iframe loading=\"lazy\" src=\"https:\/\/www.youtube.com\/embed\/1Jsc5FOcOpE\" width=\"640\" height=\"365\" allowfullscreen=\"allowfullscreen\" allow=\"accelerometer; autoplay; encrypted-media; gyroscope; picture-in-picture\"><\/iframe><\/p>\n","protected":false},"excerpt":{"rendered":"","protected":false},"author":1,"featured_media":0,"comment_status":"open","ping_status":"closed","sticky":false,"template":"","format":"standard","meta":{"colormag_page_container_layout":"default_layout","colormag_page_sidebar_layout":"default_layout","footnotes":""},"categories":[7],"tags":[],"class_list":["post-61762","post","type-post","status-publish","format-standard","hentry","category-attualita"],"_links":{"self":[{"href":"https:\/\/archiviogioia.lavocedelpaese.info\/index.php?rest_route=\/wp\/v2\/posts\/61762","targetHints":{"allow":["GET"]}}],"collection":[{"href":"https:\/\/archiviogioia.lavocedelpaese.info\/index.php?rest_route=\/wp\/v2\/posts"}],"about":[{"href":"https:\/\/archiviogioia.lavocedelpaese.info\/index.php?rest_route=\/wp\/v2\/types\/post"}],"author":[{"embeddable":true,"href":"https:\/\/archiviogioia.lavocedelpaese.info\/index.php?rest_route=\/wp\/v2\/users\/1"}],"replies":[{"embeddable":true,"href":"https:\/\/archiviogioia.lavocedelpaese.info\/index.php?rest_route=%2Fwp%2Fv2%2Fcomments&post=61762"}],"version-history":[{"count":0,"href":"https:\/\/archiviogioia.lavocedelpaese.info\/index.php?rest_route=\/wp\/v2\/posts\/61762\/revisions"}],"wp:attachment":[{"href":"https:\/\/archiviogioia.lavocedelpaese.info\/index.php?rest_route=%2Fwp%2Fv2%2Fmedia&parent=61762"}],"wp:term":[{"taxonomy":"category","embeddable":true,"href":"https:\/\/archiviogioia.lavocedelpaese.info\/index.php?rest_route=%2Fwp%2Fv2%2Fcategories&post=61762"},{"taxonomy":"post_tag","embeddable":true,"href":"https:\/\/archiviogioia.lavocedelpaese.info\/index.php?rest_route=%2Fwp%2Fv2%2Ftags&post=61762"}],"curies":[{"name":"wp","href":"https:\/\/api.w.org\/{rel}","templated":true}]}}