{"id":61811,"date":"2019-09-02T09:33:32","date_gmt":"2019-09-02T09:33:32","guid":{"rendered":"https:\/\/archiviogioia.lavocedelpaese.info\/?p=61811"},"modified":"2019-09-02T09:33:32","modified_gmt":"2019-09-02T09:33:32","slug":"equilibri-di-bilancio-la-prefettura-diffida-lamministrazione-2","status":"publish","type":"post","link":"https:\/\/archiviogioia.lavocedelpaese.info\/?p=61811","title":{"rendered":"Equilibri di Bilancio &#8211; La Prefettura diffida l\u2019Amministrazione"},"content":{"rendered":"<p><a title=\"consiglio comunale\" href=\"https:\/\/www.flickr.com\/photos\/91470992@N02\/48665579092\" data-flickr-embed=\"true\"><img loading=\"lazy\" decoding=\"async\" style=\"display: block; margin-left: auto; margin-right: auto;\" src=\"https:\/\/live.staticflickr.com\/65535\/48665579092_93da3fd5b6_z.jpg\" alt=\"consiglio comunale\" width=\"320\" height=\"240\" \/><\/a><\/p>\n<p><!--more--><\/p>\n<p style=\"margin-bottom: 0.0001pt; line-height: normal; text-align: justify;\"><a title=\"Municipio Gioia del Colle\" href=\"https:\/\/www.flickr.com\/photos\/91470992@N02\/48665567237\/in\/dateposted-public\/\" data-flickr-embed=\"true\"><img loading=\"lazy\" decoding=\"async\" style=\"margin: 4px; float: left;\" src=\"https:\/\/live.staticflickr.com\/65535\/48665567237_50a81401fb.jpg\" alt=\"Municipio Gioia del Colle\" width=\"400\" height=\"601\" \/><\/a> E\u2019 il consigliere <strong>Donato Colacicco<\/strong> ad annunciare la diffida della Prefettura giunta all\u2019Amministrazione per non aver approvato gli equilibri di bilancio entro il 31 luglio.<\/p>\n<p style=\"margin-bottom: 0.0001pt; line-height: normal; text-align: justify;\">\u201c<strong>Disattesa la scadenza del 31 luglio<\/strong> <strong>per l&#8217;approvazione<\/strong> degli equilibri di bilancio, l&#8217;Amministrazione Mastrangelo avr\u00e0 tempo ancora pochi giorni per ottemperare. Un record, poco invidiabile, che entrer\u00e0 negli annali del nostro comune. Fa specie che chi ha tanto usato termini come incapacit\u00e0 riferendosi alla precedente amministrazione, oggi si dimostri cos\u00ec in affanno sin dalle prime azioni amministrative. La stessa Amministrazione Lucilla, nonostante si sia insediata ben pi\u00f9 tardi a causa del ballottaggio, nonostante una situazione economico-finanziaria non certo migliore di quella attuale, riusc\u00ec ad approvare gli equilibri in data utile il 29 luglio del 2016.\u201d<\/p>\n<p style=\"margin-bottom: 0.0001pt; line-height: normal; text-align: justify;\">Per chiudere questo \u201ccapitolo\u201d <strong>sar\u00e0 necessario indire nei prossimi giorni un Consiglio comunale ad hoc<\/strong> nel quale si torner\u00e0 a discutere del consuntivo per chiarire la reale situazione contabile e i tanti dubbi sorti, magari ricorrendo alla presenza dei revisori in aula consiliare. <strong>Un periodo davvero \u201ccaldo\u201d per il Responsabile dell\u2019area finanziaria dottor Laforenza<\/strong> che ha un triplice incarico (Gioia del Colle, Palo del Colle e Binetto), di recente premiato con una speciale indennit\u00e0 \u201cad personam\u201d di 465 euro mensili in aggiunta allo stipendio, impegnato sin dal suo insediamento nel complesso riaccertamento dei residui.<\/p>\n<p style=\"margin-bottom: 0.0001pt; line-height: normal; text-align: justify;\"><strong>Cosa dovr\u00e0 approvare il Consiglio?<\/strong> In primis il consuntivo non approvato dal Commissario Umberto Postiglione, gatta da pelare lasciata in \u201ceredit\u00e0\u201d alla nuova Amministrazione, poi l\u2019assestamento del bilancio e della salvaguardia degli equilibri. Lo stesso DUP andava approvato entro il 31 luglio scorso.<\/p>\n<p style=\"margin-bottom: 0.0001pt; line-height: normal; text-align: justify;\"><strong>Il Regolamento di contabilit\u00e0 comunale prevede <\/strong>infatti che il Responsabile del Servizio Finanziario, ovvero oggi il dottor Laforenza, predisponga lo schema di rendiconto, schema che deve essere approvato in Giunta &#8211; [Delibera Nr. Progr. 21 del&nbsp;19\/07\/2019 Approvazione della relazione sulla gestione (art. 151, comma 6 e art. 231, comma 1, D.LGS. N. 267\/2000 e art. 11,&nbsp;comma. 6, D.LGS. N. 118\/2011) e dello schema di Rendiconto&nbsp;dell&#8217;Esercizio 2018.] -, per poi essere sottoposto al vaglio dei revisori che hanno 20 giorni per redigere la relazione [Verbale n. 46 del 2 agosto 2019]. <strong>Tutti gli atti devono essere messi a disposizione dei Consiglieri<\/strong> venti giorni prima del termine di approvazione del rendiconto deliberato dall\u2019organo consigliare entro il 30 aprile. <strong>Il Commissario<\/strong> pur avendo i poteri di giun<a title=\"Commissario Postiglione\" href=\"https:\/\/www.flickr.com\/photos\/91470992@N02\/32937464697\/in\/photolist-Sbz7Jn-26i4KGb-24Da17W\" data-flickr-embed=\"true\"><img loading=\"lazy\" decoding=\"async\" style=\"margin: 4px; float: right;\" src=\"https:\/\/live.staticflickr.com\/65535\/32937464697_ac035d8fb2.jpg\" alt=\"Commissario Postiglione\" width=\"400\" height=\"300\" \/><\/a>ta e di consiglio, <strong>non ha ottemperato a queste scadenze<\/strong>. <strong>Perch\u00e9?<\/strong> La risposta \u00e8 semplice\u2026 andava prima approvato il riaccertamento dei residui con ricognizione effettuata dai responsabili di Area e su questo ottenere il via libera dei revisori.<\/p>\n<p style=\"margin-bottom: 0.0001pt; line-height: normal; text-align: justify;\"><strong>Le altre scadenze non rispettate sono la predisposizione del Dup entro il 30 giugno da sottoporre al Consiglio per essere approvato entro il 31 luglio<\/strong>. Ma per approvare il Dup andava prima approvato il rendiconto consuntivo del precedente esercizio. E\u2019 infatti fondamentale conoscere il risultato di amministrazione definitivo del precedente anno, in quanto il preventivo del 2019 viene redatto facendo riferimento ad un risultato presunto, e abbiamo pi\u00f9 volte sottolineato in articoli ed editoriali precedenti, gli errori milionari di cassa dovuti ad entrate presunte ma di fatto non incassate a causa dei \u201cgrandi\u201d evasori.<\/p>\n<p style=\"margin-bottom: 0.0001pt; line-height: normal; text-align: justify;\"><strong>Cosa doveva approvare il Consiglio entro il 31 luglio?<\/strong> O il permanere degli equilibri generali di bilancio o, in caso di esito negativo, adottare le misure necessarie per ripristinare gli equilibri di bilancio. Invero, il Commissario Postiglione Umberto si era gi\u00e0 tutelato, prevedendo la <strong>possibilit\u00e0 di aumentare la tassa rifiuti<\/strong>.&nbsp;Altra possibilit\u00e0, oltre all&#8217;aumento delle tasse,&nbsp;\u00e8 quella di <strong>determinare tagli ai servizi<\/strong>. In caso di mancata approvazione della salvaguardia degli equilibri di bilancio, esiste il rischio concreto della nomina di un altro commiss<a title=\"soldi\" href=\"https:\/\/www.flickr.com\/photos\/91470992@N02\/48665065878\/in\/dateposted-public\/\" data-flickr-embed=\"true\"><img loading=\"lazy\" decoding=\"async\" style=\"margin: 4px; float: left;\" src=\"https:\/\/live.staticflickr.com\/65535\/48665065878_8f68d95a76.jpg\" alt=\"soldi\" width=\"400\" height=\"300\" \/><\/a>ario. Ricordiamo che <strong>l\u2019ultima \u201cemorragia\u201d contabile di oltre 1 milione e 700 mila euro, \u00e8 stata disposta con det n. 595 del 19\/06\/2019<\/strong>, con la quale <strong>si \u00e8 provveduto ad eliminare<\/strong>, tra le varie voci, <strong>residui attivi Tarsu per quasi 800 mila euro inerente gli anni che vanno dal 2007 al 2011, e circa 305 mila euro per il periodo <\/strong><strong>2015-2017<\/strong>.<\/p>\n<p style=\"margin-bottom: 0.0001pt; line-height: normal; text-align: justify;\"><strong>Un dato che desta enorme preoccupazione per il bilancio di previsione 2019-2021<\/strong>, nel quale il commissario Umberto <strong>Postiglione aveva previsto entrate da recupero evasione per circa 4 milioni<\/strong> di Euro. Tale dato, infatti, non \u00e8 quello che ci si aspettava di leggere, dopo le dichiarazioni di fine mandato rilasciate alla stampa, dallo stesso commissario, circa il recupero dei tributi non versati dai contribuenti gioiesi. <strong>La speranza \u00e8 che i responsabili abbiano fornito<\/strong>, come prescrivono le norme, <strong>una adeguata motivazione<\/strong> per procedere alla eliminazione dei residui; <strong>una precisa descrizione<\/strong> delle procedure seguite per la realizzazione dei crediti prima della loro estinzione; oltre ad <strong>aver opportunamente motivato l\u2019impossibilit\u00e0<\/strong> <strong>di realiz<\/strong><strong>zare il credito<\/strong>, le attivit\u00e0 poste in essere per la riscossione <strong>e i motivi della inesigibilit\u00e0<\/strong>\u201d.<\/p>\n<p style=\"margin-bottom: 0.0001pt; line-height: normal; text-align: justify;\"><strong>Lasciamo ai lettori le considerazioni e le valutazioni del caso<\/strong>.<\/p>\n<p>&nbsp;<\/p>\n","protected":false},"excerpt":{"rendered":"","protected":false},"author":1,"featured_media":0,"comment_status":"open","ping_status":"closed","sticky":false,"template":"","format":"standard","meta":{"colormag_page_container_layout":"default_layout","colormag_page_sidebar_layout":"default_layout","footnotes":""},"categories":[4],"tags":[],"class_list":["post-61811","post","type-post","status-publish","format-standard","hentry","category-politica"],"_links":{"self":[{"href":"https:\/\/archiviogioia.lavocedelpaese.info\/index.php?rest_route=\/wp\/v2\/posts\/61811","targetHints":{"allow":["GET"]}}],"collection":[{"href":"https:\/\/archiviogioia.lavocedelpaese.info\/index.php?rest_route=\/wp\/v2\/posts"}],"about":[{"href":"https:\/\/archiviogioia.lavocedelpaese.info\/index.php?rest_route=\/wp\/v2\/types\/post"}],"author":[{"embeddable":true,"href":"https:\/\/archiviogioia.lavocedelpaese.info\/index.php?rest_route=\/wp\/v2\/users\/1"}],"replies":[{"embeddable":true,"href":"https:\/\/archiviogioia.lavocedelpaese.info\/index.php?rest_route=%2Fwp%2Fv2%2Fcomments&post=61811"}],"version-history":[{"count":0,"href":"https:\/\/archiviogioia.lavocedelpaese.info\/index.php?rest_route=\/wp\/v2\/posts\/61811\/revisions"}],"wp:attachment":[{"href":"https:\/\/archiviogioia.lavocedelpaese.info\/index.php?rest_route=%2Fwp%2Fv2%2Fmedia&parent=61811"}],"wp:term":[{"taxonomy":"category","embeddable":true,"href":"https:\/\/archiviogioia.lavocedelpaese.info\/index.php?rest_route=%2Fwp%2Fv2%2Fcategories&post=61811"},{"taxonomy":"post_tag","embeddable":true,"href":"https:\/\/archiviogioia.lavocedelpaese.info\/index.php?rest_route=%2Fwp%2Fv2%2Ftags&post=61811"}],"curies":[{"name":"wp","href":"https:\/\/api.w.org\/{rel}","templated":true}]}}