{"id":61812,"date":"2019-09-05T07:00:26","date_gmt":"2019-09-05T07:00:26","guid":{"rendered":"https:\/\/archiviogioia.lavocedelpaese.info\/?p=61812"},"modified":"2019-09-05T07:00:26","modified_gmt":"2019-09-05T07:00:26","slug":"under-castle-biker-fest-2019-piazza-plebiscito-in-festafoto","status":"publish","type":"post","link":"https:\/\/archiviogioia.lavocedelpaese.info\/?p=61812","title":{"rendered":"Under Castle Biker Fest 2019: piazza Plebiscito in festa\/FOTO"},"content":{"rendered":"<p style=\"text-align: justify;\"><a title=\"Under Castle Biker Fest 2019\" href=\"https:\/\/www.flickr.com\/photos\/91470992@N02\/48683211872\" data-flickr-embed=\"true\"><img loading=\"lazy\" decoding=\"async\" style=\"display: block; margin-left: auto; margin-right: auto;\" src=\"https:\/\/live.staticflickr.com\/65535\/48683211872_3843229b02_z.jpg\" alt=\"Under Castle Biker Fest 2019\" width=\"320\" height=\"240\" \/><\/a><\/p>\n<p><!--more--><\/p>\n<p style=\"margin-bottom: 0.0001pt; line-height: normal; text-align: justify;\"><a title=\"Under Castle Biker Fest 2019\" href=\"https:\/\/www.flickr.com\/photos\/91470992@N02\/48682650083\/in\/photostream\/\" data-flickr-embed=\"true\"><img loading=\"lazy\" decoding=\"async\" style=\"margin: 4px; float: left;\" src=\"https:\/\/live.staticflickr.com\/65535\/48682650083_1bcf95b955_z.jpg\" alt=\"Under Castle Biker Fest 2019\" width=\"400\" height=\"185\" \/><\/a> <span>Lo scorso venerd\u00ec 23 agosto si \u00e8 rinnovato per il terzo anno consecutivo l\u2019appuntamento con l\u2019<strong>Under Castle Biker Fest, <\/strong>la festa fortemente voluta e organizzata da Bari Chapter Italy e Southern Bikers Group in collaborazione con Harley Davidson, dedicata agli amanti dei bolidi a due ruote e aperta a tutti coloro che incuriositi dal movimento hanno voluto trascorrere una serata in musica, buon cibo e buon bere in compagnia di numerosi bikers giunti da tutta la Puglia. <\/span><\/p>\n<p style=\"margin-bottom: 0.0001pt; line-height: normal; text-align: justify;\"><span>A dare lustro alla serata introdotta dalla presentatrice <strong>Anna Sigrisi<\/strong> e da <strong>Tommy Bradascio<\/strong>, uno degli organizzatori, quest&#8217;anno ci hanno pensato i Precious &#8211;<\/span><a title=\"Under Castle Biker Fest 2019\" href=\"https:\/\/www.flickr.com\/photos\/91470992@N02\/48682650453\/in\/photostream\/\" data-flickr-embed=\"true\"><img loading=\"lazy\" decoding=\"async\" style=\"margin: 4px; float: right;\" src=\"https:\/\/live.staticflickr.com\/65535\/48682650453_ec0639efb9_z.jpg\" alt=\"Under Castle Biker Fest 2019\" width=\"400\" height=\"225\" \/><\/a><span> Depeche Mode Tribute, nati nel 2012 a Taranto, con all&#8217;attivo numerosi conc<\/span><span>erti anche fuori dai confini nazionali. La band si \u00e8 esibita anche in Inghilt<\/span><span>erra, patria della band di Dave Gahan, riscuotendo numerosi consensi. La ricca scaletta che ha ripercorso tutta la storia dei Depeche ha incontrato i gusti del pubblico presente, che fino all&#8217;ultimo ha mostrato interesse e approvazione. <\/span><\/p>\n<p style=\"margin-bottom: 0.0001pt; line-height: normal; text-align: justify;\"><span>Ad allietare i presenti prima e durante il concerto dei Precious ci hanno pensato <strong>Paola Brescia<\/strong>, direttrice e insegnante della scuola Samira Oriental Academy di Bitritto, e <strong>Noemi Loiacono<\/strong> che hanno regalato momenti di danza del ventre e non solo. Molto apprezzata anche l&#8217;esibizione di <strong>Jeet Kune Do<\/strong>, l\u2019arte di Bruce Lee e di Street Fighting del M\u00b0 e Campione Mondiale di Kung Fu, Sifu <strong>Giandomenico Vittore<\/strong> e due suoi allievi. <\/span><a title=\"Under Castle Biker Fest 2019\" href=\"https:\/\/www.flickr.com\/photos\/91470992@N02\/48683164307\/in\/photostream\/\" data-flickr-embed=\"true\"><img loading=\"lazy\" decoding=\"async\" style=\"margin: 4px; float: left;\" src=\"https:\/\/live.staticflickr.com\/65535\/48683164307_41fa2cc703_z.jpg\" alt=\"Under Castle Biker Fest 2019\" width=\"400\" height=\"225\" \/><\/a><\/p>\n<p style=\"margin-bottom: 0.0001pt; line-height: normal; text-align: justify;\"><span>Bradascio ha ringraziato l\u2019amministrazione co<\/span><span>munale per il <\/span><span>supporto nella realizzazione della manifestazione, omaggiando il sindaco <strong>Giovanni Mastrangelo<\/strong> con una targa ricordo in segno di ricono<\/span><span>scenza da parte dei gruppi organizzativi, con l\u2019augurio di proseguire la collaborazione i prossimi anni. Il Sindaco, arrivato in piazza anche <\/span><span>lui a bordo di una moto, ringrazia a sua volta gli organizzatori e i b<\/span><span>ikers presenti: &#8220;Ho conosciuto questo mondo delle associazioni, di chi ama le due ruote, ed \u00e8 un mondo straordinario, sono organizzatissimi, viaggiano, stanno insieme, riescono a realizzare tante belle cose, sono felice di poter ospitare nella mia citt\u00e0 un evento cos\u00ec bello\u2026&#8221;, precisa poi che tutto ci\u00f2 che pu\u00f2 animare il nostro paese, tutto ci\u00f2 che \u00e8 bello, sar\u00e0 sempre benvenuto. <\/span><\/p>\n<p style=\"margin-bottom: 0.0001pt; line-height: normal; text-align: justify;\"><span>&#8220;L\u2019amministra<\/span><a title=\"Under Castle Biker Fest 2019\" href=\"https:\/\/www.flickr.com\/photos\/91470992@N02\/48682987931\/in\/photostream\/\" data-flickr-embed=\"true\"><img loading=\"lazy\" decoding=\"async\" style=\"margin: 4px; float: right;\" src=\"https:\/\/live.staticflickr.com\/65535\/48682987931_d92db2ee6a_z.jpg\" alt=\"Under Castle Biker Fest 2019\" width=\"400\" height=\"225\" \/><\/a><span>zione sar\u00e0 sempre al fianco di chi a proprie spese e con tanta buona volont\u00e0 organizza qualcosa che possa aiutare la citt\u00e0 anche a passare una bella serata&#8221;. Importante supporto e collaborazione alla buona riuscita della <\/span><span>serata \u00e8 arrivato da <strong>Donato Ascatigno<\/strong> e dal gruppo comunale di Prote<\/span><span>zione Civile, dal Comando di Polizia Locale, dalla Pubblica Assistenza Gioiese Gioia Soccorso, dalla Croce Rossa Italiana, dai Carabinieri e dai Metronotte. Un ringraziamento va anche a tutte le attivit\u00e0 commerciali che hanno contribuito alla realizzazione dell&#8217; evento, senza il loro prezioso contributo non sarebbe stato possibile mettere su la macchina organizzativa. Infine ma non per minore importanza un grazie ai numerosi free bikers e a tutti i gru<\/span><span>ppi motociclistici che ci hanno onorato della loro presenza come: <strong>Hamc Southernland, Barichapter, Southern Biker Group, Vespa Club Gioia, Trulli\u2019s Biker, I Moturi, Amc Castellaneta<\/strong> ed agli stand: <\/span><span>ASD Softair Team, Roby Tattoo e Boss 69.<\/span><span> [<strong>Foto Mario Di Giuseppe<\/strong>]<\/span><\/p>\n<p style=\"margin-bottom: 0.0001pt; line-height: normal; text-align: justify;\"><span><strong>Per visualizzare la gallery<\/strong> clicca sulla foto qui sotto.<\/span><\/p>\n<p><a title=\"Gioia del Colle: Under Castle Biker Fest 2019\" href=\"https:\/\/www.flickr.com\/photos\/91470992@N02\/albums\/72157710704206967\" data-flickr-embed=\"true\"><img loading=\"lazy\" decoding=\"async\" src=\"https:\/\/live.staticflickr.com\/65535\/48682987106_ba227e605e_z.jpg\" alt=\"Gioia del Colle: Under Castle Biker Fest 2019\" width=\"640\" height=\"360\" \/><\/a><\/p>\n","protected":false},"excerpt":{"rendered":"","protected":false},"author":1,"featured_media":0,"comment_status":"open","ping_status":"closed","sticky":false,"template":"","format":"standard","meta":{"colormag_page_container_layout":"default_layout","colormag_page_sidebar_layout":"default_layout","footnotes":""},"categories":[7],"tags":[],"class_list":["post-61812","post","type-post","status-publish","format-standard","hentry","category-attualita"],"_links":{"self":[{"href":"https:\/\/archiviogioia.lavocedelpaese.info\/index.php?rest_route=\/wp\/v2\/posts\/61812","targetHints":{"allow":["GET"]}}],"collection":[{"href":"https:\/\/archiviogioia.lavocedelpaese.info\/index.php?rest_route=\/wp\/v2\/posts"}],"about":[{"href":"https:\/\/archiviogioia.lavocedelpaese.info\/index.php?rest_route=\/wp\/v2\/types\/post"}],"author":[{"embeddable":true,"href":"https:\/\/archiviogioia.lavocedelpaese.info\/index.php?rest_route=\/wp\/v2\/users\/1"}],"replies":[{"embeddable":true,"href":"https:\/\/archiviogioia.lavocedelpaese.info\/index.php?rest_route=%2Fwp%2Fv2%2Fcomments&post=61812"}],"version-history":[{"count":0,"href":"https:\/\/archiviogioia.lavocedelpaese.info\/index.php?rest_route=\/wp\/v2\/posts\/61812\/revisions"}],"wp:attachment":[{"href":"https:\/\/archiviogioia.lavocedelpaese.info\/index.php?rest_route=%2Fwp%2Fv2%2Fmedia&parent=61812"}],"wp:term":[{"taxonomy":"category","embeddable":true,"href":"https:\/\/archiviogioia.lavocedelpaese.info\/index.php?rest_route=%2Fwp%2Fv2%2Fcategories&post=61812"},{"taxonomy":"post_tag","embeddable":true,"href":"https:\/\/archiviogioia.lavocedelpaese.info\/index.php?rest_route=%2Fwp%2Fv2%2Ftags&post=61812"}],"curies":[{"name":"wp","href":"https:\/\/api.w.org\/{rel}","templated":true}]}}