{"id":61830,"date":"2019-09-09T07:09:51","date_gmt":"2019-09-09T07:09:51","guid":{"rendered":"https:\/\/archiviogioia.lavocedelpaese.info\/?p=61830"},"modified":"2019-09-09T07:09:51","modified_gmt":"2019-09-09T07:09:51","slug":"storie-di-piazza-ultimo-appuntamento-nel-giardino-della-cura","status":"publish","type":"post","link":"https:\/\/archiviogioia.lavocedelpaese.info\/?p=61830","title":{"rendered":"\u201cNel giardino della cura\u201d con Fratello Sole in \u201cStorie di Piazza\u201d"},"content":{"rendered":"<p><a title=\"nel giardino della cura\" href=\"https:\/\/www.flickr.com\/photos\/91470992@N02\/48706395818\/in\/dateposted-public\/\" data-flickr-embed=\"true\"><img loading=\"lazy\" decoding=\"async\" style=\"display: block; margin-left: auto; margin-right: auto;\" src=\"https:\/\/live.staticflickr.com\/65535\/48706395818_feb81ba28b_o.jpg\" alt=\"nel giardino della cura\" width=\"320\" height=\"240\" \/><\/a><\/p>\n<p><!--more--><\/p>\n<p style=\"margin-bottom: 0.0001pt; line-height: normal; text-align: justify;\"><a title=\"nel giardino della cura\" href=\"https:\/\/www.flickr.com\/photos\/91470992@N02\/48706896367\/in\/dateposted-public\/\" data-flickr-embed=\"true\"><img loading=\"lazy\" decoding=\"async\" style=\"margin: 4px; float: left;\" src=\"https:\/\/live.staticflickr.com\/65535\/48706896367_b8bd1399a1_o.jpg\" alt=\"nel giardino della cura\" width=\"350\" height=\"507\" \/><\/a><span>Mercoled\u00ec, 11 settembre alle ore 19.30 in Piazza D\u2019Andrano o in caso di maltempo nel Chiostro del palazzo Comunale, si terr\u00e0 l\u2019<strong>ultimo appuntamento<\/strong> del ciclo di incontri letterari \u201c<strong>Storie di Piazza<\/strong>\u201d curato dall\u2019assessorato alla Cultura di Gioia nel corso dell\u2019estate 2019.<\/span><\/p>\n<p style=\"margin-bottom: 0.0001pt; line-height: normal; text-align: justify;\"><span>Protagonista della serata la Comunit\u00e0 terapeutica \u201c<strong>Fratello Sole<\/strong>\u201d che ha curato con i propri ragazzi e con la psicologa, dottoressa <strong>Donatella Giordano<\/strong>, tutte le letture delle presentazioni.<\/span><\/p>\n<p style=\"margin-bottom: 0.0001pt; line-height: normal; text-align: justify;\"><span>Il libro che sar\u00e0 presentato &#8211; \u201c<strong>Nel giardino della cura &#8211; Nutrire Emozioni e coltivare Pensieri<\/strong> &#8211; <strong>Esperienza, teoria e metodo per il trattamento delle dipendenze<\/strong>\u201d \u2013 a cura di <strong>Eleonora Addonizio e Silvana Magnani<\/strong>, \u00e8 strettamente legato alla comunit\u00e0 sia perch\u00e9 scritto a pi\u00f9 mani dagli operatori e dai professionisti che operano nelle varie sedi, sia per il delicato tema trattato.<\/span><\/p>\n<p style=\"margin-bottom: 0.0001pt; line-height: normal; text-align: justify;\"><span>\u201cQuesto volume &#8211; dichiara <strong>Giorgio Catto<\/strong>, direttore di \u201cFratello Sole\u201d- \u00e8 un omaggio al 40\u00b0 anniversario della Comunit\u00e0. E\u2019 una appassionante passeggiata nel giardino della cura della tossicodipendenza, descritta direttamente dai professionisti che ogni giorno operano nei servizi del progetto terapeutico \u201cFratello Sole\u201d. Al centro della relazione di cura \u00e8 la relazione che cura, proposta come l\u2019esperienza del giardiniere che porta la saggezza di ci\u00f2 che conosce nel modo di accogliere, progettare, trattare, sostenere ed \u00e8 capace altres\u00ec di essere curioso e sensibile di volta in volta delle nuove forme che pu\u00f2 assumere la necessit\u00e0 di cura.\u201d<\/span><\/p>\n<p style=\"margin-bottom: 0.0001pt; line-height: normal; text-align: justify;\"><span>Presenter\u00e0 la serata <strong>Raffaella Rizzi<\/strong>, coordinatrice del progetto fortemente voluto dall\u2019assessore alla Cultura <strong>Lucio Romano<\/strong> che alla Comunit\u00e0 ed ai ragazzi tiene molto.<\/span><\/p>\n<p>&nbsp;<\/p>\n<p>&nbsp;<\/p>\n","protected":false},"excerpt":{"rendered":"","protected":false},"author":1,"featured_media":0,"comment_status":"open","ping_status":"closed","sticky":false,"template":"","format":"standard","meta":{"colormag_page_container_layout":"default_layout","colormag_page_sidebar_layout":"default_layout","footnotes":""},"categories":[7],"tags":[],"class_list":["post-61830","post","type-post","status-publish","format-standard","hentry","category-attualita"],"_links":{"self":[{"href":"https:\/\/archiviogioia.lavocedelpaese.info\/index.php?rest_route=\/wp\/v2\/posts\/61830","targetHints":{"allow":["GET"]}}],"collection":[{"href":"https:\/\/archiviogioia.lavocedelpaese.info\/index.php?rest_route=\/wp\/v2\/posts"}],"about":[{"href":"https:\/\/archiviogioia.lavocedelpaese.info\/index.php?rest_route=\/wp\/v2\/types\/post"}],"author":[{"embeddable":true,"href":"https:\/\/archiviogioia.lavocedelpaese.info\/index.php?rest_route=\/wp\/v2\/users\/1"}],"replies":[{"embeddable":true,"href":"https:\/\/archiviogioia.lavocedelpaese.info\/index.php?rest_route=%2Fwp%2Fv2%2Fcomments&post=61830"}],"version-history":[{"count":0,"href":"https:\/\/archiviogioia.lavocedelpaese.info\/index.php?rest_route=\/wp\/v2\/posts\/61830\/revisions"}],"wp:attachment":[{"href":"https:\/\/archiviogioia.lavocedelpaese.info\/index.php?rest_route=%2Fwp%2Fv2%2Fmedia&parent=61830"}],"wp:term":[{"taxonomy":"category","embeddable":true,"href":"https:\/\/archiviogioia.lavocedelpaese.info\/index.php?rest_route=%2Fwp%2Fv2%2Fcategories&post=61830"},{"taxonomy":"post_tag","embeddable":true,"href":"https:\/\/archiviogioia.lavocedelpaese.info\/index.php?rest_route=%2Fwp%2Fv2%2Ftags&post=61830"}],"curies":[{"name":"wp","href":"https:\/\/api.w.org\/{rel}","templated":true}]}}