{"id":61903,"date":"2019-09-22T08:03:58","date_gmt":"2019-09-22T08:03:58","guid":{"rendered":"https:\/\/archiviogioia.lavocedelpaese.info\/?p=61903"},"modified":"2019-09-22T08:03:58","modified_gmt":"2019-09-22T08:03:58","slug":"ritorna-il-salotto-allunotre-con-libra-di-don-delillo","status":"publish","type":"post","link":"https:\/\/archiviogioia.lavocedelpaese.info\/?p=61903","title":{"rendered":"Ritorna il \u201cSalotto all\u2019UnoTre\u201d con \u201cLibra\u201d di Don DeLillo"},"content":{"rendered":"<p><a title=\"Don Delillo\" href=\"https:\/\/www.flickr.com\/photos\/91470992@N02\/48777277263\/in\/dateposted-public\/\" data-flickr-embed=\"true\"><img loading=\"lazy\" decoding=\"async\" style=\"display: block; margin-left: auto; margin-right: auto;\" src=\"https:\/\/live.staticflickr.com\/65535\/48777277263_bd0938252c_z.jpg\" alt=\"Don Delillo\" width=\"320\" height=\"240\" \/><\/a><\/p>\n<p><!--more--><\/p>\n<p style=\"margin: 0cm 0cm 0.0001pt; text-align: justify;\"><a title=\"DeLillo Libra\" href=\"https:\/\/www.flickr.com\/photos\/91470992@N02\/48777634196\/in\/dateposted-public\/\" data-flickr-embed=\"true\"><img loading=\"lazy\" decoding=\"async\" style=\"margin: 4px; float: left;\" src=\"https:\/\/live.staticflickr.com\/65535\/48777634196_5562ef6bdf.jpg\" alt=\"DeLillo Libra\" width=\"400\" height=\"299\" \/><\/a><em><span style=\"font-style: normal;\">\u201c\u00c8 di questo che \u00e8 fatta la storia. \u00c8 la somma totale di tutte le cose che non ci dicono. &#8220;<\/span><\/em><strong>(Don DeLillo)<\/strong><\/p>\n<p style=\"text-align: justify;\"><strong>Gioved\u00ec sera, 26 settembre <\/strong>2019, ore 20:00, <strong>presso la Libreria La Librellula<\/strong>, in via Ricciotto Canudo 132 \u2013 Gioia del Colle, <strong>70\u00b0 appuntamento<\/strong> <strong>con<\/strong> la rassegna \u201c<strong>Salotto all\u2019UnoTre<\/strong>\u201d, <strong>ideato e<\/strong> <strong>curato da Giacomo Leronni.<\/strong><\/p>\n<p style=\"margin: 0cm 0cm 0.0001pt; text-align: justify;\">Il libro della serata su cui si dibatter\u00e0 \u00e8 \u201c<em><strong><span style=\"font-style: normal;\">Libra<\/span><\/strong><\/em><em><span style=\"font-style: normal;\">\u201d<\/span><\/em> di <strong>Don DeLillo<\/strong> (<strong>Einaudi<\/strong>).<\/p>\n<p style=\"text-align: justify;\">Ogni lettore \u00e8 bene accetto e <strong>l&#8217;ingresso \u00e8 libero<\/strong>.<\/p>\n<p>&nbsp;<\/p>\n","protected":false},"excerpt":{"rendered":"","protected":false},"author":1,"featured_media":0,"comment_status":"open","ping_status":"closed","sticky":false,"template":"","format":"standard","meta":{"colormag_page_container_layout":"default_layout","colormag_page_sidebar_layout":"default_layout","footnotes":""},"categories":[7],"tags":[],"class_list":["post-61903","post","type-post","status-publish","format-standard","hentry","category-attualita"],"_links":{"self":[{"href":"https:\/\/archiviogioia.lavocedelpaese.info\/index.php?rest_route=\/wp\/v2\/posts\/61903","targetHints":{"allow":["GET"]}}],"collection":[{"href":"https:\/\/archiviogioia.lavocedelpaese.info\/index.php?rest_route=\/wp\/v2\/posts"}],"about":[{"href":"https:\/\/archiviogioia.lavocedelpaese.info\/index.php?rest_route=\/wp\/v2\/types\/post"}],"author":[{"embeddable":true,"href":"https:\/\/archiviogioia.lavocedelpaese.info\/index.php?rest_route=\/wp\/v2\/users\/1"}],"replies":[{"embeddable":true,"href":"https:\/\/archiviogioia.lavocedelpaese.info\/index.php?rest_route=%2Fwp%2Fv2%2Fcomments&post=61903"}],"version-history":[{"count":0,"href":"https:\/\/archiviogioia.lavocedelpaese.info\/index.php?rest_route=\/wp\/v2\/posts\/61903\/revisions"}],"wp:attachment":[{"href":"https:\/\/archiviogioia.lavocedelpaese.info\/index.php?rest_route=%2Fwp%2Fv2%2Fmedia&parent=61903"}],"wp:term":[{"taxonomy":"category","embeddable":true,"href":"https:\/\/archiviogioia.lavocedelpaese.info\/index.php?rest_route=%2Fwp%2Fv2%2Fcategories&post=61903"},{"taxonomy":"post_tag","embeddable":true,"href":"https:\/\/archiviogioia.lavocedelpaese.info\/index.php?rest_route=%2Fwp%2Fv2%2Ftags&post=61903"}],"curies":[{"name":"wp","href":"https:\/\/api.w.org\/{rel}","templated":true}]}}