{"id":62002,"date":"2019-10-15T08:54:22","date_gmt":"2019-10-15T08:54:22","guid":{"rendered":"https:\/\/archiviogioia.lavocedelpaese.info\/?p=62002"},"modified":"2019-10-15T08:54:22","modified_gmt":"2019-10-15T08:54:22","slug":"15-edizione-2019-2020-premio-per-la-storia-locale","status":"publish","type":"post","link":"https:\/\/archiviogioia.lavocedelpaese.info\/?p=62002","title":{"rendered":"15^ EDIZIONE (2019-2020) PREMIO PER LA STORIA LOCALE"},"content":{"rendered":"<p><a title=\"panoramica gioia del colle\" href=\"https:\/\/www.flickr.com\/photos\/91470992@N02\/47114709872\/in\/photolist-Y1WT5S-WM5ban-WM53ec-TvNaSS-U1uts4-X1iYiG-GPo2bf-GPsBpr-HjK4Jm-Gn7uM4-GQyAhB-G29qXr-Epikw3-F4St7N-CqVn5v-CSfEqX-CPWT9w-CENN9B-zn14Gb-ysfe2n-wX5Hc3-wXQ3Vi-vnsyiH-q4yRa9-q8EP6G-edoidk-jcPKcv-iZsDYP-j4Y3xp-gBkb9x-guu8oE-fMtnP2-fERQYR-eynjNi-eyqtFA-edoj8D-2eMn7w9-2eMncN1\" data-flickr-embed=\"true\"><img loading=\"lazy\" decoding=\"async\" style=\"display: block; margin-left: auto; margin-right: auto;\" src=\"https:\/\/live.staticflickr.com\/7914\/47114709872_667ece81cf_z.jpg\" alt=\"panoramica gioia del colle\" width=\"320\" height=\"240\" \/><\/a><\/p>\n<p><!--more--><\/p>\n<p style=\"text-align: justify;\"><a title=\"Premio-storia locale 15\" href=\"https:\/\/www.flickr.com\/photos\/91470992@N02\/48904978546\/in\/dateposted-public\/\" data-flickr-embed=\"true\"><img loading=\"lazy\" decoding=\"async\" style=\"margin: 4px; float: left;\" src=\"https:\/\/live.staticflickr.com\/65535\/48904978546_152d693b60.jpg\" alt=\"Premio-storia locale 15\" width=\"400\" height=\"440\" \/><\/a>\u201c<strong>La storia \u00e8 un ponte tra passato e futuro per poter migliorare il presente<\/strong>. \u00c8 un faro che illumina l\u2019ingresso della strada da percorrere; uno strumento che agevola la comprensione del presente per poter meglio e con pi\u00f9 consapevolezza affrontare le scelte future di ogni societ\u00e0 e comunit\u00e0.<\/p>\n<p style=\"text-align: justify;\">Il Comune di Noci al fine di <strong>continuare ad incentivare gli studi storici locali<\/strong>, anche alla luce dei positivi riscontri delle passate edizioni<strong>, ha indetto la 15^ edizione del \u201cPremio Noci per la storia locale\u201d relativa al biennio 2019-2020<\/strong>.<\/p>\n<p style=\"text-align: justify;\">Il concorso si articola in <strong>tre sezioni<\/strong>: la prima \u00e8 riservata a opere e a tesi sulla storia di Noci; <strong>alla seconda possono essere presentate opere sulla storia dell\u2019area comprendente i comuni<\/strong> <strong>di<\/strong> <strong>Gioia del Colle<\/strong>, Acquaviva delle Fonti, Alberobello, Casamassima, Castellana Grotte, Castellaneta, Cisternino, Conversano, Crispiano, Fasano, Locorotondo, Martina Franca, Massafra, Monopoli, Mottola, Palagianello, Palagiano, Polignano a Mare, Putignano, Rutigliano, Sammichele di Bari e Turi.<\/p>\n<p style=\"text-align: justify;\"><strong>La terza sezione, intestata al professor \u201cGiulio Esposito\u201d<\/strong>, \u00e8 riservata ad articoli o brevi opere sulla storia di Noci redatti da giovani che non abbiano compiuto i venti anni di et\u00e0 alla data del 31\/12\/2018.<\/p>\n<p style=\"text-align: justify;\"><strong>Al \u201cPremio\u201d possono essere presentati lavori inediti oppure pubblicati nel biennio 2019- 2020<\/strong> e tesi di dottorato, di specializzazione e di laurea magistrale discusse nello stesso periodo.<\/p>\n<p style=\"text-align: justify;\"><strong>La Commissione esaminatrice<\/strong>, che sar\u00e0 nominata dalla Giunta comunale, sar\u00e0 composta dal Sindaco o suo delegato (presidente), dal Presidente della Societ\u00e0 di storia patria per la Puglia (o suo delegato), da tre esperti in discipline storico-umanistiche e dal Direttore della Biblioteca comunale (segretario). Essa assegner\u00e0, a giudizio insindacabile, i <strong>premi<\/strong> lordi di <strong>\u20ac <span>2.000,00 <\/span>per la 1^ sezione, \u20ac <span>1.500,00 <\/span>per la 2^ sezione ed \u20ac <span>350,00 <\/span>per la 3^ sezione<\/strong>.<\/p>\n<p style=\"text-align: justify;\"><strong><span style=\"color: windowtext;\">Le opere concorrenti<\/span><\/strong><span style=\"color: windowtext;\">, corredate da una scheda debitamente sottoscritta e contenente le generalit\u00e0 e l\u2019indirizzo dell\u2019autore o degli autori, <strong>dovranno pervenire <\/strong>in 7 copie, franche di ogni spesa, <strong>alla Segreteria del \u201cPremio Noci per la storia locale\u201d<\/strong>, presso la Biblioteca Comunale \u201cMons. A. Amatulli\u201d di Noci, Via Cappuccini, 4 (Tel. 0804977304 \u2013 e-mail: <a href=\"mailto:biblionoci@libero.it\">biblionoci@libero.it<\/a>), <strong>entro le ore 13.00 del giorno 15-12-2020\u201d<\/strong>. <\/span><\/p>\n<p style=\"text-align: right;\" align=\"right\"><strong><span style=\"color: windowtext;\">G.B.<\/span><\/strong><\/p>\n<p>&nbsp;<\/p>\n","protected":false},"excerpt":{"rendered":"","protected":false},"author":1,"featured_media":0,"comment_status":"open","ping_status":"closed","sticky":false,"template":"","format":"standard","meta":{"colormag_page_container_layout":"default_layout","colormag_page_sidebar_layout":"default_layout","footnotes":""},"categories":[7],"tags":[],"class_list":["post-62002","post","type-post","status-publish","format-standard","hentry","category-attualita"],"_links":{"self":[{"href":"https:\/\/archiviogioia.lavocedelpaese.info\/index.php?rest_route=\/wp\/v2\/posts\/62002","targetHints":{"allow":["GET"]}}],"collection":[{"href":"https:\/\/archiviogioia.lavocedelpaese.info\/index.php?rest_route=\/wp\/v2\/posts"}],"about":[{"href":"https:\/\/archiviogioia.lavocedelpaese.info\/index.php?rest_route=\/wp\/v2\/types\/post"}],"author":[{"embeddable":true,"href":"https:\/\/archiviogioia.lavocedelpaese.info\/index.php?rest_route=\/wp\/v2\/users\/1"}],"replies":[{"embeddable":true,"href":"https:\/\/archiviogioia.lavocedelpaese.info\/index.php?rest_route=%2Fwp%2Fv2%2Fcomments&post=62002"}],"version-history":[{"count":0,"href":"https:\/\/archiviogioia.lavocedelpaese.info\/index.php?rest_route=\/wp\/v2\/posts\/62002\/revisions"}],"wp:attachment":[{"href":"https:\/\/archiviogioia.lavocedelpaese.info\/index.php?rest_route=%2Fwp%2Fv2%2Fmedia&parent=62002"}],"wp:term":[{"taxonomy":"category","embeddable":true,"href":"https:\/\/archiviogioia.lavocedelpaese.info\/index.php?rest_route=%2Fwp%2Fv2%2Fcategories&post=62002"},{"taxonomy":"post_tag","embeddable":true,"href":"https:\/\/archiviogioia.lavocedelpaese.info\/index.php?rest_route=%2Fwp%2Fv2%2Ftags&post=62002"}],"curies":[{"name":"wp","href":"https:\/\/api.w.org\/{rel}","templated":true}]}}