{"id":62013,"date":"2019-10-15T09:01:17","date_gmt":"2019-10-15T09:01:17","guid":{"rendered":"https:\/\/archiviogioia.lavocedelpaese.info\/?p=62013"},"modified":"2019-10-15T09:01:17","modified_gmt":"2019-10-15T09:01:17","slug":"i-marciapiedi-dimenticati-di-via-federico-ii-di-svevia-e-aldo-morofoto-2","status":"publish","type":"post","link":"https:\/\/archiviogioia.lavocedelpaese.info\/?p=62013","title":{"rendered":"I marciapiedi dimenticati di via Federico II di Svevia e Aldo Moro\/foto"},"content":{"rendered":"<p><a title=\"marciapiedi\" href=\"https:\/\/www.flickr.com\/photos\/91470992@N02\/48903887412\/in\/dateposted-public\/\" data-flickr-embed=\"true\"><img loading=\"lazy\" decoding=\"async\" style=\"display: block; margin-left: auto; margin-right: auto;\" src=\"https:\/\/live.staticflickr.com\/65535\/48903887412_6ee2e99720_z.jpg\" alt=\"marciapiedi\" width=\"320\" height=\"240\" \/><\/a><\/p>\n<p><!--more--><\/p>\n<p style=\"text-align: justify;\"><a title=\"3               100_6578\" href=\"https:\/\/www.flickr.com\/photos\/91470992@N02\/48903887697\/in\/album-72157711348645241\/\" data-flickr-embed=\"true\"><img loading=\"lazy\" decoding=\"async\" style=\"margin: 4px; float: left;\" src=\"https:\/\/live.staticflickr.com\/65535\/48903887697_19b39af314_z.jpg\" alt=\"3               100_6578\" width=\"400\" height=\"300\" \/><\/a> <strong>Tempi duri e pericolosi, molto pericolosi, per<\/strong> gli <strong>studenti<\/strong> del Plesso scolastico di via Eva e per i loro <strong>genitori<\/strong>, per le <strong>mamme con al seguito il passeggino<\/strong>, i <strong>disabili<\/strong> o i <strong>nonni<\/strong> <strong>che frequentano o parcheggiano in<\/strong> <strong>quella zona<\/strong> di via Federico II di Svevia.<\/p>\n<p style=\"text-align: justify;\"><strong>Quanto immortalato<\/strong> nelle foto scattate dal nostro amico\/collaboratore <strong>Giacomo Magistro<\/strong> (attivista LIPU) <strong>ha dell\u2019incredibile<\/strong>, <strong>da non crederci<\/strong>. Eppure \u00e8 una zona molto frequentata e trafficata a qualsiasi ora, anche per la presenza di supermercati e attivit\u00e0 commerciali e di servizi che attirano clienti da diverse zone del paese, dell\u2019Ufficio Postale, fermate di autobus.<\/p>\n<p style=\"text-align: justify;\"><strong>Possibile che nessuno<\/strong> degli addetti alla sicurezza pubblica <strong>abbia mai notato<\/strong> una situazione cos\u00ec pericolosa per gran parte dei pedoni? Possibile <strong>che<\/strong> <strong>nessuno<\/strong> <strong>sia ancora intervenuto?<\/strong> <strong>Cosa si sta aspettando? Per caso la solita tragedia annunciata?<\/strong> O<a title=\"11              100_6589\" href=\"https:\/\/www.flickr.com\/photos\/91470992@N02\/48903884307\/in\/album-72157711348645241\/\" data-flickr-embed=\"true\"><img loading=\"lazy\" decoding=\"async\" style=\"margin: 4px; float: right;\" src=\"https:\/\/live.staticflickr.com\/65535\/48903884307_679432ce20_z.jpg\" alt=\"11              100_6589\" width=\"400\" height=\"300\" \/><\/a>ppure che quelle buche, ben posizionate al centro dei marciapiedi, sprofondino definitivamente fino a trasformarsi in autentiche voragini? Allo stato attuale sarebbero da considerare gi\u00e0 tali, visto che si raggiunge la profondit\u00e0 di 21 centimetri. <strong>Buche che costringono le mamme e i portato<\/strong><strong>ri di handicap ad autentiche gimcane<\/strong> per evitare di finirci dentro o cadere rovinosamente.<\/p>\n<p style=\"text-align: justify;\"><strong>Un pericolo a cui si aggiunge la disastrosa situazione<\/strong> <strong>della pavimentazione<\/strong> degli stessi marciapiedi, con mattonelle sollevate o divelte, e i marciapiedi ridotti in uno stato pietoso, <strong>quasi al limite dell\u2019indecenza<\/strong>, senza parlare delle <strong>strisce pedonali ormai rese invisibili<\/strong>, nonostante siano da considerare indispensabili per tutti, non solo per i genitori e gli studenti, per attraversare in sic<a title=\"14              100_6601\" href=\"https:\/\/www.flickr.com\/photos\/91470992@N02\/48903674291\/in\/album-72157711348645241\/\" data-flickr-embed=\"true\"><img loading=\"lazy\" decoding=\"async\" style=\"margin: 4px; float: left;\" src=\"https:\/\/live.staticflickr.com\/65535\/48903674291_66f30bca9c_z.jpg\" alt=\"14              100_6601\" width=\"400\" height=\"300\" \/><\/a>urezza l\u2019ex statale sempre pi\u00f9 trafficata e in cui si sfreccia a velocit\u00e0 pi\u00f9 che sostenuta, nonostante la presenza di dossi artificiali.<\/p>\n<p style=\"text-align: justify;\"><strong>E non da meno \u00e8 la situazione dei marciap<\/strong><strong>iedi presenti di via Aldo Moro<\/strong>, la strada che conduce dalla via per Noci al Liceo Scientifico. Anche questa zona molto trafficata per la presenza di un asilo comunale, oltre al Liceo, dell\u2019Agenzia delle Entrate, supermercati, attivit\u00e0 commerciali, oltre a numerosi uffici e abitazioni di edilizia popolare. <strong>Anche qui buche e mattonelle divelte a gog\u00f2<\/strong>, <strong>marciapiedi rotti, erbaccia presente in ogni interstizio<\/strong>. Anche qui la consueta, solita, immancabile incuria. <strong>Quando si interverr\u00e0?<\/strong> In tanti non vedono l\u2019ora di veder postati sui media, o profili personali degli amministratori, i loro selfie effettuati in queste zone, ormai sinonimo di interventi di ripristino e di manutenzione effettuate. <strong>Sindaco, ci possono sperare?<\/strong><\/p>\n<p style=\"text-align: justify;\"><strong>Per visualizzare la gallery clicca sulla foto sottostante<\/strong><\/p>\n<p><a title=\"Gioia del Colle: Marciapiedi pericolosi\" href=\"https:\/\/www.flickr.com\/photos\/91470992@N02\/albums\/72157711348645241\" data-flickr-embed=\"true\"><img loading=\"lazy\" decoding=\"async\" src=\"https:\/\/live.staticflickr.com\/65535\/48903887697_19b39af314_z.jpg\" alt=\"Gioia del Colle: Marciapiedi pericolosi\" width=\"640\" height=\"480\" \/><\/a><\/p>\n","protected":false},"excerpt":{"rendered":"","protected":false},"author":1,"featured_media":0,"comment_status":"open","ping_status":"closed","sticky":false,"template":"","format":"standard","meta":{"colormag_page_container_layout":"default_layout","colormag_page_sidebar_layout":"default_layout","footnotes":""},"categories":[8],"tags":[],"class_list":["post-62013","post","type-post","status-publish","format-standard","hentry","category-cronaca"],"_links":{"self":[{"href":"https:\/\/archiviogioia.lavocedelpaese.info\/index.php?rest_route=\/wp\/v2\/posts\/62013","targetHints":{"allow":["GET"]}}],"collection":[{"href":"https:\/\/archiviogioia.lavocedelpaese.info\/index.php?rest_route=\/wp\/v2\/posts"}],"about":[{"href":"https:\/\/archiviogioia.lavocedelpaese.info\/index.php?rest_route=\/wp\/v2\/types\/post"}],"author":[{"embeddable":true,"href":"https:\/\/archiviogioia.lavocedelpaese.info\/index.php?rest_route=\/wp\/v2\/users\/1"}],"replies":[{"embeddable":true,"href":"https:\/\/archiviogioia.lavocedelpaese.info\/index.php?rest_route=%2Fwp%2Fv2%2Fcomments&post=62013"}],"version-history":[{"count":0,"href":"https:\/\/archiviogioia.lavocedelpaese.info\/index.php?rest_route=\/wp\/v2\/posts\/62013\/revisions"}],"wp:attachment":[{"href":"https:\/\/archiviogioia.lavocedelpaese.info\/index.php?rest_route=%2Fwp%2Fv2%2Fmedia&parent=62013"}],"wp:term":[{"taxonomy":"category","embeddable":true,"href":"https:\/\/archiviogioia.lavocedelpaese.info\/index.php?rest_route=%2Fwp%2Fv2%2Fcategories&post=62013"},{"taxonomy":"post_tag","embeddable":true,"href":"https:\/\/archiviogioia.lavocedelpaese.info\/index.php?rest_route=%2Fwp%2Fv2%2Ftags&post=62013"}],"curies":[{"name":"wp","href":"https:\/\/api.w.org\/{rel}","templated":true}]}}