{"id":62057,"date":"2019-10-24T08:42:43","date_gmt":"2019-10-24T08:42:43","guid":{"rendered":"https:\/\/archiviogioia.lavocedelpaese.info\/?p=62057"},"modified":"2019-10-24T08:42:43","modified_gmt":"2019-10-24T08:42:43","slug":"gestione-asilo-e-trasporto-scolastico-il-disappunto-de-la-bottega","status":"publish","type":"post","link":"https:\/\/archiviogioia.lavocedelpaese.info\/?p=62057","title":{"rendered":"Gestione asilo e trasporto scolastico. Il disappunto de \u201cLa Bottega\u201d"},"content":{"rendered":"<p><a title=\"asilo nido\" href=\"https:\/\/www.flickr.com\/photos\/91470992@N02\/48953025066\/in\/dateposted-public\/\" data-flickr-embed=\"true\"><img loading=\"lazy\" decoding=\"async\" style=\"display: block; margin-left: auto; margin-right: auto;\" src=\"https:\/\/live.staticflickr.com\/65535\/48953025066_a493bda5e2_z.jpg\" alt=\"asilo nido\" width=\"320\" height=\"240\" \/><\/a><\/p>\n<p><!--more--><\/p>\n<p style=\"margin-bottom: 0.0001pt; line-height: normal; text-align: justify;\"><a title=\"trasporto scuolabus\" href=\"https:\/\/www.flickr.com\/photos\/91470992@N02\/16113445540\/in\/photolist-24TmbpB-24Tmbnx-23GSp87-23GSkCb-YGbzX6-R1Kfvw-PMLmd5-L9reM4-zYWSv5-qxTBYy-oWpeHu-pqs3CN-oZHZyJ-ok9QYS-n7y7Te-mAYEzc-h5yuhP-o5H4J8\" data-flickr-embed=\"true\"><img loading=\"lazy\" decoding=\"async\" style=\"margin: 4px; float: left;\" src=\"https:\/\/live.staticflickr.com\/7555\/16113445540_06e920f6f2_w.jpg\" alt=\"trasporto scuolabus\" width=\"400\" height=\"300\" \/><\/a><span><span>\u201cL&#8217;associazione politico culturale \u201cCitt\u00e0 di tutti &#8211; La Bottega\u201d e i consiglieri che la rappresentano in Consiglio Comunale <strong>esprimono il loro disappunto per la sciatteria con cui la maggioranza e la Giunta guidata dal sindaco Mastrangelo stanno gestendo questioni nevralgiche<\/strong> per la quotidianit\u00e0 di numerosi cittadini gioiesi e in special modo per le fasce di popolazione pi\u00f9 deboli.<\/span><\/span><\/p>\n<p style=\"margin-bottom: 0.0001pt; line-height: normal; text-align: justify;\"><span><span>Servizi fondamentali <strong>come l&#8217;asilo nido e il trasporto scolastico<\/strong> in una citt\u00e0 che diventa sempre pi\u00f9 grande e plurale sono alla base dell&#8217;agire politico di ogni buona amministrazione e la loro erogazione va sempre programmata per tempo per dare certezze a chi ne deve fruire (talvolta a pagamento).<\/span><\/span><\/p>\n<p style=\"margin-bottom: 0.0001pt; line-height: normal; text-align: justify;\"><span><span>Con l&#8217;inquietante cartello esposto sul cancello di ingresso all&#8217;asilo nido viene paventata una insidiosa direzione data dall&#8217;attuale amministrazione alla gestione dei servizi primari alla popolazione che porta direttamente ad una generale loro esternalizzazione e che conferma una propria incapacit\u00e0 di programmazione. Prova ne \u00e8 la stessa <strong>gestione del trasporto scolastico che a un mese dall&#8217;inizio delle lezioni non rassicura certamente i fruitori<\/strong>, soprattutto extra-urbani, i quali non hanno certezze sul prosieguo di tale servizio dopo il prossimo dicembre e che addirittura si stanno organizzando per un trasporto privato per i propri figli con ulteriori aggravi di spesa.<\/span><\/span><\/p>\n<p style=\"margin-bottom: 0.0001pt; line-height: normal; text-align: justify;\"><span><strong><span>La Bottega denuncia queste colpevoli inadempienze da parte dell&#8217;amministrazione<\/span><\/strong><\/span><span><span> e si impegna a portare in Consiglio Comunale le pi\u00f9 che legittime preoccupazioni dei cittadini per ridare loro la giusta tranquillit\u00e0 che \u00e8 doveroso dare a chi paga le tasse\u201d.<\/span><\/span><\/p>\n<p style=\"margin-bottom: 0.0001pt; text-align: right; line-height: normal;\" align=\"right\"><span><strong><span>Uff. Comunicazione \u201cCitt\u00e0 di tutti \u2013 La Bottega\u201d<\/span><\/strong><\/span><\/p>\n<p>&nbsp;<\/p>\n","protected":false},"excerpt":{"rendered":"","protected":false},"author":1,"featured_media":0,"comment_status":"open","ping_status":"closed","sticky":false,"template":"","format":"standard","meta":{"colormag_page_container_layout":"default_layout","colormag_page_sidebar_layout":"default_layout","footnotes":""},"categories":[4],"tags":[],"class_list":["post-62057","post","type-post","status-publish","format-standard","hentry","category-politica"],"_links":{"self":[{"href":"https:\/\/archiviogioia.lavocedelpaese.info\/index.php?rest_route=\/wp\/v2\/posts\/62057","targetHints":{"allow":["GET"]}}],"collection":[{"href":"https:\/\/archiviogioia.lavocedelpaese.info\/index.php?rest_route=\/wp\/v2\/posts"}],"about":[{"href":"https:\/\/archiviogioia.lavocedelpaese.info\/index.php?rest_route=\/wp\/v2\/types\/post"}],"author":[{"embeddable":true,"href":"https:\/\/archiviogioia.lavocedelpaese.info\/index.php?rest_route=\/wp\/v2\/users\/1"}],"replies":[{"embeddable":true,"href":"https:\/\/archiviogioia.lavocedelpaese.info\/index.php?rest_route=%2Fwp%2Fv2%2Fcomments&post=62057"}],"version-history":[{"count":0,"href":"https:\/\/archiviogioia.lavocedelpaese.info\/index.php?rest_route=\/wp\/v2\/posts\/62057\/revisions"}],"wp:attachment":[{"href":"https:\/\/archiviogioia.lavocedelpaese.info\/index.php?rest_route=%2Fwp%2Fv2%2Fmedia&parent=62057"}],"wp:term":[{"taxonomy":"category","embeddable":true,"href":"https:\/\/archiviogioia.lavocedelpaese.info\/index.php?rest_route=%2Fwp%2Fv2%2Fcategories&post=62057"},{"taxonomy":"post_tag","embeddable":true,"href":"https:\/\/archiviogioia.lavocedelpaese.info\/index.php?rest_route=%2Fwp%2Fv2%2Ftags&post=62057"}],"curies":[{"name":"wp","href":"https:\/\/api.w.org\/{rel}","templated":true}]}}