{"id":62071,"date":"2019-10-24T10:12:19","date_gmt":"2019-10-24T10:12:19","guid":{"rendered":"https:\/\/archiviogioia.lavocedelpaese.info\/?p=62071"},"modified":"2019-10-24T10:12:19","modified_gmt":"2019-10-24T10:12:19","slug":"suite-101-cover-dei-nomadi-allantico-leccio-2","status":"publish","type":"post","link":"https:\/\/archiviogioia.lavocedelpaese.info\/?p=62071","title":{"rendered":"\u201cSuite 101\u201d cover dei Nomadi all\u2019Antico Leccio"},"content":{"rendered":"<p><a title=\"suite 101 cover band Nomadi\" href=\"https:\/\/www.flickr.com\/photos\/91470992@N02\/48953562781\" data-flickr-embed=\"true\"><img loading=\"lazy\" decoding=\"async\" style=\"display: block; margin-left: auto; margin-right: auto;\" src=\"https:\/\/live.staticflickr.com\/65535\/48953562781_091d91a68e_z.jpg\" alt=\"suite 101 cover band Nomadi\" width=\"320\" height=\"240\" \/><\/a><\/p>\n<p><!--more--><\/p>\n<p style=\"text-align: justify;\"><a title=\"cover band nomadi\" href=\"https:\/\/www.flickr.com\/photos\/91470992@N02\/48953555401\/in\/photostream\/\" data-flickr-embed=\"true\"><img loading=\"lazy\" decoding=\"async\" style=\"margin: 4px; float: left;\" src=\"https:\/\/live.staticflickr.com\/65535\/48953555401_9179184806_z.jpg\" alt=\"cover band nomadi\" width=\"400\" height=\"565\" \/><\/a>Sar\u00e0 la <strong>\u201cSuite 101\u201d prima cover band ufficiale dei Nomadi<\/strong> della Basilicata, ad animare il 27 ottobre prossimo, ore 13:00, una delle giornate in famiglia organizzate da <strong>Elio Gisotti<\/strong>, a pochi giorni dal 27\u00b0 anniversario della morte di <strong>Augusto D<span>aolio<\/span><\/strong><span> &#8211; <\/span>voce e leader storico dei cosiddetti \u201cFilosofi vagabondi\u201d<span>, sconfitto a soli 45 anni da un tumore ai polmoni<\/span>.<\/p>\n<p style=\"text-align: justify;\"><strong>La cover band<\/strong> ha mosso i suoi primi passi nove anni fa da un\u2019idea di tre ragazzi di Montalbano Jonico: due fratelli Alfonso (polistrumentista alle chitarre) e Francesco Quinto (pittore, al basso), e Leo Lateana (agente di commercio, alla chitarra e alla seconda voce). Dopo varie formazioni si sono aggiunti tre tursitani: il maestro diplomato in flauto traverso, Angelo Alvarenz, alla tastiera, il geometra Rocco Pitrelli alla prima voce e Francesco D&#8217;Alessandro, fresco di conservatorio, alla batteria. Una formazione stabile accomunata dall\u2019obiettivo di formare una cover band dei Nomadi.<\/p>\n<p style=\"text-align: justify;\">Sessantasei anni il pi\u00f9 anziano e 24 il pi\u00f9 giovane.<\/p>\n<p style=\"text-align: justify;\">\u201cMa che film la vita\u201d \u00e8 la canzone che pi\u00f9 li unisce. \u201cMa ognuno di noi ha nel cuore una sua canzone\u201d, ha dichiarato per tutti Francesco.<\/p>\n<p style=\"text-align: justify;\">Il nome della band \u00e8 stato un problema risolto in parte con un calcolo matematico: \u201cAbbiamo fatto la somma delle nostre et\u00e0 ed \u00e8 risultato il numero 101. Poi, ho pensato di abbinare questo numero ad un nome e cos\u00ec \u00e8 stato confermato \u201cSuite101\u201d.<\/p>\n<p style=\"text-align: justify;\">Tra i sogni nel cassetto, esibirsi con i Nomadi, uno dei gruppi musicali pi\u00f9 longevi del panorama musicale italiano.<\/p>\n<p style=\"text-align: justify;\"><strong>Per prenotazioni contattare il 3337915162.<\/strong><\/p>\n<p>&nbsp;<\/p>\n","protected":false},"excerpt":{"rendered":"","protected":false},"author":1,"featured_media":0,"comment_status":"open","ping_status":"closed","sticky":false,"template":"","format":"standard","meta":{"colormag_page_container_layout":"default_layout","colormag_page_sidebar_layout":"default_layout","footnotes":""},"categories":[7],"tags":[],"class_list":["post-62071","post","type-post","status-publish","format-standard","hentry","category-attualita"],"_links":{"self":[{"href":"https:\/\/archiviogioia.lavocedelpaese.info\/index.php?rest_route=\/wp\/v2\/posts\/62071","targetHints":{"allow":["GET"]}}],"collection":[{"href":"https:\/\/archiviogioia.lavocedelpaese.info\/index.php?rest_route=\/wp\/v2\/posts"}],"about":[{"href":"https:\/\/archiviogioia.lavocedelpaese.info\/index.php?rest_route=\/wp\/v2\/types\/post"}],"author":[{"embeddable":true,"href":"https:\/\/archiviogioia.lavocedelpaese.info\/index.php?rest_route=\/wp\/v2\/users\/1"}],"replies":[{"embeddable":true,"href":"https:\/\/archiviogioia.lavocedelpaese.info\/index.php?rest_route=%2Fwp%2Fv2%2Fcomments&post=62071"}],"version-history":[{"count":0,"href":"https:\/\/archiviogioia.lavocedelpaese.info\/index.php?rest_route=\/wp\/v2\/posts\/62071\/revisions"}],"wp:attachment":[{"href":"https:\/\/archiviogioia.lavocedelpaese.info\/index.php?rest_route=%2Fwp%2Fv2%2Fmedia&parent=62071"}],"wp:term":[{"taxonomy":"category","embeddable":true,"href":"https:\/\/archiviogioia.lavocedelpaese.info\/index.php?rest_route=%2Fwp%2Fv2%2Fcategories&post=62071"},{"taxonomy":"post_tag","embeddable":true,"href":"https:\/\/archiviogioia.lavocedelpaese.info\/index.php?rest_route=%2Fwp%2Fv2%2Ftags&post=62071"}],"curies":[{"name":"wp","href":"https:\/\/api.w.org\/{rel}","templated":true}]}}