{"id":62181,"date":"2019-11-14T10:02:16","date_gmt":"2019-11-14T10:02:16","guid":{"rendered":"https:\/\/archiviogioia.lavocedelpaese.info\/?p=62181"},"modified":"2019-11-14T10:02:16","modified_gmt":"2019-11-14T10:02:16","slug":"al-via-il-mese-del-benessere-psicologico-attivati-tre-seminari","status":"publish","type":"post","link":"https:\/\/archiviogioia.lavocedelpaese.info\/?p=62181","title":{"rendered":"Al via il \u201cMese del benessere psicologico\u201d. Attivati tre seminari"},"content":{"rendered":"<p><a title=\"mese del benessere psicologico\" href=\"https:\/\/www.flickr.com\/photos\/91470992@N02\/49065638892\" data-flickr-embed=\"true\"><img loading=\"lazy\" decoding=\"async\" style=\"display: block; margin-left: auto; margin-right: auto;\" src=\"https:\/\/live.staticflickr.com\/65535\/49065638892_69c8443a5e_z.jpg\" alt=\"mese del benessere psicologico\" width=\"320\" height=\"240\" \/><\/a><\/p>\n<p><!--more--><\/p>\n<p style=\"margin-bottom: 0.0001pt; line-height: normal; text-align: justify;\"><a title=\"mese del benessere psicologico\" href=\"https:\/\/www.flickr.com\/photos\/91470992@N02\/49065634412\/in\/photostream\/\" data-flickr-embed=\"true\"><img loading=\"lazy\" decoding=\"async\" style=\"margin: 4px; float: left;\" src=\"https:\/\/live.staticflickr.com\/65535\/49065634412_21bfc2c96a_z.jpg\" alt=\"mese del benessere psicologico\" width=\"400\" height=\"151\" \/><\/a> <strong>Il 15 novembre<\/strong> alle ore 16.30 nel chiostro del Comune di Gioia <strong>si aprir\u00e0 il seminario \u201cInsieme per il benessere\u201d<\/strong>, <strong>fortemente voluto<\/strong> ed organizzato dal Comune di Gioia e dall\u2019Assessorato ai Servizi sociali rappresentato <strong>dalla dottoressa Vanna Pontiggia<\/strong>, con il supporto di una efficientissima segreteria organizzativa di cui fanno parte <strong>Lucia Prudente<\/strong>, <strong>Federica Coletta<\/strong>, <strong>Mariacarla Perfido<\/strong>, dottoresse in Psicologia Clinica.<\/p>\n<p style=\"margin-bottom: 0.0001pt; line-height: normal; text-align: justify;\"><strong>Un evento prestigioso e di grande valenza per tutti<\/strong>, non facile da portare in provincia &#8211; proposto nella nostra citt\u00e0 nel mese del \u201cBenessere psicologico\u201d-, che si avvale del patrocinio dell\u2019Ordine degli Psicologi di Puglia, della Asl Bari, della Societ\u00e0 italiana di Psico-oncologia, dell\u2019associazione aBRCAdaBRA impegnata nell\u2019offrire sostegno alle donne colpite da tumore ereditario alla mammella e all\u2019ovaio, dell\u2019Ordine dei medici di Bari e del Lions Club \u201cMonte Joha\u201d che non fa mai mancare il suo supporto alle iniziative della Pontiggia, socia del Club.<\/p>\n<p style=\"margin-bottom: 0.0001pt; line-height: normal; text-align: justify;\"><strong>Tre giornate dedicate al benessere psicologico della persona<\/strong>, curato in ogni declinazione grazie all\u2019intervento di professionisti che parleranno di wellness nelle giornate del <strong>15-21-28 novembre<\/strong>, i quali dovranno concentrare in 15 minuti interventi importanti per comprendere le problematiche che minano il benessere e le possibili soluzioni. Il seminario \u00e8 aperto a tutta la cittadinanza, ovvero a chi vorr\u00e0 di volta in volta approcciarsi alle tematiche affrontate da relatori di altissimo profilo e professionalit\u00e0, esperti nel loro settore. <strong>Ai partecipanti sar\u00e0 rilasciato un attestato<\/strong> utile ai fini dell\u2019ottenimento di crediti.<\/p>\n<p style=\"margin-bottom: 0.0001pt; line-height: normal; text-align: justify;\"><strong>Dopo i saluti istituzionale<\/strong> del sindaco Johnny Mastrangelo, del dottor Antonio Di Gioia, presidente dell\u2019Ordine Psicologi di Puglia, di Vanna Pontiggia e dell\u2019assessore alla Cultura Lucio Romano, <strong>partiranno gli interv<\/strong><a title=\"mese del benessere psicologico\" href=\"https:\/\/www.flickr.com\/photos\/91470992@N02\/49065420136\/in\/photostream\/\" data-flickr-embed=\"true\"><img loading=\"lazy\" decoding=\"async\" style=\"margin: 4px; float: right;\" src=\"https:\/\/live.staticflickr.com\/65535\/49065420136_f5fbe6e9ec_z.jpg\" alt=\"mese del benessere psicologico\" width=\"450\" height=\"640\" \/><\/a><strong>enti<\/strong>.<\/p>\n<p style=\"margin-bottom: 0.0001pt; line-height: normal; text-align: justify;\"><strong>Programma della prima giornata.<\/strong><\/p>\n<p style=\"margin-bottom: 0.0001pt; line-height: normal; text-align: justify;\"><strong>16.45:<\/strong> <span><\/span>SALUTE E DIRITTO: LIBERT\u00c0 DI SCELTA E CONTINUIT\u00c0 TERAPEUTICA &#8211; <strong>Valentina Palmigiani<\/strong> &#8211; Avvocato<\/p>\n<p style=\"margin-bottom: 0.0001pt; line-height: normal; text-align: justify;\"><strong>17.00:<\/strong> <span><\/span>IL RUOLO DELLO PSICOLOGO NEI SERVIZI SOCIALI COMUNALI &#8211; <strong>Maria Loviglio<\/strong> &#8211; Psicologa, Psicoterapeuta Ambito Territoriale \u201cAlto Tavoliere\u201d<\/p>\n<p style=\"margin-bottom: 0.0001pt; line-height: normal; text-align: justify;\"><strong>17.15:<\/strong> <span><\/span>LA VOCE DEL CORPO: LA PSICOTERAPIA UMANISTICA E BIOENERGETICA &#8211; <strong>Elena Maraglino<\/strong> &#8211; Psicologa, Psicoterapeuta<\/p>\n<p style=\"margin-bottom: 0.0001pt; line-height: normal; text-align: justify;\"><strong>17.30<\/strong><span> <\/span>IL DOLORE PSICOSOMATICO &#8211; <strong>Mariagrazia Carone<\/strong> &#8211; Dirigente Psicologo Psicoterapeuta UOC Psichiatria Az. Osp. Univ. Policlinico Consorz. Bari, Coord. Reg. SIPO, Prof. a Contratto Universit\u00e0 degli Studi di Bari<\/p>\n<p style=\"margin-bottom: 0.0001pt; line-height: normal; text-align: justify;\"><strong>17.45:<\/strong> <span><\/span>LA PRESA IN CARICO DELLA FAMIGLIA NELLA MALATTIA CRONICA &#8211; <strong>Annarosa Melillo<\/strong> &#8211; Dirigente Psicologo Psicoterapeuta c\/o U.O.C. di Psicologia Clinica e NPIA ASL BA<\/p>\n<p style=\"margin-bottom: 0.0001pt; line-height: normal; text-align: justify;\"><strong>18.00:<\/strong><span> <\/span>GLI ANZIANI IN OSPEDALE &#8211; <strong>Giuseppe Orsitto<\/strong> &#8211; Dirigente Medico Geriatra Struttura Complessa di Medicina Interna, p.o. Bari \u201cSud\u201d di Venere ASL Ba<\/p>\n<p style=\"margin-bottom: 0.0001pt; line-height: normal; text-align: justify;\"><strong>18.15:<\/strong><span> <\/span>ALZHEIMER: I VISSUTI EMOTIVI DEL CAREGIVER E STRATEGIE DI SUPPORTO &#8211; <strong>Domenica Deramo<\/strong> &#8211; Psicologa, Specializzanda in psicoterapia<\/p>\n<p style=\"margin-bottom: 0.0001pt; line-height: normal; text-align: justify;\"><strong>18.30:<\/strong><span> <\/span>TERAPIA NON FARMACOLOGICA NELLE DEMENZE: MUSEOTERAPIA QUALE APPROCCIO INNOVATIVO &#8211; <strong>Adriana Nitti<\/strong> &#8211; Psicologa<\/p>\n<p style=\"margin-bottom: 0.0001pt; line-height: normal; text-align: justify;\"><strong>18.45:<\/strong><span> <\/span> ARMONIA TRA SE STESSI, GLI ALTRI E L\u2019AMBIENTE: TIROIDE E BENESSERE &#8211; <strong>Carmen Capolongo<\/strong> &#8211; Dirigente Biologo Specialista in Microbiologia e Virologia U.O. Patologia Clinica &#8211; p.o. \u201cS. Maria degli Angeli\u201d Putignano ASL BA<\/p>\n<p style=\"margin-bottom: 0.0001pt; line-height: normal; text-align: justify;\"><strong>19.00:<\/strong><span> <\/span>ASPETTI PSICOLOGICI E GESTIONE QUOTIDIANA DELLA CONVIVENZA CON IL DIABETE &#8211; <strong>Greta Fraccascia<\/strong> &#8211; Psicologa, Specializzanda in psicoterapia.<\/p>\n<p style=\"margin-bottom: 0.0001pt; line-height: normal; text-align: justify;\">A chiusura dei lavori interverr\u00e0 la dott.ssa Giovanna Pontiggia, <strong>seguir\u00e0 un intervento musicale<\/strong> <strong>affidato ai Maestri Vincenzo Fortunato e Virginia Sassaroli<\/strong> che alle chitarre delizieranno il pubblico presente.<\/p>\n<p>&nbsp;<\/p>\n","protected":false},"excerpt":{"rendered":"","protected":false},"author":1,"featured_media":0,"comment_status":"open","ping_status":"closed","sticky":false,"template":"","format":"standard","meta":{"colormag_page_container_layout":"default_layout","colormag_page_sidebar_layout":"default_layout","footnotes":""},"categories":[7],"tags":[],"class_list":["post-62181","post","type-post","status-publish","format-standard","hentry","category-attualita"],"_links":{"self":[{"href":"https:\/\/archiviogioia.lavocedelpaese.info\/index.php?rest_route=\/wp\/v2\/posts\/62181","targetHints":{"allow":["GET"]}}],"collection":[{"href":"https:\/\/archiviogioia.lavocedelpaese.info\/index.php?rest_route=\/wp\/v2\/posts"}],"about":[{"href":"https:\/\/archiviogioia.lavocedelpaese.info\/index.php?rest_route=\/wp\/v2\/types\/post"}],"author":[{"embeddable":true,"href":"https:\/\/archiviogioia.lavocedelpaese.info\/index.php?rest_route=\/wp\/v2\/users\/1"}],"replies":[{"embeddable":true,"href":"https:\/\/archiviogioia.lavocedelpaese.info\/index.php?rest_route=%2Fwp%2Fv2%2Fcomments&post=62181"}],"version-history":[{"count":0,"href":"https:\/\/archiviogioia.lavocedelpaese.info\/index.php?rest_route=\/wp\/v2\/posts\/62181\/revisions"}],"wp:attachment":[{"href":"https:\/\/archiviogioia.lavocedelpaese.info\/index.php?rest_route=%2Fwp%2Fv2%2Fmedia&parent=62181"}],"wp:term":[{"taxonomy":"category","embeddable":true,"href":"https:\/\/archiviogioia.lavocedelpaese.info\/index.php?rest_route=%2Fwp%2Fv2%2Fcategories&post=62181"},{"taxonomy":"post_tag","embeddable":true,"href":"https:\/\/archiviogioia.lavocedelpaese.info\/index.php?rest_route=%2Fwp%2Fv2%2Ftags&post=62181"}],"curies":[{"name":"wp","href":"https:\/\/api.w.org\/{rel}","templated":true}]}}