{"id":62227,"date":"2019-11-21T11:03:36","date_gmt":"2019-11-21T11:03:36","guid":{"rendered":"https:\/\/archiviogioia.lavocedelpaese.info\/?p=62227"},"modified":"2019-11-21T11:03:36","modified_gmt":"2019-11-21T11:03:36","slug":"festa-della-beata-vergine-maria-della-medaglia-miracolosa","status":"publish","type":"post","link":"https:\/\/archiviogioia.lavocedelpaese.info\/?p=62227","title":{"rendered":"Festa della Beata Vergine Maria della Medaglia Miracolosa"},"content":{"rendered":"<p><a title=\"festa BV Madonna Medaglia miracolosa\" href=\"https:\/\/www.flickr.com\/photos\/91470992@N02\/49101894047\/in\/dateposted-public\/\" data-flickr-embed=\"true\"><img loading=\"lazy\" decoding=\"async\" style=\"display: block; margin-left: auto; margin-right: auto;\" src=\"https:\/\/live.staticflickr.com\/65535\/49101894047_528bc3e0b4_z.jpg\" alt=\"festa BV Madonna Medaglia miracolosa\" width=\"320\" height=\"240\" \/><\/a><\/p>\n<p><!--more--><\/p>\n<p style=\"text-align: justify;\"><a title=\"festa BV Madonna Medaglia miracolosa\" href=\"https:\/\/www.flickr.com\/photos\/91470992@N02\/49101701036\/in\/dateposted-public\/\" data-flickr-embed=\"true\"><img loading=\"lazy\" decoding=\"async\" style=\"margin: 4px; float: left;\" src=\"https:\/\/live.staticflickr.com\/65535\/49101701036_7afabaebd0_w.jpg\" alt=\"festa BV Madonna Medaglia miracolosa\" width=\"400\" height=\"232\" \/><\/a> <span>\u00abFai coniare una medaglia, secondo questo modello. Coloro che la porteranno con fede riceveranno grandi grazie\u00bb. Fu questo il messaggio che la Madonna trasfer\u00ec la sera del 27 Novembre 1830 durante la meditazione nella cappella delle apparizioni, in rue du Bac n. 140 di Parigi a S. Caterina <\/span><a title=\"Catherine Labour\u00e9\" href=\"https:\/\/it.wikipedia.org\/wiki\/Catherine_Labour%C3%A9\"><span style=\"color: black;\">Labour\u00e9<\/span><\/a><span>, novizia del convento delle <\/span><a title=\"Figlie della carit\u00e0 di San Vincenzo de' Paoli\" href=\"https:\/\/it.wikipedia.org\/wiki\/Figlie_della_carit%C3%A0_di_San_Vincenzo_de%27_Paoli\"><span style=\"color: black;\">figlie della carit\u00e0 di San Vincenzo de&#8217; Paoli<\/span><\/a><span style=\"color: black;\">, suore che per anni hanno gestito l\u2019asilo \u201cDe Deo\u201d della nostra citt\u00e0. Ordine monastico dal quale abbiamo ereditato una ricorrenza ricca di fede. Una festa, quella del prossimo 27 novembre, ricca di forte spiritualit\u00e0, ma soprattutto messaggera di un forte pensiero mariano. Infatti, questa festivit\u00e0 a Gioia \u00e8 stata vissuta sempre con grande devozione, la stessa che noi della Confraternita del SS. Rosario stiamo conservando negli anni. <\/span><\/p>\n<p style=\"text-align: justify;\"><span>E che la medaglia commissionata dalla Madonna a S. Caterina Labour\u00e9 si fosse guadagnato l\u2019appellativo popolare di \u201cMiracolosa\u201d, lo si evinse a margine della sua diffusione, avvenuta nella regione di Parigi durante l&#8217;epidemia di colera del 1832, grazie proprio alle Figlie della Carit\u00e0. Momento in cui la medaglia dette luogo a parecchie, inspiegabili guarigioni.&nbsp;<\/span><\/p>\n<p style=\"text-align: justify;\"><span>Tuttavia, i segni di grande misticit\u00e0, non sono riconducibili solo alla Medaglia, ma soprattutto alla postura dell\u2019immagine ereditata dalle figlie della carit\u00e0 e alzata in trono nella nostra rettoria, dove le braccia della Madonna sono tese, in un gesto di compiacenza, nell&#8217;atto di distribuire grazie ai fedeli, rappresentate dalla luce che irradia. <span>La distensione indica un dono totale: quello che Maria fa di se stessa a chi la implora. <\/span><\/span><\/p>\n<p style=\"text-align: justify;\"><span>Ricorrenza che quest\u2019anno ha preso il via luned\u00ec 18 novembre in San Dom<\/span><a title=\"festa BV Madonna Medaglia miracolosa\" href=\"https:\/\/www.flickr.com\/photos\/91470992@N02\/49101187993\/in\/dateposted-public\/\" data-flickr-embed=\"true\"><img loading=\"lazy\" decoding=\"async\" style=\"margin: 4px; float: right;\" src=\"https:\/\/live.staticflickr.com\/65535\/49101187993_7e954120ca_w.jpg\" alt=\"festa BV Madonna Medaglia miracolosa\" width=\"400\" height=\"266\" \/><\/a><span>enico, con l\u2019inizio della <strong>Novena <\/strong>(continuer\u00e0 <strong>fino al 23 novembre<\/strong>), <\/span><span>quindi <\/span><span>con il <strong>Triduo solenne <\/strong>che fatta eccezione per domenica 24 <\/span><span>novembre (dove \u00e8 prevista la Celebrazione Eucaristica al mattino ore 8.00 e nel pomeriggio ore 17:00 recita del S. Rosario, Liturgia della Parola e Benedizione Eucaristica), continuer\u00e0 il 25 e 26 novembre con la recita del S. Rosario alle 17:00 e a seguire la Celebrazione Eucaristica e preghiera rivolta alla B.V. Maria della<\/span><span>Medaglia Miracolosa. Rito che quest\u2019anno abbiamo inteso affidare ad un giovane presbitero arrivato dal Per\u00f9, <strong>don Jhon Larry Flores Panaifo DF<\/strong>, vice parroco del S. Cuore in Gioia del Colle.<\/span><\/p>\n<p style=\"text-align: justify;\"><span>In ogni caso il clou di questo ricco ed emozionante momento di fede lo si vivr\u00e0 <strong>la sera del 27 <\/strong><\/span><span><strong>novembre<\/strong>, giorno in cui la chiesa fa memoria di questa celebrazione. Il via sar\u00e0 dato alle 17:00 con la Recita del S. Rosario, a seguire, invece, si proseguir\u00e0 con la Santa Messa Solenne, la benedizione delle Medaglie e la Supplica in onore della B.V. Maria della Medaglia Miracolosa. L\u2019unico momento che non si vive pi\u00f9 \u00e8 quello della <strong>processione dell\u2019immagine della Vergine<\/strong>, un tempo, affidata al nutrito gruppo delle Figlie di Maria esistente a Gioia del Colle. <\/span><\/p>\n<p style=\"text-align: justify;\"><span>Quella che non mancher\u00e0 \u00e8 la <strong>distribuzione della Medaglia benedetta ai fedeli<\/strong> presenti in San Domenico, al termine della Celebrazione Eucaristica solenne. <\/span><\/p>\n<p style=\"text-align: right;\" align=\"right\"><strong><span>Confraternita SS. Rosario<\/span><\/strong><\/p>\n<p><a title=\"festa BV Madonna Medaglia miracolosa\" href=\"https:\/\/www.flickr.com\/photos\/91470992@N02\/49101188178\/in\/dateposted-public\/\" data-flickr-embed=\"true\"><img loading=\"lazy\" decoding=\"async\" src=\"https:\/\/live.staticflickr.com\/65535\/49101188178_3b18639a35_b.jpg\" alt=\"festa BV Madonna Medaglia miracolosa\" width=\"696\" height=\"1024\" \/><\/a><\/p>\n","protected":false},"excerpt":{"rendered":"","protected":false},"author":1,"featured_media":0,"comment_status":"open","ping_status":"closed","sticky":false,"template":"","format":"standard","meta":{"colormag_page_container_layout":"default_layout","colormag_page_sidebar_layout":"default_layout","footnotes":""},"categories":[7],"tags":[],"class_list":["post-62227","post","type-post","status-publish","format-standard","hentry","category-attualita"],"_links":{"self":[{"href":"https:\/\/archiviogioia.lavocedelpaese.info\/index.php?rest_route=\/wp\/v2\/posts\/62227","targetHints":{"allow":["GET"]}}],"collection":[{"href":"https:\/\/archiviogioia.lavocedelpaese.info\/index.php?rest_route=\/wp\/v2\/posts"}],"about":[{"href":"https:\/\/archiviogioia.lavocedelpaese.info\/index.php?rest_route=\/wp\/v2\/types\/post"}],"author":[{"embeddable":true,"href":"https:\/\/archiviogioia.lavocedelpaese.info\/index.php?rest_route=\/wp\/v2\/users\/1"}],"replies":[{"embeddable":true,"href":"https:\/\/archiviogioia.lavocedelpaese.info\/index.php?rest_route=%2Fwp%2Fv2%2Fcomments&post=62227"}],"version-history":[{"count":0,"href":"https:\/\/archiviogioia.lavocedelpaese.info\/index.php?rest_route=\/wp\/v2\/posts\/62227\/revisions"}],"wp:attachment":[{"href":"https:\/\/archiviogioia.lavocedelpaese.info\/index.php?rest_route=%2Fwp%2Fv2%2Fmedia&parent=62227"}],"wp:term":[{"taxonomy":"category","embeddable":true,"href":"https:\/\/archiviogioia.lavocedelpaese.info\/index.php?rest_route=%2Fwp%2Fv2%2Fcategories&post=62227"},{"taxonomy":"post_tag","embeddable":true,"href":"https:\/\/archiviogioia.lavocedelpaese.info\/index.php?rest_route=%2Fwp%2Fv2%2Ftags&post=62227"}],"curies":[{"name":"wp","href":"https:\/\/api.w.org\/{rel}","templated":true}]}}