{"id":62316,"date":"2019-12-01T11:34:11","date_gmt":"2019-12-01T11:34:11","guid":{"rendered":"https:\/\/archiviogioia.lavocedelpaese.info\/?p=62316"},"modified":"2019-12-01T11:34:11","modified_gmt":"2019-12-01T11:34:11","slug":"impara-larte-e-mettila-da-parte-aiutando-le-missioni-2","status":"publish","type":"post","link":"https:\/\/archiviogioia.lavocedelpaese.info\/?p=62316","title":{"rendered":"\u201cImpara l\u2019arte e mettila da parte\u201d aiutando le Missioni"},"content":{"rendered":"<p><a title=\"impara l'arte per le missioni al sacro cuore\" href=\"https:\/\/www.flickr.com\/photos\/91470992@N02\/49153197492\" data-flickr-embed=\"true\"><img loading=\"lazy\" decoding=\"async\" style=\"display: block; margin-left: auto; margin-right: auto;\" src=\"https:\/\/live.staticflickr.com\/65535\/49153197492_c004c85810_z.jpg\" alt=\"impara l'arte per le missioni al sacro cuore\" width=\"320\" height=\"240\" \/><\/a><\/p>\n<p><!--more--><\/p>\n<p style=\"margin-bottom: 0.0001pt; line-height: normal; text-align: justify;\"><a title=\"impara l'arte per le missioni al sacro cuore\" href=\"https:\/\/www.flickr.com\/photos\/91470992@N02\/49152960781\/in\/photostream\/\" data-flickr-embed=\"true\"><img loading=\"lazy\" decoding=\"async\" style=\"margin: 4px; float: left;\" src=\"https:\/\/live.staticflickr.com\/65535\/49152960781_785493cef8_w.jpg\" alt=\"impara l'arte per le missioni al sacro cuore\" width=\"400\" height=\"225\" \/><\/a> <strong><span>Un successo il mercatino e la rappresentazione teatrale<\/span><\/strong><span> allestiti il 10 novembre nella <strong>Parrocchia del Sacro Cuore<\/strong> per sostenere le missioni. Una vera festa \u201cpensata\u201d da mesi, cui tutti hanno partecipato con entusiasmo e gioia, in primis il parroco <strong>don Carlo Verrecchia, don Jy<\/strong> con i catechisti e l\u2019intera comunit\u00e0 parrocchiale.<\/span><\/p>\n<p style=\"margin-bottom: 0.0001pt; line-height: normal; text-align: justify;\"><span>Nel cortile sono stati <strong>organizzati giochi, un torneo di bigliardino ed un ricco buffet<\/strong>. Nel cineteatro i giovanissimi hanno portato in scena \u201cImpara l\u2019arte e mettila da parte\u201d, una simpatica rappresentazione teatrale per sottolineare i valori della solidariet\u00e0, del lavoro, dell\u2019amicizia con <strong>costumi confezionati dagli stessi ragazzi con l\u2019aiuto di Cristina<\/strong> che sin dall\u2019estate aveva avviato un laboratorio di ricamo e cucito per insegnare alle bimbe ed all\u2019<\/span><a title=\"impara l'arte per le missioni al sacro cuore\" href=\"https:\/\/www.flickr.com\/photos\/91470992@N02\/49153215547\" data-flickr-embed=\"true\"><img loading=\"lazy\" decoding=\"async\" style=\"margin: 4px; float: right;\" src=\"https:\/\/live.staticflickr.com\/65535\/49153215547_e9f8a8e690_w.jpg\" alt=\"impara l'arte per le missioni al sacro cuore\" width=\"400\" height=\"313\" \/><\/a><span>unico maschietto del gruppo, i rudimenti di questa antica arte e il valore delle cose: tutto serve e nulla va sprecato!<\/span><\/p>\n<p style=\"margin-bottom: 0.0001pt; line-height: normal; text-align: justify;\"><span>I lavori confezionati <strong>con materiale di riciclo, molti dei quali a tema natalizio<\/strong> &#8211; angeli, cuscini, bambole, sportine -, sono andati a ruba. Nella sala Minozzi erano in esposizione i lavori non in vendita, quelli che i bambini avevano p<\/span><span>reparato per le loro famiglie e che con orgoglio mostravano a famigliari e conoscenti.<\/span><\/p>\n<p style=\"margin-bottom: 0.0001pt; line-height: normal; text-align: justify;\"><strong><span>L\u2019idea di organizzare laboratori e corsi su temi diversi<\/span><\/strong><span> &#8211; teatro, arte, riciclo, cucito &#8211; e magari pubblicizzarli tramite social \u00e8 decisamente aggregante ed aiuta i ragazzi che diversamente sceglierebbero di trascorrere il loro tempo libero in maniera meno edificante, ciondolando per strad<\/span><span>a o utilizzando di continuo il cellulare. Di un oratorio \u201cfucina\u201d di arte, teatro e lavori artigianali si sente l bisogno, un oratorio che aiuti i ragazzi a diventare tutor, cos\u00ec come fatto da <strong>Adriano Geramo<\/strong> per le rappresentazioni teatrali, investendo sul loro talento e senso di responsabilit\u00e0. Da sottolineare lo spirito dei volontari che sottraggono tempo alla famiglia e ad altri interessi per prodigarsi per<\/span><a title=\"impara l'arte per le missioni al sacro cuore\" href=\"https:\/\/www.flickr.com\/photos\/91470992@N02\/49152464633\/in\/photostream\/\" data-flickr-embed=\"true\"><img loading=\"lazy\" decoding=\"async\" style=\"margin: 4px; float: left;\" src=\"https:\/\/live.staticflickr.com\/65535\/49152464633_fb9e949148_w.jpg\" alt=\"impara l'arte per le missioni al sacro cuore\" width=\"400\" height=\"225\" \/><\/a><span> i ragazzi, portatori sani di valori in una comunit\u00e0 parrocchiale \u201c<\/span><span>viva\u201d<\/span><\/p>\n<p style=\"margin-bottom: 0.0001pt; line-height: normal; text-align: justify;\"><strong><span>Tutti molto bravi i partecipanti<\/span><\/strong><span> alla rappresentazione ed al corso: <strong>Enrico, Dentico, Giuseppina Donvito, Lucia Alanzi, Ludovica Tragni, Rossana Colaci<\/strong><\/span><span><strong>cco, Fabiola Arcano, Maria Micco, Rosa Fico, Martina Paradiso, Simona Paradiso, Asia Donvito, Paola Francesca Colacicco, Leonardo Alanzi, Irina Rizzi, Alina Rizzi, Andrea Maria Strino, Giusy Catucci, Danniela Capozzi, Sabrina Derchia, Ilaria Valletta<\/strong>. <\/span><\/p>\n<p style=\"margin-bottom: 0.0001pt; line-height: normal; text-align: justify;\"><span>Compatibilmente con le tante atti<\/span><span>vit\u00e0 che oggi i ragazzi svolgono oltre quelle scolastiche, trovare del tempo da dedicare al corso di ricamo e cucito non \u00e8 facile ma di certo aiuta a recuperare il senso del tempo ed i reali valori dello stare insieme e condividere momenti di spensieratezza. Le iscrizioni sono aperte sia ad adulti che ragazzi.<\/span><\/p>\n<p style=\"margin-bottom: 0.0001pt; line-height: normal; text-align: justify;\"><strong><span>Chi vorr\u00e0 iscriversi potr\u00e0 seguire il corso nelle giornate di mercoled\u00ec, gioved\u00ec, venerd\u00ec e sabato dalle 16 alle 18<\/span><\/strong><span>. [<strong>foto Mario Di Giuseppe<\/strong>]<\/span><\/p>\n<p><a title=\"impara l'arte per le missioni al sacro cuore\" href=\"https:\/\/www.flickr.com\/photos\/91470992@N02\/49152465968\/in\/photostream\/\" data-flickr-embed=\"true\"><img loading=\"lazy\" decoding=\"async\" src=\"https:\/\/live.staticflickr.com\/65535\/49152465968_2dde40cac3_c.jpg\" alt=\"impara l'arte per le missioni al sacro cuore\" width=\"670\" height=\"503\" \/><\/a><\/p>\n<p><a title=\"impara l'arte per le missioni al sacro cuore\" href=\"https:\/\/www.flickr.com\/photos\/91470992@N02\/49153166087\/in\/photostream\/\" data-flickr-embed=\"true\"><img loading=\"lazy\" decoding=\"async\" src=\"https:\/\/live.staticflickr.com\/65535\/49153166087_2b3f8343c9_c.jpg\" alt=\"impara l'arte per le missioni al sacro cuore\" width=\"670\" height=\"377\" \/><\/a><\/p>\n<p><a title=\"impara l'arte per le missioni al sacro cuore\" href=\"https:\/\/www.flickr.com\/photos\/91470992@N02\/49152960176\/in\/photostream\/\" data-flickr-embed=\"true\"><img loading=\"lazy\" decoding=\"async\" src=\"https:\/\/live.staticflickr.com\/65535\/49152960176_77f6b24e8d_c.jpg\" alt=\"impara l'arte per le missioni al sacro cuore\" width=\"670\" height=\"377\" \/><\/a><\/p>\n<p><a title=\"impara l'arte per le missioni al sacro cuore\" href=\"https:\/\/www.flickr.com\/photos\/91470992@N02\/49153168207\/in\/photostream\/\" data-flickr-embed=\"true\"><img loading=\"lazy\" decoding=\"async\" src=\"https:\/\/live.staticflickr.com\/65535\/49153168207_0a7c789c9c_c.jpg\" alt=\"impara l'arte per le missioni al sacro cuore\" width=\"670\" height=\"377\" \/><\/a><\/p>\n<p><a title=\"impara l'arte per le missioni al sacro cuore\" href=\"https:\/\/www.flickr.com\/photos\/91470992@N02\/49152464343\/in\/photostream\/\" data-flickr-embed=\"true\"><img loading=\"lazy\" decoding=\"async\" src=\"https:\/\/live.staticflickr.com\/65535\/49152464343_8b72d389b8_c.jpg\" alt=\"impara l'arte per le missioni al sacro cuore\" width=\"670\" height=\"377\" \/><\/a><\/p>\n<p><a title=\"impara l'arte per le missioni al sacro cuore\" href=\"https:\/\/www.flickr.com\/photos\/91470992@N02\/49153167642\/in\/photostream\/\" data-flickr-embed=\"true\"><img loading=\"lazy\" decoding=\"async\" src=\"https:\/\/live.staticflickr.com\/65535\/49153167642_8b9f7566c6_c.jpg\" alt=\"impara l'arte per le missioni al sacro cuore\" width=\"670\" height=\"377\" \/><\/a>&nbsp;<\/p>\n<p><a title=\"impara l'arte per le missioni al sacro cuore\" href=\"https:\/\/www.flickr.com\/photos\/91470992@N02\/49152958946\/in\/photostream\/\" data-flickr-embed=\"true\"><img loading=\"lazy\" decoding=\"async\" src=\"https:\/\/live.staticflickr.com\/65535\/49152958946_7dd4935a2c_c.jpg\" alt=\"impara l'arte per le missioni al sacro cuore\" width=\"670\" height=\"377\" \/><\/a><\/p>\n<p><a title=\"impara l'arte per le missioni al sacro cuore\" href=\"https:\/\/www.flickr.com\/photos\/91470992@N02\/49152464913\/in\/photostream\/\" data-flickr-embed=\"true\"><img loading=\"lazy\" decoding=\"async\" src=\"https:\/\/live.staticflickr.com\/65535\/49152464913_e8faec0b0c_c.jpg\" alt=\"impara l'arte per le missioni al sacro cuore\" width=\"670\" height=\"377\" \/><\/a><\/p>\n","protected":false},"excerpt":{"rendered":"","protected":false},"author":1,"featured_media":0,"comment_status":"open","ping_status":"closed","sticky":false,"template":"","format":"standard","meta":{"colormag_page_container_layout":"default_layout","colormag_page_sidebar_layout":"default_layout","footnotes":""},"categories":[7],"tags":[],"class_list":["post-62316","post","type-post","status-publish","format-standard","hentry","category-attualita"],"_links":{"self":[{"href":"https:\/\/archiviogioia.lavocedelpaese.info\/index.php?rest_route=\/wp\/v2\/posts\/62316","targetHints":{"allow":["GET"]}}],"collection":[{"href":"https:\/\/archiviogioia.lavocedelpaese.info\/index.php?rest_route=\/wp\/v2\/posts"}],"about":[{"href":"https:\/\/archiviogioia.lavocedelpaese.info\/index.php?rest_route=\/wp\/v2\/types\/post"}],"author":[{"embeddable":true,"href":"https:\/\/archiviogioia.lavocedelpaese.info\/index.php?rest_route=\/wp\/v2\/users\/1"}],"replies":[{"embeddable":true,"href":"https:\/\/archiviogioia.lavocedelpaese.info\/index.php?rest_route=%2Fwp%2Fv2%2Fcomments&post=62316"}],"version-history":[{"count":0,"href":"https:\/\/archiviogioia.lavocedelpaese.info\/index.php?rest_route=\/wp\/v2\/posts\/62316\/revisions"}],"wp:attachment":[{"href":"https:\/\/archiviogioia.lavocedelpaese.info\/index.php?rest_route=%2Fwp%2Fv2%2Fmedia&parent=62316"}],"wp:term":[{"taxonomy":"category","embeddable":true,"href":"https:\/\/archiviogioia.lavocedelpaese.info\/index.php?rest_route=%2Fwp%2Fv2%2Fcategories&post=62316"},{"taxonomy":"post_tag","embeddable":true,"href":"https:\/\/archiviogioia.lavocedelpaese.info\/index.php?rest_route=%2Fwp%2Fv2%2Ftags&post=62316"}],"curies":[{"name":"wp","href":"https:\/\/api.w.org\/{rel}","templated":true}]}}