{"id":62395,"date":"2019-12-13T10:54:19","date_gmt":"2019-12-13T10:54:19","guid":{"rendered":"https:\/\/archiviogioia.lavocedelpaese.info\/?p=62395"},"modified":"2019-12-13T10:54:19","modified_gmt":"2019-12-13T10:54:19","slug":"i-colori-e-le-emozioni-in-liberta-di-joan-miro-arrivano-a-gioia-del-colle-2","status":"publish","type":"post","link":"https:\/\/archiviogioia.lavocedelpaese.info\/?p=62395","title":{"rendered":"I colori e le emozioni in libert\u00e0 di Joan Mir\u00f3 arrivano a Gioia del Colle"},"content":{"rendered":"<p><a title=\"mostr\u00e0 Mir\u00f2\" href=\"https:\/\/www.flickr.com\/photos\/91470992@N02\/49214389212\/in\/dateposted-public\/\" data-flickr-embed=\"true\"><img loading=\"lazy\" decoding=\"async\" style=\"display: block; margin-left: auto; margin-right: auto;\" src=\"https:\/\/live.staticflickr.com\/65535\/49214389212_380473db5a_z.jpg\" alt=\"mostr\u00e0 Mir\u00f2\" width=\"320\" height=\"241\" \/><\/a><\/p>\n<p><!--more--><\/p>\n<p style=\"text-align: justify;\"><a title=\"mostr\u00e0 Mir\u00f2\" href=\"https:\/\/www.flickr.com\/photos\/91470992@N02\/49213677983\/in\/dateposted-public\/\" data-flickr-embed=\"true\"><img loading=\"lazy\" decoding=\"async\" style=\"margin: 4px; float: left;\" src=\"https:\/\/live.staticflickr.com\/65535\/49213677983_f49dbc4cdd_z.jpg\" alt=\"mostr\u00e0 Mir\u00f2\" width=\"400\" height=\"565\" \/><\/a><strong><span style=\"color: black;\">\u201cI colori e le emozioni in libert\u00e0 di Joan Mir\u00f3 arrivano a Gioia del Colle, Casamassima e Turi<\/span><\/strong><span style=\"color: black;\"> in uno straordinario giardino danzante. Le tre citt\u00e0 pugliesi ospitano <strong>dal 22 dicembre <\/strong>la mostra <strong>\u201cMir\u00f3. Quelques Fleurs pour des Amis\u201d<\/strong> nell\u2019ambito dell\u2019operazione \u201cOpere fuori contesto\u201d. La mostra \u00e8 visitabile rispettivamente a Palazzo Monacelle di Casamassima, Palazzo San Domenico di Gioia del Colle e Chiesa di Sant\u2019Oronzo di Turi.<\/span><\/p>\n<p style=\"text-align: justify;\"><span style=\"color: black;\">La mostra di Mir\u00f3 sar\u00e0 presentata in <strong>anteprima venerd\u00ec 20 dicembre, alle ore 11,<\/strong> presso il chiostro di Palazzo San Giacomo. Interverranno i sindaci e assessori alla cultura dei Comuni di Gioia del Colle, Casamassima, Turi e Sistema Museo, organizzatore della mostra.<\/span><\/p>\n<p style=\"text-align: justify;\"><span style=\"color: black;\">Le litografie del libro d\u2019artista \u201cQuelques Fleurs pour des Amis\u201d (\u201cAlcuni fiori per gli amici\u201d) sono certamente un unicum nella produzione mironiana di libri illustrati. Un fiore e una dedica: si compone cos\u00ec questa incantevole serie di Mir<\/span><span>\u00f3<\/span><span style=\"color: black;\">. <\/span><strong>La mostra diventa un itinerario nella creativit\u00e0 e nell&#8217;estrema poeticit\u00e0 della sua arte surrealista<\/strong> attraverso forme, colori e lo straordinario alfabeto di segni<strong>.<\/strong><\/p>\n<p style=\"text-align: justify;\"><span style=\"color: black;\">La mostra di Mir<\/span><span>\u00f3<\/span><span style=\"color: black;\"> \u00e8 <strong>visitabile<\/strong> con un biglietto unico per tutte e tre le sedi <strong>fino al 26 aprile 2020.<\/strong><\/span><\/p>\n<p style=\"text-align: justify;\"><strong><span style=\"color: #1a181c;\">INFORMAZIONI<\/span><\/strong><\/p>\n<p style=\"text-align: justify;\"><span style=\"color: #1a181c;\">Call center Sistema Museo 199 151 123 (dal luned\u00ec al venerd\u00ec 9-13, escluso festivi)<\/span><\/p>\n<p style=\"text-align: justify;\"><strong><a href=\"mailto:callcenter@sistemamuseo.it\"><span style=\"color: #1a181c;\">callcenter@sistemamuseo.it<\/span><\/a> &#8211; <a href=\"http:\/\/www.ecomuseopeucetia.it\/\"><span style=\"color: #1a181c;\">www.ecomuseopeucetia.it<\/span><\/a> &#8211; <a href=\"http:\/\/www.mostrepuglia.it\">www.mostrepuglia.it<\/a>\u201d.<\/strong><\/p>\n<p>&nbsp;<\/p>\n","protected":false},"excerpt":{"rendered":"","protected":false},"author":1,"featured_media":0,"comment_status":"open","ping_status":"closed","sticky":false,"template":"","format":"standard","meta":{"colormag_page_container_layout":"default_layout","colormag_page_sidebar_layout":"default_layout","footnotes":""},"categories":[7],"tags":[],"class_list":["post-62395","post","type-post","status-publish","format-standard","hentry","category-attualita"],"_links":{"self":[{"href":"https:\/\/archiviogioia.lavocedelpaese.info\/index.php?rest_route=\/wp\/v2\/posts\/62395","targetHints":{"allow":["GET"]}}],"collection":[{"href":"https:\/\/archiviogioia.lavocedelpaese.info\/index.php?rest_route=\/wp\/v2\/posts"}],"about":[{"href":"https:\/\/archiviogioia.lavocedelpaese.info\/index.php?rest_route=\/wp\/v2\/types\/post"}],"author":[{"embeddable":true,"href":"https:\/\/archiviogioia.lavocedelpaese.info\/index.php?rest_route=\/wp\/v2\/users\/1"}],"replies":[{"embeddable":true,"href":"https:\/\/archiviogioia.lavocedelpaese.info\/index.php?rest_route=%2Fwp%2Fv2%2Fcomments&post=62395"}],"version-history":[{"count":0,"href":"https:\/\/archiviogioia.lavocedelpaese.info\/index.php?rest_route=\/wp\/v2\/posts\/62395\/revisions"}],"wp:attachment":[{"href":"https:\/\/archiviogioia.lavocedelpaese.info\/index.php?rest_route=%2Fwp%2Fv2%2Fmedia&parent=62395"}],"wp:term":[{"taxonomy":"category","embeddable":true,"href":"https:\/\/archiviogioia.lavocedelpaese.info\/index.php?rest_route=%2Fwp%2Fv2%2Fcategories&post=62395"},{"taxonomy":"post_tag","embeddable":true,"href":"https:\/\/archiviogioia.lavocedelpaese.info\/index.php?rest_route=%2Fwp%2Fv2%2Ftags&post=62395"}],"curies":[{"name":"wp","href":"https:\/\/api.w.org\/{rel}","templated":true}]}}