{"id":62425,"date":"2019-12-19T15:00:15","date_gmt":"2019-12-19T15:00:15","guid":{"rendered":"https:\/\/archiviogioia.lavocedelpaese.info\/?p=62425"},"modified":"2019-12-19T15:00:15","modified_gmt":"2019-12-19T15:00:15","slug":"21-e-22-dicembre-qla-magia-del-nataleq-programma","status":"publish","type":"post","link":"https:\/\/archiviogioia.lavocedelpaese.info\/?p=62425","title":{"rendered":"21 e 22 dicembre &#8211; &#8220;La Magia del Natale&#8221;\u2026 Programma"},"content":{"rendered":"<p><a title=\"la magia del natale\" href=\"https:\/\/www.flickr.com\/photos\/91470992@N02\/49242891163\/in\/dateposted-public\/\" data-flickr-embed=\"true\"><img loading=\"lazy\" decoding=\"async\" style=\"display: block; margin-left: auto; margin-right: auto;\" src=\"https:\/\/live.staticflickr.com\/65535\/49242891163_82735dfefb_z.jpg\" alt=\"la magia del natale\" width=\"320\" height=\"240\" \/><\/a><\/p>\n<p><!--more--><\/p>\n<p style=\"margin-bottom: 0.0001pt; line-height: normal; text-align: justify;\"><a title=\"la magia del natale\" href=\"https:\/\/www.flickr.com\/photos\/91470992@N02\/49243577732\/in\/dateposted-public\/\" data-flickr-embed=\"true\"><img loading=\"lazy\" decoding=\"async\" style=\"margin: 4px; float: left;\" src=\"https:\/\/live.staticflickr.com\/65535\/49243577732_8f782073cc_w.jpg\" alt=\"la magia del natale\" width=\"400\" height=\"341\" \/><\/a> <strong><span>Il 21 e 22 dicembre con \u201cLa Magia del Natale\u201d <\/span><\/strong><span>Gioia si riempir\u00e0 di canti, laboratori, mostre, premiazioni di concorsi\u2026 tante iniziative allietare l\u2019arrivo del Natale.<\/span><\/p>\n<p style=\"margin-bottom: 0.0001pt; line-height: normal; text-align: justify;\"><span>\u201cSiamo in tanti &#8211; confessa <strong>Barbara Baldari<\/strong>, presidente dell\u2019associazione \u201cI Bisbiglii dell\u2019anima\u201d che ha organizzato la due giorni &#8211; e ci stiamo impegnando al meglio, per poter trascorrere in semplicit\u00e0, ma non senza tante sorprese e con il giusto calore il sabato e la domenica che ci condurranno al Natale. La Magia del Natale\u2026 per condividere la tradizione il 21 e 22 dicembre nel Centro Storico Gioia del Colle.\u201d<\/span><\/p>\n<p style=\"margin-bottom: 0.0001pt; line-height: normal; text-align: justify;\"><span>L\u2019evento gode del Patrocinio del Comune di Gioia del Colle e della collaborazione con le associazioni di volontariato C.R.I. di Gioia del Colle, GVV, Comunit\u00e0 Fratello Sole, Comitato Centro Storico, professionisti del settore enogastronomico e dell\u2019animazione, artigiani, artisti, aziende locali, scuole ed istituti scolastici.<\/span><\/p>\n<p style=\"margin-bottom: 0.0001pt; line-height: normal; text-align: center;\" align=\"center\"><strong><span>PROGRAMMA<\/span><\/strong><\/p>\n<p style=\"margin-bottom: 0.0001pt; line-height: normal; text-align: justify;\"><strong><span>SABATO 21 DICEMBRE<\/span><\/strong><\/p>\n<p style=\"margin-bottom: 0.0001pt; line-height: normal; text-align: justify;\"><strong><span>Ore 17:30<\/span><\/strong><span>. Apertura evento con l\u2019inaugurazione del Concorso \u201c<strong>LuminArte<\/strong>\u201d a cura dell\u2019Ass. I Bi<\/span><span>sb<\/span><span>iglii dell\u2019Anima ed il Concorso \u201c<strong>Il mio sogno di natale<\/strong>\u201d a cura della C.R.I. con il saluto del Sindaco Avv. <strong>Giovanni Mastrangelo<\/strong>, l\u2019Ass. alla Cultura Avv. Lucio Romano e l\u2019Ass. al decoro Urbano <strong>Maria Paola Valentini<\/strong>.<\/span><\/p>\n<p style=\"margin-bottom: 0.0001pt; line-height: normal; text-align: justify;\"><strong><span>Ore 18:00 \/ 24:00. <\/span><\/strong><span>Battesimo della Sella \u201c<strong>Pony per bambini<\/strong>\u201d a cura della Scuderia Spirito Libero. <\/span><span>Principesse dal <strong>mondo Disney<\/strong>.<\/span><span>Le Porte degli Elfi. <strong>Laboratori<\/strong> interattivi per bambini e adulti. <\/span><strong><span>Esposizione<\/span><\/strong><span> di artigianato artistico. <\/span><strong><span>Mostra<\/span><\/strong><span> di arte visiva Botteghe d\u2019Arte. <\/span><strong><span>Mercatini<\/span><\/strong><span>, artisti di strada e attrazioni. <\/span><strong><span>Enogastronomia<\/span><\/strong><span>: I professionisti svelano i segreti per un fantastico pranzo di Natale. <\/span><br \/><a title=\"la magia del natale\" href=\"https:\/\/www.flickr.com\/photos\/91470992@N02\/49242891283\/in\/dateposted-public\/\" data-flickr-embed=\"true\"><img loading=\"lazy\" decoding=\"async\" style=\"margin: 4px; float: right;\" src=\"https:\/\/live.staticflickr.com\/65535\/49242891283_2a3723f7cb_w.jpg\" alt=\"la magia del natale\" width=\"400\" height=\"211\" \/><\/a><span> <\/span><\/p>\n<p style=\"margin-bottom: 0.0001pt; line-height: normal; text-align: justify;\"><span><strong>Ore 18:30<\/strong>. Chiesa di S. Andrea: <strong>concerto di natale<\/strong> \u201cCento favolosi natali con Gianni Rodari\u201d a cura delle docenti Lucia Marroccoli, Carmela Cardetta e Cinzia Aquaro. Dirige il coro la Prof.ssa Antonella Gisotti. <\/span><\/p>\n<p style=\"margin-bottom: 0.0001pt; line-height: normal; text-align: justify;\"><strong><span>Ore 19:30. <\/span><\/strong><span>Piazza dei Martiri: \u201c<strong>La cultura non va in vacanza<\/strong>\u201d tra gli stand delle scuole e dei Licei, <strong>esibizione<\/strong> della \u201c<strong>Street Band<\/strong>\u201d del Liceo Don Milani di Acquaviva delle Fonti, dirige il Maestro Francesco Colatorti.<\/span><\/p>\n<p style=\"margin-bottom: 0.0001pt; line-height: normal; text-align: justify;\"><strong><span>DOMENICA 22 DICEMBRE<\/span><\/strong><\/p>\n<p style=\"margin-bottom: 0.0001pt; line-height: normal; text-align: justify;\"><strong><span>Ore 10:00<\/span><\/strong><span>. <strong>Sfilata di Carrozze d\u2019Epoca<\/strong> per tutto il paese a cura della Scuderia Spirito Libero con benedizione dei Cavalli in P.zza Plebiscito.<\/span><\/p>\n<p style=\"margin-bottom: 0.0001pt; line-height: normal; text-align: justify;\"><strong><span>Ore 10:15 \/ 13:00<\/span><\/strong><span>. <strong>Laboratori interattivi<\/strong>. Mascotte e supereroi per bambini. Esposizione di artigianato artistico. Mostra di arte visiva Botteghe d\u2019Arte. Mercatini, artisti di strada e attrazioni.<\/span><\/p>\n<p style=\"margin-bottom: 0.0001pt; line-height: normal; text-align: justify;\"><strong><span>Ore 17:30<\/span><\/strong><span>. <strong>Battesimo della Sella<\/strong><\/span><span> \u201cPony per bambini\u201d. Principesse dal mondo Disney. Le Porte degli Elfi. Laboratori interattivi per bambini e adulti. Esposizione di artigianato art<\/span><a title=\"la magia del natale\" href=\"https:\/\/www.flickr.com\/photos\/91470992@N02\/49242979378\/in\/dateposted-public\/\" data-flickr-embed=\"true\"><img loading=\"lazy\" decoding=\"async\" style=\"margin: 4px; float: left;\" src=\"https:\/\/live.staticflickr.com\/65535\/49242979378_01febff0b2_w.jpg\" alt=\"la magia del natale\" width=\"400\" height=\"231\" \/><\/a><span>istico. Mostra di arte visiva Botteghe d\u2019Arte. Mercatini, artisti di strada e attrazioni. Enogastronomia: I professionisti svelano i segreti per un fantastico pranzo di Natale. <\/span><\/p>\n<p style=\"margin-bottom: 0.0001pt; line-height: normal; text-align: justify;\"><strong><span>Ore 18:30<\/span><\/strong><span>. Concerto di Natale \u201cCanti<\/span><span> e parole\u201d a cura del Coro U.T.E. di Gioia del Colle dirige il Maestro Francesco Lorusso e del laboratorio di recitazione diretto dal Prof. Ugo Maurino, presso Arco Costantinopoli.<\/span><\/p>\n<p style=\"margin-bottom: 0.0001pt; line-height: normal; text-align: justify;\"><strong><span>Ore 19:30<\/span><\/strong><span>. Piazza dei Martiri: \u201cLa cultura non va in vacanza\u201d tra gli stand delle scuole e dei Licei, Gruppo musicale del Liceo Don Milani di Acquaviva delle Fonti, dirige il P<\/span><span>rof. Claudio Ferrara.<\/span><\/p>\n<p style=\"margin-bottom: 0.0001pt; line-height: normal; text-align: justify;\"><span><strong>Ore 20:00<\/strong>. Esibizione del gruppo di danza storica dell\u2019800 dell\u2019U.T.E. di Acquaviva delle Fonti diretto dall\u2019insegnante <strong>Monica Pichichero<\/strong>.<\/span><\/p>\n<p style=\"margin-bottom: 0.0001pt; line-height: normal; text-align: justify;\"><strong><span>Ore 22:30<\/span><\/strong><span>. Speciale Music by Djanfo presso \u201cPiano susci italiano\u201d Via Donato Boscia.<\/span><\/p>\n<p style=\"margin-bottom: 0.0001pt; line-height: normal; text-align: justify;\"><span><span>Barbara Baldari dell\u2019associazione \u201cI bisbiglii d<\/span><\/span><span><span>ell\u2019anima\u201d nel presentare \u201cLa Magia del Natale\u201d e il concorso LuminArte che vedr\u00e0 <strong>in giuria<\/strong> l\u2019architetto <strong>Michele Angelillo<\/strong>, <strong>Donato Potenza<\/strong> di <\/span><\/span><span>Lucciole di Puglia<\/span><span><span> e <strong>Milena Pavone<\/strong>, annuncia che dal prossimo anno il concorso sar\u00e0 esteso anche ad artisti <\/span><\/span><span><span>e artigiani. <\/span><\/span><\/p>\n<p style=\"margin-bottom: 0.0001pt; line-height: normal; text-align: justify;\"><a title=\"la magia del natale\" href=\"https:\/\/www.flickr.com\/photos\/91470992@N02\/49243577857\/in\/dateposted-public\/\" data-flickr-embed=\"true\"><img loading=\"lazy\" decoding=\"async\" style=\"margin: 4px; float: right;\" src=\"https:\/\/live.staticflickr.com\/65535\/49243577857_3e02204d4b.jpg\" alt=\"la magia del natale\" width=\"354\" height=\"500\" \/><\/a><\/p>\n<p style=\"margin-bottom: 0.0001pt; line-height: normal; text-align: justify;\"><span><strong><span>\u201c<\/span><\/strong><\/span><span><strong><span>La Magia del Natale apre i suoi due giorni di festeggiamenti con le installazioni lumi<\/span><\/strong><\/span><span><strong><span>nose artistiche a cura delle scuole<\/span><\/strong><\/span><span><span> che hanno avuto il piacere di aderirvi.<\/span><\/span><span> <span><strong>Dal pomeriggio di sabato 21 dicembre fino al 6 gennaio 2020<\/strong> saranno posizionate le luminarie <\/span><span>in pi\u00f9 punti centrali del paese<\/span> <span>che potranno essere votate da tutti coloro che vorranno gratificare il lavoro di ragazzi e docenti che vi si sono dedicati.<\/span> <span>I voti raccolti il 7 gennaio 2020, presso gli esercenti che avranno nelle loro attivit\u00e0 l&#8217;urna raccogli-voti<\/span> <span>in aggiunta al voto finale<\/span> <span>e pi\u00f9 competente della giuria preposta,<\/span> <span>eletta per supervisionare i lavori,<\/span> <span>faranno s\u00ec che il 10 gennaio 2020 nel Chiostro Comunale si possa premiare l&#8217;istituto vincitore&#8230;<\/span>Gli <span>esercizi abilitati alla raccolta voti:<\/span> <span>Bar Napoli<\/span> <span>(via C. B. Conte di Cavour, 118)<\/span> <span>Panificio Di Lorenzo<\/span> <span>(P.zza C.A. Dalla Chiesa,15)<\/span> <span>Grand Cru\u2019<\/span> <span>(via Papa Paolo VI, 49)<\/span>.\u201d <\/span><\/p>\n<p style=\"margin-bottom: 0.0001pt; line-height: normal; text-align: justify;\"><span><span>\u201cUn aspetto delle feste religiose che caratterizzano il Mezzogiorno d\u2019Italia &#8211; continua la \u00e9 dato dalla costante presenza delle luminarie. Vi sono poi i fuochi pirotecnici e le bande musicali che, con le bancarelle e le giostre costituiscono gli elementi insostituibili della festa. Vi \u00e8 anche la processione del Santo, accompagnata da un complesso programma religioso relativo alla celebrazione liturgica della festa e che sta alla base della sua motivazione anche civile; ma sono elementi, questi ultimi, che tendono a non essere considerati primari da quanti, e non sono pochi, reputano la festa come un evento turistico. Indubbiamente, l\u2019elemento pi\u00f9 significativo della festa, sotto l\u2019aspetto visivo, \u00e9 quello delle luminarie: archi, cassarmoniche, spalliere, frontoni, gallerie, formano un coacervo talmente armonico e ben articolato sul piano dell\u2019addobbo da lasciare ogni volta stupefatti anche gli spettatori pi\u00f9 esigenti e incontentabili. Le ragi<\/span><\/span><span><span>oni di tanta fortuna sono molteplici. Anzitutto, la luce ed i colori, frutto delle capacit\u00e0 tecniche, artistiche; poi l\u2019architettura, la leggerezza e la stabilit\u00e0 dei materiali i quali resistono con disinvoltura a pioggia, vento e temporali improvvisi mettendo, talvolta, a dura prova. Esiste, inoltre, una ragione pi\u00f9 nascosta ma fondamentale per l\u2019esistenza della festa: la tradizione e la sua vitalit\u00e0 che nel Mezzogiorno sono elementi decisivi per la conservazione dell\u2019identit\u00e0 storico culturale del territorio. Da un punto di vista strettamente tecnico, le luminarie, come spettacolo al buio costituito da un insieme di elementi figurati luminosi installati per l\u2019addobbo delle citt\u00e0 in occasione di festivit\u00e0 particolari, nascono intorno agli anni \u201930 di questo secolo e si sviluppa<\/span><\/span><span><span>no parallelamente col potenziamento della rete elettrica di illuminazione pubblica in Italia. Ma l\u2019elemento luminoso, come componente dell\u2019insieme dell\u2019addobbo, esisteva anche prima dell\u2019avvento dell\u2019energia elettrica. A partire dal XVI secolo fino a tutto l\u2019800, l\u2019Italia ha conosciuto una fioritura di feste caratterizzate dalle parazioni capaci di coinvolgere i maggiori artisti del tempo. Bernini, Grimaldi, Pietro da Cortona, Rinaldi, Fanzago, Fontana e, prima ancora lo stesso Michelangelo, forniranno disegni, realizzeranno bozzetti, saranno i veri e propri registi delle feste, affiancati, nell\u2019ideazione, da letterati ed intellettuali di gran livello come Sforza Pallavicino, Emanuele Tesauro o religiosi di talento come il padre Andrea Pozzo. Insomma, la festa ha un\u2019origine affatto colta e coinvolge tutti gli strati della popolazione: dalle autorit\u00e0 religiose a quelle civili, dai nobili ai popolani, dai ricchi ai poveri. Tutto diviene occasione per fare festa. Per gli interni, verranno privilegiate le chiese, per gli esterni, verranno coinvolte le piazze, le facciate del convento, dei palazzi e delle chiese, i campanili. Tutta la citt\u00e0 si trasforma, all\u2019insegna della meraviglia. Con la crisi della cultura tradizionale, quella che spregiativamente verr\u00e0 definita dell\u2019antico regime, vengono meno allora le condizioni culturali e politiche che avevano creato i presupposti per l\u2019affermarsi della festa barocca e di tutte le sue manifestazioni. La societ\u00e0 diviene pi\u00f9 laica passando attraverso un feroce anticlericalismo che, della nuova cultura, rappresenta l\u2019elemento pi\u00f9 largamente percepito nel Mezzogiorno. Tra i ceti sociali della classe dirigente e il popolo si scava un solco profondo, reso incolmabile dal fenomeno del brigantaggio prima e dalle mancate riforme poi. Avr\u00e0 inizio, cos\u00ec, il declino di una forma d\u2019arte che si aggraver\u00e0 ancora con l\u2019avvento dell\u2019Unit\u00e0 italiana. Le grandi scenografie, gli spettacoli d\u00ec fuochi artificiali eseguiti di giorno su appositi spartiti musicali, le grandi processioni in pompa magna col coinvolgimento e la partecipazione di tutta la citt\u00e0, saranno solo un ricordo sempre pi\u00f9 sbiadito, fino alla totale cancellazione dalla memoria. Ma la rinascita artistica di questa splendida tradizione si realizzer\u00e0 nel Mezzogiorno con l\u2019elaborazione di una vera e propria nuova forma d\u2019arte: le luminarie, la cui fortuna odierna consiste, nell\u2019illudere che quando si para una strada o una piazza moderna, si presuppone psicologicamente una forma urbis, anche quando questa non c\u2019\u00e9. E, per qualche giorno, ci si illude che anche la citt\u00e0 nuova sia un prolungamento di quella antica. Poi si aspetter\u00e0 la festa dell\u2019anno successivo, quando una nuova parazione aiuter\u00e0 ancora a sognare.<\/span><\/span><\/p>\n<p style=\"margin-bottom: 0.0001pt; line-height: normal; text-align: justify;\"><span><span>In questo contesto cultural-popolare e di attaccamento necessario alle tradizioni nasce il Concorso &#8220;LuminArte&#8221;&#8230;teso a non dimenticare ed a tramandare alle nuove generazioni pur lasciandole libere di creare esprimendo le tematiche pi\u00f9 vicine ai nostri tempi. Passato e presente legati per un futuro possibile\u201d.<\/span><\/span><\/p>\n<p>&nbsp;<\/p>\n","protected":false},"excerpt":{"rendered":"","protected":false},"author":1,"featured_media":0,"comment_status":"open","ping_status":"closed","sticky":false,"template":"","format":"standard","meta":{"colormag_page_container_layout":"default_layout","colormag_page_sidebar_layout":"default_layout","footnotes":""},"categories":[7],"tags":[],"class_list":["post-62425","post","type-post","status-publish","format-standard","hentry","category-attualita"],"_links":{"self":[{"href":"https:\/\/archiviogioia.lavocedelpaese.info\/index.php?rest_route=\/wp\/v2\/posts\/62425","targetHints":{"allow":["GET"]}}],"collection":[{"href":"https:\/\/archiviogioia.lavocedelpaese.info\/index.php?rest_route=\/wp\/v2\/posts"}],"about":[{"href":"https:\/\/archiviogioia.lavocedelpaese.info\/index.php?rest_route=\/wp\/v2\/types\/post"}],"author":[{"embeddable":true,"href":"https:\/\/archiviogioia.lavocedelpaese.info\/index.php?rest_route=\/wp\/v2\/users\/1"}],"replies":[{"embeddable":true,"href":"https:\/\/archiviogioia.lavocedelpaese.info\/index.php?rest_route=%2Fwp%2Fv2%2Fcomments&post=62425"}],"version-history":[{"count":0,"href":"https:\/\/archiviogioia.lavocedelpaese.info\/index.php?rest_route=\/wp\/v2\/posts\/62425\/revisions"}],"wp:attachment":[{"href":"https:\/\/archiviogioia.lavocedelpaese.info\/index.php?rest_route=%2Fwp%2Fv2%2Fmedia&parent=62425"}],"wp:term":[{"taxonomy":"category","embeddable":true,"href":"https:\/\/archiviogioia.lavocedelpaese.info\/index.php?rest_route=%2Fwp%2Fv2%2Fcategories&post=62425"},{"taxonomy":"post_tag","embeddable":true,"href":"https:\/\/archiviogioia.lavocedelpaese.info\/index.php?rest_route=%2Fwp%2Fv2%2Ftags&post=62425"}],"curies":[{"name":"wp","href":"https:\/\/api.w.org\/{rel}","templated":true}]}}