{"id":62568,"date":"2020-01-16T11:47:33","date_gmt":"2020-01-16T11:47:33","guid":{"rendered":"https:\/\/archiviogioia.lavocedelpaese.info\/?p=62568"},"modified":"2020-01-16T11:47:33","modified_gmt":"2020-01-16T11:47:33","slug":"orti-sociali-un-bene-per-la-comunita-la-proposta-di-prodigio-2","status":"publish","type":"post","link":"https:\/\/archiviogioia.lavocedelpaese.info\/?p=62568","title":{"rendered":"\u201cOrti sociali: un bene per la comunit\u00e0\u201d. La proposta di Pro.di.Gio."},"content":{"rendered":"<p><a title=\"orti-urbani-prodigio\" href=\"https:\/\/www.flickr.com\/photos\/91470992@N02\/49393590453\/in\/dateposted-public\/\" data-flickr-embed=\"true\"><img loading=\"lazy\" decoding=\"async\" style=\"display: block; margin-left: auto; margin-right: auto;\" src=\"https:\/\/live.staticflickr.com\/65535\/49393590453_1477976538_o.jpg\" alt=\"orti-urbani-prodigio\" width=\"320\" height=\"240\" \/><\/a><\/p>\n<p><!--more--><\/p>\n<p style=\"margin-bottom: 0.0001pt; line-height: normal; text-align: justify;\"><a title=\"orti-urbani-prodigio\" href=\"https:\/\/www.flickr.com\/photos\/91470992@N02\/49393595983\/in\/dateposted-public\/\" data-flickr-embed=\"true\"><img loading=\"lazy\" decoding=\"async\" style=\"margin: 4px; float: left;\" src=\"https:\/\/live.staticflickr.com\/65535\/49393595983_f2497496f5_w.jpg\" alt=\"orti-urbani-prodigio\" width=\"320\" height=\"320\" \/><\/a> <span>\u201cSul nostro territorio nazionale \u00e8 evidente la recente nascita e sviluppo di <strong>orti urbani<\/strong>: <strong>aree verdi incolte o non utilizzate riadattate per la coltivazione ortofrutticola<\/strong>. Sicuramente queste iniziative nascono da un\u2019esigenza sempre pi\u00f9 reale di vicinanza e contatto con la natura, in un periodo storico in cui l\u2019emergenza ambientale ha raggiunto i massimi livelli di allerta. <strong>Tali progetti<\/strong>, oltre ad avere un intrinseco valore salutare, <strong>contribuiscono a sviluppare una sensibilit\u00e0 ecologica<\/strong>. <\/span><\/p>\n<p style=\"margin-bottom: 0.0001pt; line-height: normal; text-align: justify;\"><span>Sulla scia di questa evoluzione sono innumerevoli i benefici che i cittadini potrebbero trarre da tali iniziative, a partire dai vantaggi salutari del <strong>consumo di prodotti a km 0<\/strong>, dell\u2019<strong>autoproduzione di alimenti <\/strong>utilizzando un tipo di agricoltura ecosostenibile, che non preveda quindi l\u2019utilizzo di prodotti chimici o pesticidi, evitando un impatto negativo sull\u2019ambiente nel rispetto della biodiversit\u00e0 con una maggiore consapevolezza nel consumo di prodotti nella loro stagionalit\u00e0. Da sottolineare \u00e8 anche il <strong>\u201criutilizzo\u201d di aree verdi in stato di incuria e di abbandono<\/strong> per donare a queste nuova vita in una visione che vada, tra le altre cose, a miglior<\/span><a title=\"orti-urbani-prodigio\" href=\"https:\/\/www.flickr.com\/photos\/91470992@N02\/49393595323\/in\/dateposted-public\/\" data-flickr-embed=\"true\"><img loading=\"lazy\" decoding=\"async\" style=\"margin: 4px; float: right;\" src=\"https:\/\/live.staticflickr.com\/65535\/49393595323_2c122c66ff_w.jpg\" alt=\"orti-urbani-prodigio\" width=\"320\" height=\"320\" \/><\/a><span>are il decoro urbano. <\/span><\/p>\n<p style=\"margin-bottom: 0.0001pt; line-height: normal; text-align: justify;\"><span>Spesso queste iniziative hanno una valenza e utilit\u00e0 sociale, come il progetto avanzato dal movimento politico Pro.di.gio. per il territorio di Gioia del Colle, che mira a contrastare la marginalizzazione sociale che spesso coinvolge anziani, extracomunitari e diversamente abili creando opportunit\u00e0 di collaborazione, coesione e inclusione sociale. <\/span><\/p>\n<p style=\"margin-bottom: 0.0001pt; line-height: normal; text-align: justify;\"><span>Con il buono <strong>auspicio che anche Gioia del Colle possa far parte di questa rivoluzione verde<\/strong> e che la comunit\u00e0 possa godere degli immensi benefici che ne deriverebbero facendosi portatore di valori quali la solidariet\u00e0, inclusione ed ecosostenibilit\u00e0, fondamentali per la buona riuscita del progetto\u201d. <\/span><\/p>\n<p style=\"margin-bottom: 0.0001pt; text-align: right; line-height: normal;\" align=\"right\"><strong><span>Ufficio Stampa Pro.di.Gio.<\/span><\/strong><\/p>\n<p style=\"margin-bottom: 0.0001pt; line-height: normal;\"><span>Per <strong>scaricare la proposta<\/strong>, <a href=\"https:\/\/archiviogioia.lavocedelpaese.info\/wp-content\/uploads\/2020\/01\/proposta-orti-urbani-compresso.pdf\">clicca qui<\/a>.<\/span><\/p>\n<p><iframe loading=\"lazy\" src=\"\/\/www.slideshare.net\/slideshow\/embed_code\/key\/uVqUjRzJXiYsdQ\" marginwidth=\"0\" marginheight=\"0\" scrolling=\"no\" width=\"668\" height=\"714\" allowfullscreen=\"allowfullscreen\" style=\"border: 1px solid #CCC; border-width: 1px; margin-bottom: 5px; max-width: 100%;\"><\/iframe><\/p>\n<p><a title=\"orti-urbani-prodigio\" href=\"https:\/\/www.flickr.com\/photos\/91470992@N02\/49394272727\/in\/dateposted-public\/\" data-flickr-embed=\"true\"><img loading=\"lazy\" decoding=\"async\" src=\"https:\/\/live.staticflickr.com\/65535\/49394272727_216348b226_h.jpg\" alt=\"orti-urbani-prodigio\" width=\"668\" height=\"1670\" \/><\/a><\/p>\n","protected":false},"excerpt":{"rendered":"","protected":false},"author":1,"featured_media":0,"comment_status":"open","ping_status":"closed","sticky":false,"template":"","format":"standard","meta":{"colormag_page_container_layout":"default_layout","colormag_page_sidebar_layout":"default_layout","footnotes":""},"categories":[4],"tags":[],"class_list":["post-62568","post","type-post","status-publish","format-standard","hentry","category-politica"],"_links":{"self":[{"href":"https:\/\/archiviogioia.lavocedelpaese.info\/index.php?rest_route=\/wp\/v2\/posts\/62568","targetHints":{"allow":["GET"]}}],"collection":[{"href":"https:\/\/archiviogioia.lavocedelpaese.info\/index.php?rest_route=\/wp\/v2\/posts"}],"about":[{"href":"https:\/\/archiviogioia.lavocedelpaese.info\/index.php?rest_route=\/wp\/v2\/types\/post"}],"author":[{"embeddable":true,"href":"https:\/\/archiviogioia.lavocedelpaese.info\/index.php?rest_route=\/wp\/v2\/users\/1"}],"replies":[{"embeddable":true,"href":"https:\/\/archiviogioia.lavocedelpaese.info\/index.php?rest_route=%2Fwp%2Fv2%2Fcomments&post=62568"}],"version-history":[{"count":0,"href":"https:\/\/archiviogioia.lavocedelpaese.info\/index.php?rest_route=\/wp\/v2\/posts\/62568\/revisions"}],"wp:attachment":[{"href":"https:\/\/archiviogioia.lavocedelpaese.info\/index.php?rest_route=%2Fwp%2Fv2%2Fmedia&parent=62568"}],"wp:term":[{"taxonomy":"category","embeddable":true,"href":"https:\/\/archiviogioia.lavocedelpaese.info\/index.php?rest_route=%2Fwp%2Fv2%2Fcategories&post=62568"},{"taxonomy":"post_tag","embeddable":true,"href":"https:\/\/archiviogioia.lavocedelpaese.info\/index.php?rest_route=%2Fwp%2Fv2%2Ftags&post=62568"}],"curies":[{"name":"wp","href":"https:\/\/api.w.org\/{rel}","templated":true}]}}