{"id":62605,"date":"2020-01-23T07:34:58","date_gmt":"2020-01-23T07:34:58","guid":{"rendered":"https:\/\/archiviogioia.lavocedelpaese.info\/?p=62605"},"modified":"2020-01-23T07:34:58","modified_gmt":"2020-01-23T07:34:58","slug":"servizi-sociali-ricercano-alloggi-ad-uso-abitativo","status":"publish","type":"post","link":"https:\/\/archiviogioia.lavocedelpaese.info\/?p=62605","title":{"rendered":"SERVIZI SOCIALI RICERCANO ALLOGGI AD USO ABITATIVO"},"content":{"rendered":"<p><a title=\"panorama gioia del colle\" href=\"https:\/\/www.flickr.com\/photos\/91470992@N02\/41517527462\/in\/photolist-26fLbt1-26fL7md-Rax7px-SMNdQL-WYRcQv-WWyVh5-wXKp3E-wXKivN-wVz8jG-wFgWho-r3F2FE-r3Tn3v-rZG1WH-rZBGKM-rH62vN-rFmkAr-rZG8KH-rZBD9P-rZBTLe-rXodcY\/\" data-flickr-embed=\"true\"><img loading=\"lazy\" decoding=\"async\" style=\"display: block; margin-left: auto; margin-right: auto;\" src=\"https:\/\/live.staticflickr.com\/871\/41517527462_bb9d519a20_z.jpg\" alt=\"panorama gioia del colle\" width=\"320\" height=\"240\" \/><\/a><\/p>\n<p><!--more--><\/p>\n<p style=\"text-align: justify;\"><a title=\"alloggi per welfare\" href=\"https:\/\/www.flickr.com\/photos\/91470992@N02\/49429677593\/in\/dateposted-public\/\" data-flickr-embed=\"true\"><img loading=\"lazy\" decoding=\"async\" style=\"margin: 4px; float: left;\" src=\"https:\/\/live.staticflickr.com\/65535\/49429677593_eb129259f5_n.jpg\" alt=\"alloggi per welfare\" width=\"320\" height=\"312\" \/><\/a>\u201c<strong>L\u2019Area Welfare<\/strong> \u2013 Servizi alla Persona <strong>\u00e8 alla ricerca di alloggi<\/strong> <strong>da destinare a civile abitazione per propri utenti<\/strong>.<\/p>\n<p style=\"text-align: justify;\"><strong>Il Comune riconosce<\/strong> il canone di locazione concordato direttamente <strong>a favore del proprietario<\/strong> dell\u2019immobile, applicando <strong>una<\/strong> <strong>riduzione del 5% sul versamento della TARI<\/strong> per l\u2019abitazione dei proprietari che aderiscono all\u2019iniziativa.<\/p>\n<p style=\"text-align: justify;\"><strong>I proprietari di case sfitte possono compilare il modello di domanda<\/strong> disponibile <strong>sul sito istituzionale del Comune oppure richiedere apposita modulistica<\/strong> presso i Servizi Sociali in Via A.Gatta, 33 dal luned\u00ec al venerd\u00ec dalle ore 09.00 alle 12.00 e il marted\u00ec pomeriggio dalle 15,00 alle 18,30\u201d.<\/p>\n<p><a href=\"http:\/\/www.comune.gioiadelcolle.ba.it\/wp-content\/uploads\/2020\/01\/CASA-DOMANDA-DI-PARTECIPAZIONE-2020.doc\">CASA-DOMANDA-DI-PARTECIPAZIONE-2020<\/a><\/p>\n<p>&nbsp;<\/p>\n","protected":false},"excerpt":{"rendered":"","protected":false},"author":1,"featured_media":0,"comment_status":"open","ping_status":"closed","sticky":false,"template":"","format":"standard","meta":{"colormag_page_container_layout":"default_layout","colormag_page_sidebar_layout":"default_layout","footnotes":""},"categories":[7],"tags":[],"class_list":["post-62605","post","type-post","status-publish","format-standard","hentry","category-attualita"],"_links":{"self":[{"href":"https:\/\/archiviogioia.lavocedelpaese.info\/index.php?rest_route=\/wp\/v2\/posts\/62605","targetHints":{"allow":["GET"]}}],"collection":[{"href":"https:\/\/archiviogioia.lavocedelpaese.info\/index.php?rest_route=\/wp\/v2\/posts"}],"about":[{"href":"https:\/\/archiviogioia.lavocedelpaese.info\/index.php?rest_route=\/wp\/v2\/types\/post"}],"author":[{"embeddable":true,"href":"https:\/\/archiviogioia.lavocedelpaese.info\/index.php?rest_route=\/wp\/v2\/users\/1"}],"replies":[{"embeddable":true,"href":"https:\/\/archiviogioia.lavocedelpaese.info\/index.php?rest_route=%2Fwp%2Fv2%2Fcomments&post=62605"}],"version-history":[{"count":0,"href":"https:\/\/archiviogioia.lavocedelpaese.info\/index.php?rest_route=\/wp\/v2\/posts\/62605\/revisions"}],"wp:attachment":[{"href":"https:\/\/archiviogioia.lavocedelpaese.info\/index.php?rest_route=%2Fwp%2Fv2%2Fmedia&parent=62605"}],"wp:term":[{"taxonomy":"category","embeddable":true,"href":"https:\/\/archiviogioia.lavocedelpaese.info\/index.php?rest_route=%2Fwp%2Fv2%2Fcategories&post=62605"},{"taxonomy":"post_tag","embeddable":true,"href":"https:\/\/archiviogioia.lavocedelpaese.info\/index.php?rest_route=%2Fwp%2Fv2%2Ftags&post=62605"}],"curies":[{"name":"wp","href":"https:\/\/api.w.org\/{rel}","templated":true}]}}