{"id":62609,"date":"2020-01-24T09:42:20","date_gmt":"2020-01-24T09:42:20","guid":{"rendered":"https:\/\/archiviogioia.lavocedelpaese.info\/?p=62609"},"modified":"2020-01-24T09:42:20","modified_gmt":"2020-01-24T09:42:20","slug":"murgia-dautore-buona-la-prima-con-renzo-rubino-e-alessandro-sette","status":"publish","type":"post","link":"https:\/\/archiviogioia.lavocedelpaese.info\/?p=62609","title":{"rendered":"Murgia d\u2019Autore. Buona la prima con Renzo Rubino e Alessandro Sette"},"content":{"rendered":"<p><a title=\"renzo rubino in concerto\" href=\"https:\/\/www.flickr.com\/photos\/91470992@N02\/49435110202\/in\/dateposted-public\/\" data-flickr-embed=\"true\"><img loading=\"lazy\" decoding=\"async\" style=\"display: block; margin-left: auto; margin-right: auto;\" src=\"https:\/\/live.staticflickr.com\/65535\/49435110202_3a3e3d3a82_o.jpg\" alt=\"renzo rubino in concerto\" width=\"320\" height=\"240\" \/><\/a><\/p>\n<p><!--more--><\/p>\n<p style=\"margin-bottom: 0.0001pt; line-height: normal; text-align: justify;\"><a title=\"renzo rubino in concerto\" href=\"https:\/\/www.flickr.com\/photos\/91470992@N02\/49434415013\/in\/dateposted-public\/\" data-flickr-embed=\"true\"><img loading=\"lazy\" decoding=\"async\" style=\"margin: 4px; float: left;\" src=\"https:\/\/live.staticflickr.com\/65535\/49434415013_2719c0c157.jpg\" alt=\"renzo rubino in concerto\" width=\"300\" height=\"420\" \/><\/a> <span>\u00c8 proprio il caso di dirlo, la prima serata della seconda edizione di \u201cMurgia d\u2019Autore\u201d, rassegna musicale-letteraria ideata e promossa dall\u2019<strong>Ass. Culturale \u201cVirginia Woolf\u201d<\/strong> di Santeramo in collaborazione con \u201cUn sorriso per Irene\u201d e l\u2019Istituto Paritario \u201cde La Salle\u201d, \u00e8 stata un successo, tra sorprese e conferme.<\/span><\/p>\n<p style=\"margin-bottom: 0.0001pt; line-height: normal; text-align: justify;\"><span>A riscaldare il pubblico accorso al Teatro <strong>Il Saltimbanco di Santeramo<\/strong>, venerd\u00ec 17 gennaio, ci ha pensato il talento locale <strong>Alessandro Sette<\/strong> che ha proposto, chitarra e voce, brani pubblicati con la sua band \u201cLanificio 52\u201d che ha salutato dopo l\u2019interpretazione di \u201cFermo immagine\u201d scritta proprio con i colleghi Francesco Capoti, Roberto De Lucia, Rocco Girardi e Michele Molinari.<\/span><\/p>\n<p style=\"margin-bottom: 0.0001pt; line-height: normal; text-align: justify;\"><span>Dopo aver regalato \u201cVolo via\u201d scritta con il cantautore Vittorio Nacci e \u201cSe ne va\u201d, tutte le tracce sono tratte dal loro Ep di inediti \u201cLanificio 52\u201d, autoprodotto e distribuito a giugno 2015.<\/span><\/p>\n<p style=\"margin-bottom: 0.0001pt; line-height: normal; text-align: justify;\"><span>Applausi calorosi salutano il talento sante<\/span><a title=\"renzo rubino in concerto\" href=\"https:\/\/www.flickr.com\/photos\/91470992@N02\/49434415153\/in\/dateposted-public\/\" data-flickr-embed=\"true\"><img loading=\"lazy\" decoding=\"async\" style=\"margin: 4px; float: right;\" src=\"https:\/\/live.staticflickr.com\/65535\/49434415153_a2b7584e85_w.jpg\" alt=\"renzo rubino in concerto\" width=\"300\" height=\"421\" \/><\/a><span>rmano che ha dato sfoggio delle sue indubbie doti canore. \u00c8 il momento di <strong>Renzo Rubino<\/strong> che per l\u2019occasione \u00e8 accom<\/span><span>pagnato da <strong>Andrea Libero Cito<\/strong> al violino e <strong>Andrea Beninati<\/strong> violo<\/span><span>ncello e batteria. Tra musica e aneddoti divertenti il cantautore di Martina Franca ha deliziato e intrattenuto i presenti s\u00ec perch\u00e9 Rubino ha una dote rara, quella di divertirsi sul palco e questo non sfugge a chi lo segue da anni o anche a chi lo ha scoperto solo in questa occasione.<\/span><\/p>\n<p style=\"margin-bottom: 0.0001pt; line-height: normal; text-align: justify;\"><span>Diverte e coinvolge il pubblico con il suo brio, ereditato dall\u2019infaticabile nonna Mimma, presente in sala e che lo segue ovunque. Emoziona e fa star bene, lui che ha cominciato a far musica in un night club \u201csuonavamo mentre le signorine si spogliavano, erano loro a richiederci le canzoni\u201d. Da quell\u2019esperienza \u00e8 nata nel 2013 l\u2019irriverente \u201cPaghi al kg\u201d. <\/span><\/p>\n<p style=\"margin-bottom: 0.0001pt; line-height: normal; text-align: justify;\"><span>Tra le canzoni pi\u00f9 e<\/span><a title=\"renzo rubino in concerto\" href=\"https:\/\/www.flickr.com\/photos\/91470992@N02\/49435110017\/in\/dateposted-public\/\" data-flickr-embed=\"true\"><img loading=\"lazy\" decoding=\"async\" style=\"margin: 4px; float: left;\" src=\"https:\/\/live.staticflickr.com\/65535\/49435110017_f02fd95d02.jpg\" alt=\"renzo rubino in concerto\" width=\"300\" height=\"420\" \/><\/a><span>mozionanti sicuramente \u201cLul\u00f9\u201d, dedicata a suo nonno che non c\u2019\u00e8 pi\u00f9, che negli ultimi tempi, affetto da Alzheimer, scambiava tutti per sua moglie Lul\u00f9 appunto: \u201cl\u2019insegnamento di mio nonno \u00e8 l\u2019essersi aggrappato con tutte le forze al suo amore\u201d. Tutti cantavano poi \u201cIl postino (Amami uomo)\u201d canzone che valse a Renzo il ter<\/span><span>zo posto a Sanremo Giovani nel 2013 e il Premio della Critica \u201cMia Martini\u201d. <\/span><\/p>\n<p style=\"margin-bottom: 0.0001pt; line-height: normal; text-align: justify;\"><span>A proposito di questo suo primo <\/span><span>Sanremo, Rubino racconta di essere rimasto impressionato da una signora che per tutto la sua esibizione dormiva a bocca aperta: \u201cquesto \u00e8 il mio ricordo di quel Sanremo\u201d, il pubblico sorride divertito. Questa canzone ha conquistato anche una donna importante della musica italiana, la mitica Ornella Vanoni, che ha voluto duettare con Renzo nel programma \u201cLe invasioni ba<\/span><span>rbariche\u201d di Daria Bignardi, il brano scelto era \u201cMam\u00ec\u201d, il duetto n<\/span><span>onostante l\u2019accento non proprio milanese di Renzo fu un successo: \u201cOrnella continuava a ripetermi questo ritornello \u00e8 irreversibile\u201d riferendosi a \u201cIl Postino\u201d. Proprio pensando alla cantante ha scritto \u201cIl segno della croce\u201d presente nel suo quarto album di inediti \u201cIl gelato dopo il mare\u201d e interpretata con lo special guest, <strong>Gianluca Salvi<\/strong> alla batteria.<\/span><\/p>\n<p style=\"margin-bottom: 0.0001pt; line-height: normal; text-align: justify;\"><span>Interessante e insolita, in pieno stile Rubino, la cover di \u201cChe brutto affare\u201d, canzone scritta dall\u2019imm<\/span><span>enso Franco Califano e pres<\/span><a title=\"renzo rubino in concerto\" href=\"https:\/\/www.flickr.com\/photos\/91470992@N02\/49434415058\/in\/dateposted-public\/\" data-flickr-embed=\"true\"><img loading=\"lazy\" decoding=\"async\" style=\"margin: 4px; float: right;\" src=\"https:\/\/live.staticflickr.com\/65535\/49434415058_1dba08e0cc.jpg\" alt=\"renzo rubino in concerto\" width=\"300\" height=\"420\" \/><\/a><span>entata a Sanremo 1981 da una giovanissima Gi\u00f2 Chiarello. Altro omaggio alla musica d\u2019autore i<\/span><span>taliana, \u00e8 stato \u201cFutura\u201d di Lucio Dalla, richiesta dal pubblico come bis, a cui sono seguiti \u201cDolcevita\u201d singolo pubblicato la scorsa estate e l\u2019emozionante \u201cCustodire\u201d<\/span><span> presentata a Sanremo 2018, terza partecipazione, (seconda tra i Big dopo quella del 2014 con \u201cOra\u201d e \u201cPer sempre e poi basta\u201d). Ed \u00e8 proprio da custodire nel \u201creparto ricordi migliori\u201d (Rubino cit.) questa<\/span><span> serata di musica live.<\/span><\/p>\n<p style=\"margin-bottom: 0.0001pt; line-height: normal; text-align: justify;\"><strong><span>Ringraziamenti e consid<\/span><\/strong><strong><span>erazioni a margi<\/span><\/strong><strong><span>ne<\/span><\/strong><\/p>\n<p style=\"margin-bottom: 0.0001pt; line-height: normal; text-align: justify;\"><span>Ricordiamo che il ricavato delle vendite di biglietti e abbonamenti sar\u00e0 devoluto all\u2019acquisto e posizionamento in un parco di Santeramo di una giostrina dedicata a Irene Cofano, prematuramente scomparsa. \u201cQuello che muove veramente il mondo \u00e8 il cuore come quello degli artisti veri, come quello <\/span><span>degli altri sponsor che si stanno aggiungendo strada facendo ci sta riscaldando l\u2019anima\u201d ha dichiarato <strong>Annarita Lorusso<\/strong> dell\u2019Ass.\u201cV.Woolf\u201d.<\/span><\/p>\n<p style=\"margin-bottom: 0.0001pt; line-height: normal; text-align: justify;\"><span>Per il Sindaco prof. <strong>Fabrizio Baldassa<\/strong>rre la gioia di ascoltare questo percorso musicale con autori di grandissimo livello si amplifica unita alla solidariet\u00e0 e alla cittadinanza attiva: \u201cil vostro darvi da fare atti<\/span><a title=\"renzo rubino in concerto\" href=\"https:\/\/www.flickr.com\/photos\/91470992@N02\/49435110332\/in\/dateposted-public\/\" data-flickr-embed=\"true\"><img loading=\"lazy\" decoding=\"async\" style=\"margin: 4px; float: left;\" src=\"https:\/\/live.staticflickr.com\/65535\/49435110332_6e05f2ea1c.jpg\" alt=\"renzo rubino in concerto\" width=\"300\" height=\"421\" \/><\/a><span>vamente per la citt\u00e0 \u00e8 molto apprezzabile, grazie per il vostro cuore, coraggio e incoscienza, necessari per tutte le cose belle della vita\u201d. <\/span><\/p>\n<p style=\"margin-bottom: 0.0001pt; line-height: normal; text-align: justify;\"><span>\u201cGrazie a <strong>Nunzio Porfi<\/strong><\/span><span><strong>do<\/strong> mente, cuore, orecchio attento alla musica, mi fido di lui &#8211; afferma <strong>Maurizio Cofano<\/strong> dell\u2019Ass. Un sorriso per Irene &#8211; invito tutti gli sponsor a visitare il centro ATSM Speranza per<\/span><span> vedere quello che \u00e8 stato acquistato grazie al ricavato della prima edizione di Murgia d<\/span><span>\u2019Autore\u201d. <\/span><\/p>\n<p style=\"margin-bottom: 0.0001pt; line-height: normal; text-align: justify;\"><span>Altra persona con un grande cuore \u00e8 sicuramente <strong>Maria Pesce<\/strong>, responsabile del centro ATSM \u201cSperanza\u201d: \u201cuna realt\u00e0 necessaria che sta facendo tanto per la citt\u00e0 \u2013 afferma Annarita &#8211; Maria ha conosciuto Irene, che ha frequentat<\/span><span>o il suo centro\u201d. Maria emozionata e felice ha dichiarato: \u201ccon la conoscenza si pu\u00f2 fare molto, si teme quello che non si conosce. Il nostro \u00e8 un centro aperto in cui si c<\/span><span>ura la persona, non quello che gli manca, valorizziamo ci\u00f2 che \u00e8 nella sua essenza. Irene aveva un sorriso bellissimo e quando ti abbracciava comunicava tanto. Invito la cittadinanza a vedere il centro come una possibilit\u00e0 per le persone che vogliono recuperare energie spirituali, qui troveranno ascolto e accoglienza\u201d.&nbsp;<\/span><\/p>\n<p style=\"margin-bottom: 0.0001pt; line-height: normal; text-align: justify;\"><span>Un ringraziamento sincero da parte di <strong>Carlo Cecca<\/strong>, dell\u2019Ass. Culturale \u201cVirginia Woolf\u201d, a chi ha permesso tutto ci\u00f2: l\u2019Associazione \u201cUn sorriso per Irene\u201d, l\u2019Istituto Paritario \u201cde La Salle\u201d, il Comune di Santeramo in Colle e tutti gli sponsor e i media partner della rassegna \u201cMurgia d\u2019Autore\u201d che prosegue questo sabato, 25 gennaio, con il concerto di Pietro Verna: un altro evento da non perdere, info biglietti: <strong><span>Libreria di Via Roma <\/span><\/strong><span>Santeramo in Colle (Bari) tel. 320.8561222 <\/span><\/span><\/p>\n<p style=\"margin-bottom: 0.0001pt; line-height: normal; text-align: justify;\"><span>Grazie a <strong>Gargi Photography<\/strong> per averci gentilmente concesso i suoi scatti.<\/span><\/p>\n<p>&nbsp;<\/p>\n","protected":false},"excerpt":{"rendered":"","protected":false},"author":1,"featured_media":0,"comment_status":"open","ping_status":"closed","sticky":false,"template":"","format":"standard","meta":{"colormag_page_container_layout":"default_layout","colormag_page_sidebar_layout":"default_layout","footnotes":""},"categories":[7],"tags":[],"class_list":["post-62609","post","type-post","status-publish","format-standard","hentry","category-attualita"],"_links":{"self":[{"href":"https:\/\/archiviogioia.lavocedelpaese.info\/index.php?rest_route=\/wp\/v2\/posts\/62609","targetHints":{"allow":["GET"]}}],"collection":[{"href":"https:\/\/archiviogioia.lavocedelpaese.info\/index.php?rest_route=\/wp\/v2\/posts"}],"about":[{"href":"https:\/\/archiviogioia.lavocedelpaese.info\/index.php?rest_route=\/wp\/v2\/types\/post"}],"author":[{"embeddable":true,"href":"https:\/\/archiviogioia.lavocedelpaese.info\/index.php?rest_route=\/wp\/v2\/users\/1"}],"replies":[{"embeddable":true,"href":"https:\/\/archiviogioia.lavocedelpaese.info\/index.php?rest_route=%2Fwp%2Fv2%2Fcomments&post=62609"}],"version-history":[{"count":0,"href":"https:\/\/archiviogioia.lavocedelpaese.info\/index.php?rest_route=\/wp\/v2\/posts\/62609\/revisions"}],"wp:attachment":[{"href":"https:\/\/archiviogioia.lavocedelpaese.info\/index.php?rest_route=%2Fwp%2Fv2%2Fmedia&parent=62609"}],"wp:term":[{"taxonomy":"category","embeddable":true,"href":"https:\/\/archiviogioia.lavocedelpaese.info\/index.php?rest_route=%2Fwp%2Fv2%2Fcategories&post=62609"},{"taxonomy":"post_tag","embeddable":true,"href":"https:\/\/archiviogioia.lavocedelpaese.info\/index.php?rest_route=%2Fwp%2Fv2%2Ftags&post=62609"}],"curies":[{"name":"wp","href":"https:\/\/api.w.org\/{rel}","templated":true}]}}