{"id":62660,"date":"2020-02-01T07:47:28","date_gmt":"2020-02-01T07:47:28","guid":{"rendered":"https:\/\/archiviogioia.lavocedelpaese.info\/?p=62660"},"modified":"2020-02-01T07:47:28","modified_gmt":"2020-02-01T07:47:28","slug":"solenni-quarantore-in-san-domenico-tratteggiati-da-mons-cacucci","status":"publish","type":"post","link":"https:\/\/archiviogioia.lavocedelpaese.info\/?p=62660","title":{"rendered":"Solenni Quarantore in San Domenico tratteggiati da Mons. Cacucci"},"content":{"rendered":"<p><a title=\"quarantore san domenico\" href=\"https:\/\/www.flickr.com\/photos\/91470992@N02\/49474166552\" data-flickr-embed=\"true\"><img loading=\"lazy\" decoding=\"async\" style=\"display: block; margin-left: auto; margin-right: auto;\" src=\"https:\/\/live.staticflickr.com\/65535\/49474166552_1a71d1e7d8_z.jpg\" alt=\"quarantore san domenico\" width=\"320\" height=\"240\" \/><\/a><\/p>\n<p><!--more--><\/p>\n<p style=\"text-align: justify;\"><a title=\"quarantore san domenico\" href=\"https:\/\/www.flickr.com\/photos\/91470992@N02\/49473967677\/in\/dateposted-public\/\" data-flickr-embed=\"true\"><img loading=\"lazy\" decoding=\"async\" style=\"margin: 4px; float: left;\" src=\"https:\/\/live.staticflickr.com\/65535\/49473967677_94ba7d8129_w.jpg\" alt=\"quarantore san domenico\" width=\"400\" height=\"225\" \/><\/a> <span>\u201cTre giorni di preghiere e di meditazione \u00e8 stata ancora una volta l\u2019edizione 2020 delle \u201c<strong>Solenni Quarantore<\/strong>\u201d tenutesi in San Domenico da domenica 26 a marted\u00ec 28, ultimo giorno arricchito dalla presenza del nostro padre <strong>Arcivescovo Mons. Francesco Cacucci<\/strong>, il quale nel corso della sua omelia ci ha trasferito tutta la sua gioia e la sua fede parlando ai fedeli di San Tommaso d\u2019Aquino, nel giorno in cui la chiesa ne faceva memoria. <\/span><\/p>\n<p style=\"text-align: justify;\"><span>\u201cOgni volta che venite in questa chiesa bellissima, vorrei che guardaste San Tommaso e ricordaste che si \u00e8 santificato offrendo la sua intelligenza ma proprio alla fine della sua esistenza ha iniziato il cammino verso l\u2019eternit\u00e0 definendo paglia ci\u00f2 che aveva indagato rispetto a ci\u00f2 che aveva visto\u201d. Il Vescovo conclude cos\u00ec l&#8217;omelia pronunciata marted\u00ec 28 gennaio nella chiesa di San Domenico, durante la celebrazione della santa messa conclusiva delle Solenni Quarantore.<\/span><\/p>\n<p style=\"text-align: justify;\"><span>Il nostro padre spirituale, don Tonino Posa ha accolto monsignor Cacucci esp<\/span><a title=\"quarantore san domenico\" href=\"https:\/\/www.flickr.com\/photos\/91470992@N02\/49473753646\/in\/dateposted-public\/\" data-flickr-embed=\"true\"><img loading=\"lazy\" decoding=\"async\" style=\"margin: 4px; float: right;\" src=\"https:\/\/live.staticflickr.com\/65535\/49473753646_4a239fbc02_w.jpg\" alt=\"quarantore san domenico\" width=\"400\" height=\"225\" \/><\/a><span>rimendo la gratitudine e la gioia della comunit\u00e0 e sottolineando quanto l\u2019esperienza del pellegrinaggio delle Solenni Quarantore sia esperienza rigenerante per <\/span><span>gli aspetti pi\u00f9 intimi della umana fede. Sinceri e devoti ringraziamenti sono giunti anche dal nostro presidente, <strong>Francesco Tuseo-Ferrer<\/strong>, il quale, senza tradire una certa commozione, ha parlato di un grande giorno di festa per la comunit\u00e0 di San Domenico che ha voluto, durante la celebrazione eucaristica, <strong>onorare la memoria di tre grandi comunicatori: don Vito Marotta, Vito Maurogiovanni e Milena Pastore<\/strong>.<\/span><\/p>\n<p style=\"text-align: justify;\"><span>Una celebrazione intensa incentrata sulla figura del Dottore Angelico, Tommaso D\u2019Aquino, e ancora sul ruolo e l\u2019importanza dell\u2019istruzione e dell\u2019educazione, con la preghiera dei fedeli dedicata agli insegnanti, agli alunni, alla scuola e conclusasi con la preghiera del nostro Arcivescovo. Monsignor Cacucci, per intercessione di san Tommaso D\u2019Aquino, ha chiesto che la scuola diventi comunit\u00e0 educante confortata dall\u2019insegnamento tomista per cui la scienza gonfia ma la carit\u00e0 edifica.<\/span><\/p>\n<p style=\"text-align: justify;\"><span>Il ricordo dei tre compianti com<\/span><a title=\"quarantore san domenico\" href=\"https:\/\/www.flickr.com\/photos\/91470992@N02\/49473973797\/in\/dateposted-public\/\" data-flickr-embed=\"true\"><img loading=\"lazy\" decoding=\"async\" style=\"margin: 4px; float: left;\" src=\"https:\/\/live.staticflickr.com\/65535\/49473973797_2161708f50_w.jpg\" alt=\"quarantore san domenico\" width=\"400\" height=\"225\" \/><\/a><span>unicatori \u00e8 stato affidato a <strong>Franco Deramo<\/strong>, giornalista UCSI (Unione Cattolica Stampa Italiana), che ne ha delineato la figura ricordando lo stretto legame con Gioia del Colle ed in particolare con la Confraternita del Rosario.<\/span><\/p>\n<p style=\"text-align: justify;\"><span>In conclusione la comunit\u00e0 ha omaggiato S.E. Mons. Francesco Cacucci con una targa ricordo, apprezzata dallo stesso che ha salutato i fedeli incoraggiandoli ad un impegno continuo e costante. <\/span><\/p>\n<p style=\"text-align: justify;\"><span>Intanto, nel precisare che da domenica 2 febbraio e marted\u00ec 5 la bella e suggestiva esperienza delle Quarantore si svolger\u00e0 nella rettoria di S. Andrea, la Confraternita del SS. Rosario sta gi\u00e0 pensando ai prossimi impegni non solo religiosi. A giorni un tecnico di nostra fiducia ci relazioner\u00e0 sullo stato di salute del tetto di San Domenico, perch\u00e9 esiste il fondato motivo che sar\u00e0 necessario intervenire\u201d. <\/span><\/p>\n<p style=\"text-align: right;\" align=\"right\"><strong><span>Confraternita SS. Rosario<\/span><\/strong><\/p>\n<p>&nbsp;<\/p>\n","protected":false},"excerpt":{"rendered":"","protected":false},"author":1,"featured_media":0,"comment_status":"open","ping_status":"closed","sticky":false,"template":"","format":"standard","meta":{"colormag_page_container_layout":"default_layout","colormag_page_sidebar_layout":"default_layout","footnotes":""},"categories":[7],"tags":[],"class_list":["post-62660","post","type-post","status-publish","format-standard","hentry","category-attualita"],"_links":{"self":[{"href":"https:\/\/archiviogioia.lavocedelpaese.info\/index.php?rest_route=\/wp\/v2\/posts\/62660","targetHints":{"allow":["GET"]}}],"collection":[{"href":"https:\/\/archiviogioia.lavocedelpaese.info\/index.php?rest_route=\/wp\/v2\/posts"}],"about":[{"href":"https:\/\/archiviogioia.lavocedelpaese.info\/index.php?rest_route=\/wp\/v2\/types\/post"}],"author":[{"embeddable":true,"href":"https:\/\/archiviogioia.lavocedelpaese.info\/index.php?rest_route=\/wp\/v2\/users\/1"}],"replies":[{"embeddable":true,"href":"https:\/\/archiviogioia.lavocedelpaese.info\/index.php?rest_route=%2Fwp%2Fv2%2Fcomments&post=62660"}],"version-history":[{"count":0,"href":"https:\/\/archiviogioia.lavocedelpaese.info\/index.php?rest_route=\/wp\/v2\/posts\/62660\/revisions"}],"wp:attachment":[{"href":"https:\/\/archiviogioia.lavocedelpaese.info\/index.php?rest_route=%2Fwp%2Fv2%2Fmedia&parent=62660"}],"wp:term":[{"taxonomy":"category","embeddable":true,"href":"https:\/\/archiviogioia.lavocedelpaese.info\/index.php?rest_route=%2Fwp%2Fv2%2Fcategories&post=62660"},{"taxonomy":"post_tag","embeddable":true,"href":"https:\/\/archiviogioia.lavocedelpaese.info\/index.php?rest_route=%2Fwp%2Fv2%2Ftags&post=62660"}],"curies":[{"name":"wp","href":"https:\/\/api.w.org\/{rel}","templated":true}]}}