{"id":62701,"date":"2020-02-07T08:28:40","date_gmt":"2020-02-07T08:28:40","guid":{"rendered":"https:\/\/archiviogioia.lavocedelpaese.info\/?p=62701"},"modified":"2020-02-07T08:28:40","modified_gmt":"2020-02-07T08:28:40","slug":"invito-ad-utilizzare-i-beneficiari-del-rdc-in-progetti-di-pubblica-utilita-2","status":"publish","type":"post","link":"https:\/\/archiviogioia.lavocedelpaese.info\/?p=62701","title":{"rendered":"Invito ad utilizzare i beneficiari del Rdc in progetti di pubblica utilit\u00e0"},"content":{"rendered":"<p><a title=\"rdc e servizio PUC\" href=\"https:\/\/www.flickr.com\/photos\/91470992@N02\/49501675327\/in\/dateposted-public\/\" data-flickr-embed=\"true\"><img loading=\"lazy\" decoding=\"async\" style=\"display: block; margin-left: auto; margin-right: auto;\" src=\"https:\/\/live.staticflickr.com\/65535\/49501675327_b592c3a3b2_z.jpg\" alt=\"rdc e servizio PUC\" width=\"320\" height=\"240\" \/><\/a><\/p>\n<p><!--more--><\/p>\n<p style=\"text-align: justify;\"><a title=\"rdc e servizio PUC\" href=\"https:\/\/www.flickr.com\/photos\/91470992@N02\/49501675517\/in\/dateposted-public\/\" data-flickr-embed=\"true\"><img loading=\"lazy\" decoding=\"async\" style=\"margin: 4px; float: left;\" src=\"https:\/\/live.staticflickr.com\/65535\/49501675517_ceec336c49_w.jpg\" alt=\"rdc e servizio PUC\" width=\"400\" height=\"200\" \/><\/a> \u201c<strong>L&#8217;Associazione &#8220;In Movimento per GIOIA&#8221;<\/strong> alla luce dell&#8217;assunzione dei NAVIGATOR (<span><a href=\"attualita\/17728-reddito-di-cittadinanza-arrivano-4-navigator-a-gioia-del-colle.html\">Reddito di Cittadinanza. Arrivano 4 Navigator a Gioia del Colle<\/a><\/span>) e dell&#8217;immediato utilizzo dei beneficiari del Reddito di Cittadinanza, <strong>chiede all&#8217;Ill.mo sig. Sindaco<\/strong> del comune di Gioia del Colle Dott. <strong>Giovanni Mastrangelo<\/strong> <strong>di utilizzare tutti gli aventi diritto al reddito di cittadinanza<\/strong> secondo le finalit\u00e0 previste dalla <strong>fase 2 in progetti di riqualificazione del territorio<\/strong>, attivit\u00e0 culturali, assistenza anziani, suggerendo tra le varie attivit\u00e0 possibili la riqualificazione di interi tratti di campagna o strade pubbliche invase da plastiche di ogni genere o bottiglie di vetro. A tal proposito la scrivente allega un progetto a 5 stelle sui possibili impieghi dei beneficiari.<\/p>\n<p style=\"text-align: justify;\">Certi dell&#8217;impegno che ne seguir\u00e0 l\u2019associazione resta a disposizione per metterla in comunicazione con comuni a 5 stelle che stanno gi\u00e0 adoperando con ottimi risultati e a pieno regime la nuova fase 2 entrata in vigore\u201d.<\/p>\n<p style=\"text-align: right;\" align=\"right\"><strong>In MoVimento per Gioia<\/strong><\/p>\n<p style=\"text-align: justify;\"><strong>&#8212;&#8212;&#8212;&#8212;&#8212;&#8212;-<\/strong><\/p>\n<p style=\"text-align: justify;\"><strong>&#8220;Per i beneficiari del sussidio scatta infatti l\u2019obbligo di svolgere i cosiddetti Puc, progetti di pubblica utilit\u00e0.<\/strong><\/p>\n<p style=\"text-align: justify;\">Lo preve<a title=\"rdc e servizio PUC\" href=\"https:\/\/www.flickr.com\/photos\/91470992@N02\/49501675042\/in\/dateposted-public\/\" data-flickr-embed=\"true\"><img loading=\"lazy\" decoding=\"async\" style=\"margin: 4px; float: left;\" src=\"https:\/\/live.staticflickr.com\/65535\/49501675042_e4da133885_w.jpg\" alt=\"rdc e servizio PUC\" width=\"400\" height=\"271\" \/><\/a>de il decreto del ministero del Lavoro appena entrato in vigore &#8211; con la pubblicazione sulla Gazzetta Ufficiale dell\u20198 gennaio 2020 &#8211; che impone ai beneficiari del sussidio di offrire, nell\u2019ambito del Patto per il lavoro e del Patto per l\u2019inclusione sociale, la propria disponibilit\u00e0 per la partecipazione a progetti, utili alla collettivit\u00e0, da svolgere nel comune di residenza. La mancata adesione al patto da parte di uno dei componenti il nucleo familiare comporta la perdita del reddito di cittadinanza.<\/p>\n<p style=\"text-align: justify;\"><strong>Cosa sono e quanto durano i \u00abPuc\u00bb<\/strong><\/p>\n<p style=\"text-align: justify;\">I progetti dovranno essere individuati a partire dai bisogni e dalle esigenze della comunit\u00e0. Il catalogo spazia dall\u2019ambito culturale a quello sociale, passando per ambiente, attivit\u00e0 artistiche, formazione e tutela dei beni comuni.<\/p>\n<p style=\"text-align: justify;\"><strong>Le attivit\u00e0 &#8211; non retribuite &#8211; non d<\/strong><strong>evono per\u00f2<\/strong> coinvolgere i beneficiari del reddito di cittadinanza in lavori o opere pubbliche n\u00e9 le persone coinvolte possono svolgere mansioni in sostituzione di personale dipendente dall\u2019ente pubblico (o dell\u2019ente gestore nel caso di esternalizzazione di servizi) o dal soggetto del privato sociale.<a title=\"rdc e servizio PUC\" href=\"https:\/\/www.flickr.com\/photos\/91470992@N02\/49501452236\/in\/dateposted-public\/\" data-flickr-embed=\"true\"><img loading=\"lazy\" decoding=\"async\" style=\"margin: 4px; float: right;\" src=\"https:\/\/live.staticflickr.com\/65535\/49501452236_94e4649c48_w.jpg\" alt=\"rdc e servizio PUC\" width=\"400\" height=\"300\" \/><\/a><\/p>\n<p style=\"text-align: justify;\">Per esempio, una persona con competenze acquisite nell\u2019ambito dell\u2019assistenza domiciliare alle persone anziane non pu\u00f2 \u201csostituirsi\u201d a un operatore qualificato, ma, eventualmente, potr\u00e0 costituire un supporto per un potenziamento del servizio con attivit\u00e0 ausiliarie, come la compagnia o l\u2019accompagnamento presso servizi.<\/p>\n<p style=\"text-align: justify;\">Ancora: nell\u2019ambito della manutenzione del verde pubblico, dovranno essere previste forme di supporto agli operatori degli enti locali, che mantengono la responsabilit\u00e0 delle attivit\u00e0.<\/p>\n<p style=\"text-align: justify;\"><strong>Impegno minimo: 8 ore a settimana<\/strong><\/p>\n<p style=\"text-align: justify;\">L\u2019impegno minimo richiesto \u00e8 di 8 ore settimanali,<strong> fino ad un massimo di sedici<\/strong>. La programmazione delle otto ore settimanali pu\u00f2 essere sviluppata sia su uno o pi\u00f9 giorni della settimana sia su uno o pi\u00f9 periodi del mese, fermo restando l\u2019obbligo del totale delle ore previste nel mese, compresa la possibilit\u00e0 di un eventuale recupero delle ore perse nel mese di riferimento.&#8221;<\/p>\n<p>&nbsp;<\/p>\n","protected":false},"excerpt":{"rendered":"","protected":false},"author":1,"featured_media":0,"comment_status":"open","ping_status":"closed","sticky":false,"template":"","format":"standard","meta":{"colormag_page_container_layout":"default_layout","colormag_page_sidebar_layout":"default_layout","footnotes":""},"categories":[4],"tags":[],"class_list":["post-62701","post","type-post","status-publish","format-standard","hentry","category-politica"],"_links":{"self":[{"href":"https:\/\/archiviogioia.lavocedelpaese.info\/index.php?rest_route=\/wp\/v2\/posts\/62701","targetHints":{"allow":["GET"]}}],"collection":[{"href":"https:\/\/archiviogioia.lavocedelpaese.info\/index.php?rest_route=\/wp\/v2\/posts"}],"about":[{"href":"https:\/\/archiviogioia.lavocedelpaese.info\/index.php?rest_route=\/wp\/v2\/types\/post"}],"author":[{"embeddable":true,"href":"https:\/\/archiviogioia.lavocedelpaese.info\/index.php?rest_route=\/wp\/v2\/users\/1"}],"replies":[{"embeddable":true,"href":"https:\/\/archiviogioia.lavocedelpaese.info\/index.php?rest_route=%2Fwp%2Fv2%2Fcomments&post=62701"}],"version-history":[{"count":0,"href":"https:\/\/archiviogioia.lavocedelpaese.info\/index.php?rest_route=\/wp\/v2\/posts\/62701\/revisions"}],"wp:attachment":[{"href":"https:\/\/archiviogioia.lavocedelpaese.info\/index.php?rest_route=%2Fwp%2Fv2%2Fmedia&parent=62701"}],"wp:term":[{"taxonomy":"category","embeddable":true,"href":"https:\/\/archiviogioia.lavocedelpaese.info\/index.php?rest_route=%2Fwp%2Fv2%2Fcategories&post=62701"},{"taxonomy":"post_tag","embeddable":true,"href":"https:\/\/archiviogioia.lavocedelpaese.info\/index.php?rest_route=%2Fwp%2Fv2%2Ftags&post=62701"}],"curies":[{"name":"wp","href":"https:\/\/api.w.org\/{rel}","templated":true}]}}