{"id":62772,"date":"2020-02-18T07:06:29","date_gmt":"2020-02-18T07:06:29","guid":{"rendered":"https:\/\/archiviogioia.lavocedelpaese.info\/?p=62772"},"modified":"2020-02-18T07:06:29","modified_gmt":"2020-02-18T07:06:29","slug":"papa-francesco-sergio-mattarella-e-giuseppe-conte-a-bari-2","status":"publish","type":"post","link":"https:\/\/archiviogioia.lavocedelpaese.info\/?p=62772","title":{"rendered":"Papa Francesco, Sergio Mattarella e Giuseppe Conte a Bari"},"content":{"rendered":"<p><a title=\"visita papa francesco e associazioni volontariato 188\" href=\"https:\/\/www.flickr.com\/photos\/91470992@N02\/43174829802\/in\/photolist-2iuGKyM-26omFru-M6aBtf-KcBYCB-27tFYai-266BJJd-LHNjA5-28MdhHh-28Mdg1Q-LHNjNE-JnJw2z-JnJvh8-2536bZ8-QfsJGX-FkcwVv-F22mXS-DYXmNN-D4Tmfr-wC2MG3-rFjZc4-r62iqD-nppTUa-npoMCz-mhAP2z-ju8E3c-jua3Nt-jejrhP-gBGynm-gBG3Tu-gsg7EJ-fQsjXi-fQoh8P-fNtEPi\" data-flickr-embed=\"true\"><img loading=\"lazy\" decoding=\"async\" style=\"display: block; margin-left: auto; margin-right: auto;\" src=\"https:\/\/live.staticflickr.com\/1822\/43174829802_53ae09563a_o.jpg\" alt=\"visita papa francesco e associazioni volontariato 188\" width=\"320\" height=\"240\" \/><\/a><\/p>\n<p><!--more--><\/p>\n<p style=\"margin-bottom: 0.0001pt; line-height: normal; text-align: justify;\"><a title=\"Papa a Bari\" href=\"https:\/\/www.flickr.com\/photos\/91470992@N02\/49551578181\/in\/dateposted\/\" data-flickr-embed=\"true\"><img loading=\"lazy\" decoding=\"async\" style=\"margin: 4px; float: left;\" src=\"https:\/\/live.staticflickr.com\/65535\/49551578181_25c573dc9c_o.jpg\" alt=\"Papa a Bari\" width=\"400\" height=\"300\" \/><\/a> <strong><span>Sar\u00e0 inaugurato marted\u00ec 19 febbraio<\/span><\/strong><span> nel Castello Svevo di Bari l\u2019incontro <strong>\u201cMediterraneo, frontiera di pace\u201d<\/strong>, il forum ecclesiale voluto dalla Cei che per la prima volta riunisce i vescovi degli Stati che si affacciano sul \u201cMare Nostrum\u201d e che <strong>si concluder\u00e0 domenica 23 con la messa di Papa Bergoglio<\/strong> in piazza Libert\u00e0 <strong>a cui parteciper\u00e0 anche<\/strong> il presidente della Repubblica, <strong>Sergio Mattarella<\/strong>. E\u2019 anche <strong>prevista la presenza del Premier Giuseppe Conte<\/strong>. <\/span><\/p>\n<p style=\"margin-bottom: 0.0001pt; line-height: normal; text-align: justify;\"><span>L\u2019evento avr\u00e0 come contraltare il capoluogo pugliese che si presenta come porta tra l\u2019Oriente e l\u2019Occidente come gi\u00e0 \u00e8 testimoniato dal culto per il suo Santo Patrono San Nicola che attira nutriti flussi di fedeli e, non solo, dalla Federazione Russa.<\/span><\/p>\n<p style=\"margin-bottom: 0.0001pt; line-height: normal; text-align: justify;\"><span>Si tratter\u00e0 di <strong>cinque giornate di dialogo<\/strong> durante le quali 58 prelati tra Cardinali, Patriarchi e Vescovi, raggiungeranno la Puglia in rappresentanza di 20 Paesi.<\/span><\/p>\n<p style=\"margin-bottom: 0.0001pt; line-height: normal; text-align: justify;\"><span>In occasione della cerimonia di presentazione ufficiale della manifestazione, il <strong>Card. Gualtiero Bassetti<\/strong>, Presidente della Conferenza Episcopale italiana e arcivescovo di Perugia-Citt\u00e0 della Pieve, ha precisato che si tratta di un incontro che vuole: \u00abdare voce alle attese dei popoli che si affacciano sul Mediterraneo\u00bb.<\/span><\/p>\n<p style=\"margin-bottom: 0.0001pt; line-height: normal; text-align: justify;\"><span>Si \u00e8 da subito compreso che siamo in presenza di un vero e proprio sinodo c<\/span><a title=\"Conte-a-Bari\" href=\"https:\/\/www.flickr.com\/photos\/91470992@N02\/49551071643\/in\/photostream\/\" data-flickr-embed=\"true\"><img loading=\"lazy\" decoding=\"async\" style=\"margin: 4px; float: right;\" src=\"https:\/\/live.staticflickr.com\/65535\/49551071643_9652d73f67_w.jpg\" alt=\"Conte-a-Bari\" width=\"400\" height=\"188\" \/><\/a><span>ome lo stesso Cardinale Bassetti ha precisato: \u00abnon ci troviamo di fronte ad un convegno scientifico-culturale e non \u00e8 neanche una conferenza in cui si sperimentano nuove forme di dialogo interreligioso.<\/span><\/p>\n<p style=\"margin-bottom: 0.0001pt; line-height: normal; text-align: justify;\"><span>E\u2019 invece, qualcosa di speciale, che rimanda al nostro modo pi\u00f9 autentico di vivere e di essere Chiesa che d\u00e0 voce alle difficolt\u00e0 e alle attese dei popoli che si affacciano sul Mediterraneo.<\/span><\/p>\n<p style=\"margin-bottom: 0.0001pt; line-height: normal; text-align: justify;\"><span><strong>La manifestazione ha l\u2019obiettivo di far ritornare il Mediterraneo ad essere luogo di incontro delle civilt\u00e0, luogo di sviluppo del cristianesimo, frontiera di pace.&nbsp;<\/strong>&nbsp; <\/span><\/p>\n<p style=\"margin-bottom: 0.0001pt; line-height: normal; text-align: justify;\"><span>Sar\u00e0 dunque Bari il palcoscenico su cui andranno in scena i vescovi del Paese del Mare N<\/span><span>ostrum. Una scelta dettata da motivazioni geografiche attesa la posizione della citt\u00e0 che costituisce lo strategico \u201cPonte\u201d tra l\u2019Oriente e l\u2019Occidente ed il Mediterraneo che interseca le acque del grande bacino, i confini dell\u2019Europa occidentale e d<\/span><a title=\"papa francesco\" href=\"https:\/\/www.flickr.com\/photos\/91470992@N02\/49551570521\/in\/photostream\/\" data-flickr-embed=\"true\"><img loading=\"lazy\" decoding=\"async\" style=\"margin: 4px; float: left;\" src=\"https:\/\/live.staticflickr.com\/65535\/49551570521_349eea56dc_w.jpg\" alt=\"papa francesco\" width=\"400\" height=\"299\" \/><\/a><span>ell\u2019Africa settentrionale. E poi ci sono loro: San Nicola, il Santo pi\u00f9 venerato al mondo e il Mediterraneo.<\/span><\/p>\n<p style=\"margin-bottom: 0.0001pt; line-height: normal; text-align: justify;\"><span>Il meeting viene quindi a proporsi come un vero e proprio cantiere dove gettare le fondamenta per la realizzazione di una infrastruttura internazionale: la pace nel mondo!<\/span><\/p>\n<p style=\"margin-bottom: 0.0001pt; line-height: normal; text-align: justify;\"><span>Rappresenta l\u2019inizio di un percorso che, come pi\u00f9 volte sostenuto dal Santo Papa, la cui predisposizione \u00e8 responsabilit\u00e0 dei cristiani.<\/span><\/p>\n<p style=\"margin-bottom: 0.0001pt; line-height: normal; text-align: justify;\"><span>In tale prospettiva occorre anch<\/span><span>e tenere conto che il tempo \u00e8 superiore allo spazio per cui la preoccupazione dei cristiani deve essere quella di occupare il tempo non gli spazi.<\/span><\/p>\n<p style=\"margin-bottom: 0.0001pt; line-height: normal; text-align: justify;\"><span>Bari si accinge quindi ad allestire una grande palestra del dialogo tra diverse sponde del Mediterraneo e per vedere se le aspettative saranno raggiunte non resta che attendere. Una cosa per\u00f2 la si pu\u00f2 gi\u00e0 affermare: i propositi per gettare le basi su cui costruire un dialogo duraturo tra diverse realt\u00e0 culturali (cristiana e musulmana) ci sono tutti e potrebbe essere l\u2019occasione per un incoraggiante cambio di rotta verso la Pace.<\/span><\/p>\n<p>&nbsp;<\/p>\n","protected":false},"excerpt":{"rendered":"","protected":false},"author":1,"featured_media":0,"comment_status":"open","ping_status":"closed","sticky":false,"template":"","format":"standard","meta":{"colormag_page_container_layout":"default_layout","colormag_page_sidebar_layout":"default_layout","footnotes":""},"categories":[7],"tags":[],"class_list":["post-62772","post","type-post","status-publish","format-standard","hentry","category-attualita"],"_links":{"self":[{"href":"https:\/\/archiviogioia.lavocedelpaese.info\/index.php?rest_route=\/wp\/v2\/posts\/62772","targetHints":{"allow":["GET"]}}],"collection":[{"href":"https:\/\/archiviogioia.lavocedelpaese.info\/index.php?rest_route=\/wp\/v2\/posts"}],"about":[{"href":"https:\/\/archiviogioia.lavocedelpaese.info\/index.php?rest_route=\/wp\/v2\/types\/post"}],"author":[{"embeddable":true,"href":"https:\/\/archiviogioia.lavocedelpaese.info\/index.php?rest_route=\/wp\/v2\/users\/1"}],"replies":[{"embeddable":true,"href":"https:\/\/archiviogioia.lavocedelpaese.info\/index.php?rest_route=%2Fwp%2Fv2%2Fcomments&post=62772"}],"version-history":[{"count":0,"href":"https:\/\/archiviogioia.lavocedelpaese.info\/index.php?rest_route=\/wp\/v2\/posts\/62772\/revisions"}],"wp:attachment":[{"href":"https:\/\/archiviogioia.lavocedelpaese.info\/index.php?rest_route=%2Fwp%2Fv2%2Fmedia&parent=62772"}],"wp:term":[{"taxonomy":"category","embeddable":true,"href":"https:\/\/archiviogioia.lavocedelpaese.info\/index.php?rest_route=%2Fwp%2Fv2%2Fcategories&post=62772"},{"taxonomy":"post_tag","embeddable":true,"href":"https:\/\/archiviogioia.lavocedelpaese.info\/index.php?rest_route=%2Fwp%2Fv2%2Ftags&post=62772"}],"curies":[{"name":"wp","href":"https:\/\/api.w.org\/{rel}","templated":true}]}}