{"id":62802,"date":"2020-02-24T09:42:53","date_gmt":"2020-02-24T09:42:53","guid":{"rendered":"https:\/\/archiviogioia.lavocedelpaese.info\/?p=62802"},"modified":"2020-02-24T09:42:53","modified_gmt":"2020-02-24T09:42:53","slug":"gravissimo-incidente-sulla-ss100-gioia-mottola-3-morti-e-3-feriti","status":"publish","type":"post","link":"https:\/\/archiviogioia.lavocedelpaese.info\/?p=62802","title":{"rendered":"Gravissimo incidente sulla SS100 Gioia-Mottola. 3 morti e 3 feriti"},"content":{"rendered":"<p><a title=\"incidente_san_basilio-696x398\" href=\"https:\/\/www.flickr.com\/photos\/91470992@N02\/49579206086\" data-flickr-embed=\"true\"><img loading=\"lazy\" decoding=\"async\" style=\"display: block; margin-left: auto; margin-right: auto;\" src=\"https:\/\/live.staticflickr.com\/65535\/49579206086_50bb2dcde3_o.jpg\" alt=\"incidente_san_basilio-696x398\" width=\"320\" height=\"240\" \/><\/a><\/p>\n<p><!--more--><\/p>\n<p style=\"text-align: justify;\"><a title=\"ambulanza generica\" href=\"https:\/\/www.flickr.com\/photos\/91470992@N02\/48810843117\/in\/photolist-2ixax27-PAbR6j-2iqEe5z-2hnfk7D-2hndReN-2atWe4E-2b2Zcjw-LWVKFU-24iRyxN-Jezgw9-DZu12g-RdFFyo-PCV8cF-PAbTt5-QDqkR1-QSxyLa-QDqn3j-QSxwAP-QDqmqN-Mykf9Y\" data-flickr-embed=\"true\"><img loading=\"lazy\" decoding=\"async\" style=\"margin: 4px; float: left;\" src=\"https:\/\/live.staticflickr.com\/65535\/48810843117_d51b190f94_w.jpg\" alt=\"ambulanza generica\" width=\"400\" height=\"276\" \/><\/a><strong>Tre persone sono morte e atre sono rimaste<\/strong> <strong>ferite<\/strong> in un gravissimo incidente stradale avvenuto <strong>questa mattina<\/strong>, verso le 6,30, <strong>sulla Statale 100<\/strong> nel tratto <strong>Gioia<\/strong>&#8211;<strong>Mottola<\/strong> <span>in corrispondenza del km 56,2.<\/span> <strong><span>Tre <\/span>mezzi <\/strong><strong><span>coinvolti<\/span><\/strong><span>, una Fiat Panda<\/span>, u<span>na Multipla e un mezzo pesante.<\/span><\/p>\n<p style=\"margin: 0cm 0cm 0.0001pt; text-align: justify;\">Secondo quanto si \u00e8 appreso, <strong>le vittime sono il conducente e un passeggero<\/strong> di una delle due auto, rispettivamente <strong>di 49e 56 anni di Gravina<\/strong>, e <strong>il conducente dell&#8217;altra vettura<\/strong> coinvolta, <strong>un 50enne di Laterza<\/strong>.<\/p>\n<p style=\"text-align: justify;\"><strong>I tre feriti sono stati trasportati dal 118 negli ospedali di Taranto e Castellaneta<\/strong>. Il pi\u00f9 grave \u00e8 il&nbsp;conducente del mezzo pesante,&nbsp;finito in una scarpata. La Multipla si \u00e8 completamente accartocciata contro il guardrail e la Panda ribaltata.<\/p>\n<p style=\"text-align: justify;\"><strong><span>Sul posto Vigili del Fuoco, Carabinieri, Polizia Stradale, operatori del 118 e squadre dell\u2019Anas<\/span><\/strong><span> impegnate nella gestione della viabilit\u00e0. <\/span><\/p>\n<p><strong>La Statale \u00e8 stata chiusa al traffico<\/strong> nel tratto interessato e <span>deviato in direzione Taranto, con uscita allo svincolo S. Basilio (km 52). In direzione Bari, con uscita allo svincolo Mottola (km 60.4).&nbsp;<\/span><\/p>\n<p><strong><span>Le cause del disastro sono in corso di accertamento<\/span><\/strong><span>. <\/span><\/p>\n<p>&nbsp;<\/p>\n","protected":false},"excerpt":{"rendered":"","protected":false},"author":1,"featured_media":0,"comment_status":"open","ping_status":"closed","sticky":false,"template":"","format":"standard","meta":{"colormag_page_container_layout":"default_layout","colormag_page_sidebar_layout":"default_layout","footnotes":""},"categories":[8],"tags":[],"class_list":["post-62802","post","type-post","status-publish","format-standard","hentry","category-cronaca"],"_links":{"self":[{"href":"https:\/\/archiviogioia.lavocedelpaese.info\/index.php?rest_route=\/wp\/v2\/posts\/62802","targetHints":{"allow":["GET"]}}],"collection":[{"href":"https:\/\/archiviogioia.lavocedelpaese.info\/index.php?rest_route=\/wp\/v2\/posts"}],"about":[{"href":"https:\/\/archiviogioia.lavocedelpaese.info\/index.php?rest_route=\/wp\/v2\/types\/post"}],"author":[{"embeddable":true,"href":"https:\/\/archiviogioia.lavocedelpaese.info\/index.php?rest_route=\/wp\/v2\/users\/1"}],"replies":[{"embeddable":true,"href":"https:\/\/archiviogioia.lavocedelpaese.info\/index.php?rest_route=%2Fwp%2Fv2%2Fcomments&post=62802"}],"version-history":[{"count":0,"href":"https:\/\/archiviogioia.lavocedelpaese.info\/index.php?rest_route=\/wp\/v2\/posts\/62802\/revisions"}],"wp:attachment":[{"href":"https:\/\/archiviogioia.lavocedelpaese.info\/index.php?rest_route=%2Fwp%2Fv2%2Fmedia&parent=62802"}],"wp:term":[{"taxonomy":"category","embeddable":true,"href":"https:\/\/archiviogioia.lavocedelpaese.info\/index.php?rest_route=%2Fwp%2Fv2%2Fcategories&post=62802"},{"taxonomy":"post_tag","embeddable":true,"href":"https:\/\/archiviogioia.lavocedelpaese.info\/index.php?rest_route=%2Fwp%2Fv2%2Ftags&post=62802"}],"curies":[{"name":"wp","href":"https:\/\/api.w.org\/{rel}","templated":true}]}}