{"id":63029,"date":"2020-03-19T07:09:29","date_gmt":"2020-03-19T07:09:29","guid":{"rendered":"https:\/\/archiviogioia.lavocedelpaese.info\/?p=63029"},"modified":"2020-03-19T07:09:29","modified_gmt":"2020-03-19T07:09:29","slug":"appello-cia-agricoltori-qnoi-non-ci-arrendiamo-mangia-italianoqvideo-2","status":"publish","type":"post","link":"https:\/\/archiviogioia.lavocedelpaese.info\/?p=63029","title":{"rendered":"Appello CIA agricoltori: &#8220;Noi non ci arrendiamo, mangia italiano&#8221;\/video"},"content":{"rendered":"<p><a title=\"mangia italiano\" href=\"https:\/\/www.flickr.com\/photos\/91470992@N02\/49675381338\/in\/photostream\/\" data-flickr-embed=\"true\"><img loading=\"lazy\" decoding=\"async\" style=\"display: block; margin-left: auto; margin-right: auto;\" src=\"https:\/\/live.staticflickr.com\/65535\/49675381338_d469660551_o.jpg\" alt=\"mangia italiano\" width=\"320\" height=\"240\" \/><\/a><\/p>\n<p><!--more--><\/p>\n<p style=\"text-align: justify;\"><a title=\"mangia italiano\" href=\"https:\/\/www.flickr.com\/photos\/91470992@N02\/49676200372\/in\/photostream\/\" data-flickr-embed=\"true\"><img loading=\"lazy\" decoding=\"async\" style=\"margin: 4px; float: left;\" src=\"https:\/\/live.staticflickr.com\/65535\/49676200372_73b112ea83_w.jpg\" alt=\"mangia italiano\" width=\"300\" height=\"335\" \/><\/a> \u00ab<strong>Questo Coronavirus ci ha messo in seria difficolt\u00e0<\/strong>, in quanto le produzioni erano pronte alla vendita ma andranno al macero, perch\u00e9 sono prodotti deperibili e non possiamo mantenerli, <strong>per\u00f2 la speranza sar\u00e0 l&#8217;ultima a morire e non ci arrenderemo<\/strong>\u00bb.<\/p>\n<p style=\"text-align: justify;\"><strong>Pasquale Iacomino<\/strong>, floricoltore di Castellaneta (TA), apre le emozionanti testimonianze pugliesi del <strong>video pubblicato contemporaneamente in tutta Italia da CIA Agricoltori Italiani<\/strong> nelle diverse versioni regionali per lanciare <strong>due messaggi fondamentali<\/strong>: \u00ab<strong>Noi non ci arrendiamo<\/strong>\u00bb e \u00ab<strong>Scegli italiano<\/strong>\u00bb, i due hashtag della campagna. La pandemia non ferma l&#8217;agricoltura: il settore, nonostante i duri colpi incassati, reagisce e produce per supportare il Paese in questa emergenza senza precedenti.<\/p>\n<p style=\"text-align: justify;\">Direttamente dai campi di Foggia, <strong>Maurizio Forte<\/strong> dalla sua azienda immersa nell&#8217;assolato Tavoliere, suona la carica: \u00ab<strong>L&#8217;agricoltura deve andare avanti, per tutti non possiamo arrenderci ora<\/strong>. Il sole dell&#8217;Italia ben presto riscalder\u00e0 il sorriso di ognuno. Uniti ce la faremo. E noi non ci arrendiamo\u00bb.<\/p>\n<p style=\"text-align: justify;\">In coro <strong>dall&#8217;Agriturismo Bellimento di Nard\u00f2<\/strong> (LE) urlano il mantra: \u00ab<strong>Noi non ci arrendiamo, in<\/strong><strong>sieme ce la fa<\/strong><a title=\"mangia italiano\" href=\"https:\/\/www.flickr.com\/photos\/91470992@N02\/49676200137\/in\/photostream\/\" data-flickr-embed=\"true\"><img loading=\"lazy\" decoding=\"async\" style=\"margin: 4px; float: right;\" src=\"https:\/\/live.staticflickr.com\/65535\/49676200137_f430174d59_w.jpg\" alt=\"mangia italiano\" width=\"400\" height=\"200\" \/><\/a><strong>remo<\/strong>\u00bb.<\/p>\n<p style=\"text-align: justify;\"><strong>Dall&#8217;Azienda Losavio di Putignan<\/strong><strong>o<\/strong> (BA), con un bicchiere di latte delle nostre mucche, arriva un accorato invito a tutti i cittadini: \u00abIn un momento di grande difficolt\u00e0 per tutti, <strong>il comparto agroalimentare non<\/strong><strong> pu\u00f2 fermarsi<\/strong>, ed \u00e8 per questo che nel tuo piccolo puoi aiutarci anche tu, <strong>consuma italiano<\/strong>\u00bb.<\/p>\n<p style=\"text-align: justify;\">Rafforza il concetto il <strong>direttore regionale CIA Puglia Danilo Lolatte<\/strong>: \u00ab<strong>Mangiamo italiano, ditelo a tutti, compria<\/strong><strong>mo prodotti italiani ch<\/strong><strong>e sono prod<\/strong><a title=\"mangia italiano\" href=\"https:\/\/www.flickr.com\/photos\/91470992@N02\/49675917016\/in\/photostream\/\" data-flickr-embed=\"true\"><img loading=\"lazy\" decoding=\"async\" style=\"float: left;\" src=\"https:\/\/live.staticflickr.com\/65535\/49675917016_f9197459c6_o.jpg\" alt=\"mangia italiano\" width=\"250\" height=\"250\" \/><\/a><strong>otti sani<\/strong>\u00bb.<\/p>\n<p style=\"text-align: justify;\">Una potente immagine della resilienza arriva <strong>dalla provincia di Brindisi, dalla Piana degli <\/strong><strong>Ulivi Monumentali<\/strong>: \u00ab<strong>Da millenni lui no<\/strong><strong>n si arrende<\/strong> \u2013 <strong>dic<\/strong><strong>e il vicepresidente CIA Puglia Giannicola D&#8217;Amico<\/strong> <strong>indicando una delle piante secolari<\/strong> \u2013 noi non ci arrendiamo\u00bb.<\/p>\n<p style=\"text-align: justify;\"><strong>Il video si chiude con il<\/strong><strong> direttore generale CIA Claudia Merlino e il presidente nazionale Dino Scanavino<\/strong>. La prima parte \u00e8 dedicata al messaggio universale del mondo agricolo: \u00abIo non mi arrendo perch\u00e9 la mia gente, le mie terre, hanno sempre affrontato le difficolt\u00e0 con coraggio e determinazione. Io non mi arrendo perch\u00e9 la nostra storia, le nostre tradizioni, le nostre eccellenze sono frutto del duro lavoro di generazioni. Un patrimonio di conoscenza e sapori da difendere e diffondere. Io non mi arrendo perch\u00e9 dal lavoro degli agricoltori al prodotto sulle nostre tavole, l&#8217;agroalimentare italiano \u00e8 tra i pi\u00f9 sicuri e controllati. I non mi arrendo perch\u00e9 si possa continuare ad amare il nostro Paese e i nostri prodotti ovunque nel mondo\u00bb.<\/p>\n<p style=\"text-align: right;\" align=\"right\"><strong>FrancoGigante<\/strong><\/p>\n<p><iframe loading=\"lazy\" src=\"https:\/\/www.youtube.com\/embed\/PqT8d79dn7w\" width=\"640\" height=\"360\" allowfullscreen=\"allowfullscreen\" allow=\"accelerometer; autoplay; encrypted-media; gyroscope; picture-in-picture\"><\/iframe><\/p>\n","protected":false},"excerpt":{"rendered":"","protected":false},"author":1,"featured_media":0,"comment_status":"open","ping_status":"closed","sticky":false,"template":"","format":"standard","meta":{"colormag_page_container_layout":"default_layout","colormag_page_sidebar_layout":"default_layout","footnotes":""},"categories":[7],"tags":[],"class_list":["post-63029","post","type-post","status-publish","format-standard","hentry","category-attualita"],"_links":{"self":[{"href":"https:\/\/archiviogioia.lavocedelpaese.info\/index.php?rest_route=\/wp\/v2\/posts\/63029","targetHints":{"allow":["GET"]}}],"collection":[{"href":"https:\/\/archiviogioia.lavocedelpaese.info\/index.php?rest_route=\/wp\/v2\/posts"}],"about":[{"href":"https:\/\/archiviogioia.lavocedelpaese.info\/index.php?rest_route=\/wp\/v2\/types\/post"}],"author":[{"embeddable":true,"href":"https:\/\/archiviogioia.lavocedelpaese.info\/index.php?rest_route=\/wp\/v2\/users\/1"}],"replies":[{"embeddable":true,"href":"https:\/\/archiviogioia.lavocedelpaese.info\/index.php?rest_route=%2Fwp%2Fv2%2Fcomments&post=63029"}],"version-history":[{"count":0,"href":"https:\/\/archiviogioia.lavocedelpaese.info\/index.php?rest_route=\/wp\/v2\/posts\/63029\/revisions"}],"wp:attachment":[{"href":"https:\/\/archiviogioia.lavocedelpaese.info\/index.php?rest_route=%2Fwp%2Fv2%2Fmedia&parent=63029"}],"wp:term":[{"taxonomy":"category","embeddable":true,"href":"https:\/\/archiviogioia.lavocedelpaese.info\/index.php?rest_route=%2Fwp%2Fv2%2Fcategories&post=63029"},{"taxonomy":"post_tag","embeddable":true,"href":"https:\/\/archiviogioia.lavocedelpaese.info\/index.php?rest_route=%2Fwp%2Fv2%2Ftags&post=63029"}],"curies":[{"name":"wp","href":"https:\/\/api.w.org\/{rel}","templated":true}]}}