{"id":63041,"date":"2020-03-19T17:39:16","date_gmt":"2020-03-19T17:39:16","guid":{"rendered":"https:\/\/archiviogioia.lavocedelpaese.info\/?p=63041"},"modified":"2020-03-19T17:39:16","modified_gmt":"2020-03-19T17:39:16","slug":"le-promozioni-della-casa-editrice-la-meridiana-2","status":"publish","type":"post","link":"https:\/\/archiviogioia.lavocedelpaese.info\/?p=63041","title":{"rendered":"LE PROMOZIONI DELLA CASA EDITRICE \u201cLA MERIDIANA\u201d"},"content":{"rendered":"<p><a title=\"la Meridiana\" href=\"https:\/\/www.flickr.com\/photos\/91470992@N02\/49677150272\" data-flickr-embed=\"true\"><img loading=\"lazy\" decoding=\"async\" style=\"display: block; margin-left: auto; margin-right: auto;\" src=\"https:\/\/live.staticflickr.com\/65535\/49677150272_d78e66b1f4_z.jpg\" alt=\"la Meridiana\" width=\"320\" height=\"240\" \/><\/a><\/p>\n<p><!--more--><\/p>\n<p style=\"margin: 0cm 0cm 0.0001pt; text-align: justify;\"><span>La casa editrice <span>\u201cLa Meridiana\u201d <\/span>ha compiuto 33 anni, un percorso che \u00abprova a tenere al centro la dimensione educativa e non violenta delle e nelle relazioni, una spiritualit\u00e0 critica, una idea e possibilit\u00e0 di cambiamento affidata alla responsabilit\u00e0 e all\u2019impegno di ognuno e ognuna\u00bb.<\/span><\/p>\n<p style=\"text-align: justify;\"><span>Ne ho parlato con la <strong>direttrice Elvira Zaccagnino<\/strong> che ha gentilmente risposto ad alcune domande.<\/span><\/p>\n<p style=\"text-align: justify;\"><strong>Come na<\/strong><a title=\"Elvira Zaccagnino\" href=\"https:\/\/www.flickr.com\/photos\/91470992@N02\/49676856861\/in\/dateposted\/\" data-flickr-embed=\"true\"><img loading=\"lazy\" decoding=\"async\" style=\"margin: 4px; float: left;\" src=\"https:\/\/live.staticflickr.com\/65535\/49676856861_017277f575_w.jpg\" alt=\"Elvira Zaccagnino\" width=\"350\" height=\"456\" \/><\/a><strong>sce e di cosa si occupa principalmente la casa editrice \u00abLa Meridiana\u00bb?<\/strong><\/p>\n<p style=\"margin: 0cm 0cm 0.0001pt; text-align: justify;\">\u201cNoi siamo nati nella seconda met\u00e0 degli anni ottanta in quel clima particolarmente attivo e vivace culturalmente che si era creato intorno alla presenza nella citt\u00e0 di Molfetta di don Tonino Bello. I temi della pace, della nonviolenza e dell\u2019educazione, l\u2019attenzione alle persone e ai contesti fragili per generare prossimit\u00e0 e risposte di lungo termine ci hanno portato a immaginare di far nascere una casa editrice che qui, dal mezzogiorno, dal sud promuovesse una cultura della pace. Su questo filone di ricerca \u00e8 cresciuto negli anni il nostro catalogo, aprendosi ad autori nazionali e internazionali e specializzandosi soprattutto sui temi educativi, con libri rivolti a genitori, educatori, insegnanti, professionisti della cura, testi di una spiritualit\u00e0 critica e temi della legalit\u00e0. Sulle mafie pugliesi siamo ad esempio quelli che hanno pubblicato di pi\u00f9 e in maniera pi\u00f9 organica.\u201d<\/p>\n<p style=\"text-align: justify;\"><strong>Nei giorni scorsi hai inviato una lettera personale ai lettori pi\u00f9 costanti, invitandoli all&#8217;acquisto di alcuni testi a prezzo scontato. Una promozione nata per risolvere un&#8217;emergenza logistica, dall&#8217;esigenza pratica di riorganizzarsi e fare spazio nei magazzini. Ma anche un modo per premiare i lettori pi\u00f9 fedeli. Puoi riassumere la situazione attuale?<\/strong><\/p>\n<p style=\"margin: 0cm 0cm 0.0001pt; text-align: justify;\">\u201cIl mondo dell\u2019editoria negli ultimi anni \u00e8 attraversato da un terremoto: chiudono librerie, falliscono distributori, ci sono accorpamenti e fusioni d marchi editoriali e distributivi. In tutto questo pu\u00f2 accadere, come \u00e8 accaduto a noi, di ritrovarsi ingabbiati in passaggi e fusioni di Distributori fino alla chiusura degli stessi. Nel settore sono dinamiche quotidiane che gli editori, come i lettori, subiscono e di cui sanno attraverso comunicazioni formali. A marzo scorso il distributore che consentiva la presenza dei nostri libri in libreria \u00e8 fallito. Per fortuna da sempre i nostri canali di vendita privilegiano il rapporto diretto e per quanto destabilizzante siamo riusciti a garantire l\u2019uscita delle novit\u00e0 e la presenza del catalogo. Ci siamo riorganizzati in soli 48 ore. Solo a novembre scorso abbiamo recuperato i libri giacenti nel magazzino di Padova, dove aveva sede il distributore e siamo stati letteralmente invasi dai libri. In casi come questi molti alleggeriscono il magazzino con operazioni di macero. Noi abbiamo pensato di metterli in circolo rivolgendoci direttamente ai lettori garantendo loro uno sconto maggiore, che poi \u00e8 quello che normalmente resta alla filiera della distribuzione e promozione in libreria.\u201d<\/p>\n<p style=\"text-align: justify;\"><strong>Ci spieghi dove trovare la lista dei libri in offerta e come fare per ordinarli a prezzo scontato? La lista pu\u00f2 essere richiesta inviando una mail a <\/strong><a href=\"mailto:ezaccagnino@lameridiana.it\"><strong><span style=\"color: windowtext; text-decoration: none;\">ezaccagnino@lameridiana.it<\/span><\/strong><\/a><strong>. Stiamo privilegiando molto il rapporto diretto con i nostri lettori.<\/strong><\/p>\n<p style=\"margin: 0cm 0cm 0.0001pt; text-align: justify;\">\u201cE\u2019 una operazione nella quale per noi \u00e8 importante che ciascuno possa scegliere libri utili e necessari. Credo personalmente che le reti di reciprocit\u00e0 che si creano in momenti di difficolt\u00e0, di crisi, siano quelle nelle quali ci\u00f2 che ognuno pu\u00f2 mettere in campo per l\u2019altro deve creare migliori opportunit\u00e0 per tutti. I libri sono uno strumento fondamentale per aprirci alla cultura, al sapere, alla conoscenza. In questo momento di implosione e di barbarie, c\u2019\u00e8 bisogno di libri che declinano un percorso verso comunit\u00e0 nonviolente. I nostri libri sono questo e in questo possono aiutare. Lo sconto \u00e8 il mezzo perch\u00e9 possano arrivare a pi\u00f9 lettori convinti che cambiare \u00e8 possibile anzi necessario. E che cambiare dando spazio a una cultura di pace, attenta a ognuno e dalla parte di ciascuno, \u00e8 un modo per esistere ancora tutti.\u201d<\/p>\n<p>Per scaricare<strong> elenco proposte libri scontati<\/strong>, <a href=\"https:\/\/archiviogioia.lavocedelpaese.info\/wp-content\/uploads\/2020\/03\/meridiana-elenco-libri-scontati.pdf\">clicca qui<\/a>.<\/p>\n<p>&nbsp;<\/p>\n","protected":false},"excerpt":{"rendered":"","protected":false},"author":1,"featured_media":0,"comment_status":"open","ping_status":"closed","sticky":false,"template":"","format":"standard","meta":{"colormag_page_container_layout":"default_layout","colormag_page_sidebar_layout":"default_layout","footnotes":""},"categories":[7],"tags":[],"class_list":["post-63041","post","type-post","status-publish","format-standard","hentry","category-attualita"],"_links":{"self":[{"href":"https:\/\/archiviogioia.lavocedelpaese.info\/index.php?rest_route=\/wp\/v2\/posts\/63041","targetHints":{"allow":["GET"]}}],"collection":[{"href":"https:\/\/archiviogioia.lavocedelpaese.info\/index.php?rest_route=\/wp\/v2\/posts"}],"about":[{"href":"https:\/\/archiviogioia.lavocedelpaese.info\/index.php?rest_route=\/wp\/v2\/types\/post"}],"author":[{"embeddable":true,"href":"https:\/\/archiviogioia.lavocedelpaese.info\/index.php?rest_route=\/wp\/v2\/users\/1"}],"replies":[{"embeddable":true,"href":"https:\/\/archiviogioia.lavocedelpaese.info\/index.php?rest_route=%2Fwp%2Fv2%2Fcomments&post=63041"}],"version-history":[{"count":0,"href":"https:\/\/archiviogioia.lavocedelpaese.info\/index.php?rest_route=\/wp\/v2\/posts\/63041\/revisions"}],"wp:attachment":[{"href":"https:\/\/archiviogioia.lavocedelpaese.info\/index.php?rest_route=%2Fwp%2Fv2%2Fmedia&parent=63041"}],"wp:term":[{"taxonomy":"category","embeddable":true,"href":"https:\/\/archiviogioia.lavocedelpaese.info\/index.php?rest_route=%2Fwp%2Fv2%2Fcategories&post=63041"},{"taxonomy":"post_tag","embeddable":true,"href":"https:\/\/archiviogioia.lavocedelpaese.info\/index.php?rest_route=%2Fwp%2Fv2%2Ftags&post=63041"}],"curies":[{"name":"wp","href":"https:\/\/api.w.org\/{rel}","templated":true}]}}