{"id":63122,"date":"2020-03-26T13:05:20","date_gmt":"2020-03-26T13:05:20","guid":{"rendered":"https:\/\/archiviogioia.lavocedelpaese.info\/?p=63122"},"modified":"2020-03-26T13:05:20","modified_gmt":"2020-03-26T13:05:20","slug":"dpcm-covid19-apertura-cigo-per-tutti-i-dipendenti-natuzzi","status":"publish","type":"post","link":"https:\/\/archiviogioia.lavocedelpaese.info\/?p=63122","title":{"rendered":"DPCM Covid19: \u201capertura CIGO per tutti i dipendenti Natuzzi\u201d"},"content":{"rendered":"<p><a title=\"vertenza natuzzi spa\" href=\"https:\/\/www.flickr.com\/photos\/91470992@N02\/31281516176\/in\/photolist-PEeWVN-NQxKLE-PoYyQp-NaGGsz-NTJeM2-NyTVNj-N4mCP8-N4mDj6-NTJdZR-N4EgC5-N4EijS-N4EhzW-N4mDT2-NsqbQf-MHsxDh-Nxw5y6-NuYUp3-NFid9Z-Nxw5Kt-MHsxw3-NgvKrE-NjGMY2-M9LZHc-N52ESv-UYnfjJ-NcDYXW-MhWz6Z-N6dvYB-MbnJ6z-N7rEsc-MYUnEz-MYUoot-MYUojk-MYUob4-MYUn18-M9M1yF-MEe85h-MEe7xA-M7jiV1-N52JSK-MTS5mm-N52Frg-MWt54V-MTS5KY-MTS6ow-MWt6BK-MWt2FP-M7jjHJ-M7jmxW-MTS6EJ\" data-flickr-embed=\"true\"><img loading=\"lazy\" decoding=\"async\" style=\"display: block; margin-left: auto; margin-right: auto;\" src=\"https:\/\/live.staticflickr.com\/5483\/31281516176_8a72b0cbe9_o.jpg\" alt=\"vertenza natuzzi spa\" width=\"320\" height=\"240\" \/><\/a><\/p>\n<p><!--more--><\/p>\n<p style=\"margin-bottom: 0.0001pt; line-height: normal; text-align: justify;\"><a title=\"cigo natuzzi\" href=\"https:\/\/www.flickr.com\/photos\/91470992@N02\/49701885687\" data-flickr-embed=\"true\"><img loading=\"lazy\" decoding=\"async\" style=\"margin: 4px; float: left;\" src=\"https:\/\/live.staticflickr.com\/65535\/49701885687_cf65d4cdd1_w.jpg\" alt=\"cigo natuzzi\" width=\"400\" height=\"300\" \/><\/a><span>\u201cSi \u00e8 concluso l\u2019incontro in videoconferenza tra le parti sindacali di base USB e Cobas e i vertici aziendali della Natuzzi, rappresentata da Michele Onorato e Patrizia Ragazzo. Come gi\u00e0 annunciato <strong>verr\u00e0 approvata la CIGO COVID-19 per un massimo di 9 settimane<\/strong>, spalmabili fino al 31 luglio 2020, come prevede il Decreto pubblicato in Gazzetta Ufficiale il 2 marzo 2020.<\/span><\/p>\n<p style=\"margin-bottom: 0.0001pt; line-height: normal; text-align: justify;\"><strong><span>L&#8217;azienda non ha previsto la cassa integrazione per gli impiegati<\/span><\/strong><span>, i quali possono usufruire dello <i>smart working<\/i>, che \u00e8 stato definito nell&#8217;ordinamento italiano come \u00abuna modalit\u00e0 di esecuzione del rapporto di lavoro subordinato stabilita mediante accordo tra le parti, anche con forme di organizzazione per fasi, cicli e obiettivi e senza precisi vincoli di orario o di luogo di lavoro, con il possibile utilizzo di strumenti tecnologici per lo svolgimento dell&#8217;attivit\u00e0 lavorativa\u00bb. Chiaramente il DPCM del 2 marzo prevede lo <i>smart working<\/i> o lavoro agile, come mezzo per ottemperare al lavoro pregresso e al lavoro in quota.<\/span><\/p>\n<p style=\"margin-bottom: 0.0001pt; line-height: normal; text-align: justify;\"><strong><span>La cassa integrazione ordinaria<\/span><\/strong><span>, come quella in deroga (quest&#8217;ultima non applicabile al caso in oggetto), come previsto dal DPCM, <strong>\u00e8 stata gi\u00e0 prevista dall\u2019azienda e dal Ministero<\/strong> ed \u00e8 stata applicata da questo mese, perch\u00e9 \u00e8 gi\u00e0 norma vigente. Questo per sottolineare che l&#8217;indirizzo del Governo \u00e8 stato quello di evitare che nessun lavoratore perdesse qualcosa in termini economici. In aggiunta a tutto questo, la <strong>Natuzzi ha dichiarato che<\/strong>, in collaborazione con il Politecnico di Bari,<strong> coinvolger\u00e0 <\/strong>un numero non ancora precisato tra<strong> cucitrici, magazzinieri e tagliatori<\/strong> (dal perimetro salotto) <strong>per la realizzazione di mascherine <\/strong>in conformit\u00e0 con le leggi vigenti.<\/span><\/p>\n<p style=\"margin-bottom: 0.0001pt; line-height: normal; text-align: justify;\"><strong><span>Inoltre la Natuzzi ha assicurato<\/span><\/strong><span> <strong>che <\/strong>se il Governo avesse difficolt\u00e0 ad ottemperare al pagamento della cassa integrazione, come da dettato del DPCM, l\u2019azienda <strong>provveder\u00e0 ad anticiparla\u201d<\/strong>.<\/span><\/p>\n<div style=\"margin-bottom: 0.0001pt; text-align: right; line-height: normal;\" align=\"right\"><span>Stefano Stano USB RSU Lavoro Privato<\/span><\/div>\n<div style=\"margin-bottom: 0.0001pt; text-align: right; line-height: normal;\" align=\"right\"><span>Giovanna Girardi USB Coordinatore Territoriale<\/span><\/div>\n<p>&nbsp;<\/p>\n","protected":false},"excerpt":{"rendered":"","protected":false},"author":1,"featured_media":0,"comment_status":"open","ping_status":"closed","sticky":false,"template":"","format":"standard","meta":{"colormag_page_container_layout":"default_layout","colormag_page_sidebar_layout":"default_layout","footnotes":""},"categories":[7],"tags":[],"class_list":["post-63122","post","type-post","status-publish","format-standard","hentry","category-attualita"],"_links":{"self":[{"href":"https:\/\/archiviogioia.lavocedelpaese.info\/index.php?rest_route=\/wp\/v2\/posts\/63122","targetHints":{"allow":["GET"]}}],"collection":[{"href":"https:\/\/archiviogioia.lavocedelpaese.info\/index.php?rest_route=\/wp\/v2\/posts"}],"about":[{"href":"https:\/\/archiviogioia.lavocedelpaese.info\/index.php?rest_route=\/wp\/v2\/types\/post"}],"author":[{"embeddable":true,"href":"https:\/\/archiviogioia.lavocedelpaese.info\/index.php?rest_route=\/wp\/v2\/users\/1"}],"replies":[{"embeddable":true,"href":"https:\/\/archiviogioia.lavocedelpaese.info\/index.php?rest_route=%2Fwp%2Fv2%2Fcomments&post=63122"}],"version-history":[{"count":0,"href":"https:\/\/archiviogioia.lavocedelpaese.info\/index.php?rest_route=\/wp\/v2\/posts\/63122\/revisions"}],"wp:attachment":[{"href":"https:\/\/archiviogioia.lavocedelpaese.info\/index.php?rest_route=%2Fwp%2Fv2%2Fmedia&parent=63122"}],"wp:term":[{"taxonomy":"category","embeddable":true,"href":"https:\/\/archiviogioia.lavocedelpaese.info\/index.php?rest_route=%2Fwp%2Fv2%2Fcategories&post=63122"},{"taxonomy":"post_tag","embeddable":true,"href":"https:\/\/archiviogioia.lavocedelpaese.info\/index.php?rest_route=%2Fwp%2Fv2%2Ftags&post=63122"}],"curies":[{"name":"wp","href":"https:\/\/api.w.org\/{rel}","templated":true}]}}