{"id":63141,"date":"2020-03-28T07:24:41","date_gmt":"2020-03-28T07:24:41","guid":{"rendered":"https:\/\/archiviogioia.lavocedelpaese.info\/?p=63141"},"modified":"2020-03-28T07:24:41","modified_gmt":"2020-03-28T07:24:41","slug":"covid-19-fs-italiane-sottoscrive-polizza-assicurativa-per-i-dipendenti-2","status":"publish","type":"post","link":"https:\/\/archiviogioia.lavocedelpaese.info\/?p=63141","title":{"rendered":"Covid-19. FS Italiane, sottoscrive polizza assicurativa per i dipendenti"},"content":{"rendered":"<p><a title=\"Ferrovie-dello-Stato-lavora-con-no-1100-posti-per-addetti-manutenzione-e-circolazione-744x445\" href=\"https:\/\/www.flickr.com\/photos\/91470992@N02\/49708463493\" data-flickr-embed=\"true\"><img loading=\"lazy\" decoding=\"async\" style=\"display: block; margin-left: auto; margin-right: auto;\" src=\"https:\/\/live.staticflickr.com\/65535\/49708463493_9b17784b30_o.jpg\" alt=\"Ferrovie-dello-Stato-lavora-con-no-1100-posti-per-addetti-manutenzione-e-circolazione-744x445\" width=\"320\" height=\"240\" \/><\/a><\/p>\n<p><!--more--><\/p>\n<p style=\"text-align: justify;\"><a title=\"FS treno frecciarossa-2\" href=\"https:\/\/www.flickr.com\/photos\/91470992@N02\/49708461093\/in\/photostream\/\" data-flickr-embed=\"true\"><img loading=\"lazy\" decoding=\"async\" style=\"margin: 4px; float: left;\" src=\"https:\/\/live.staticflickr.com\/65535\/49708461093_0563e019a3_w.jpg\" alt=\"FS treno frecciarossa-2\" width=\"400\" height=\"225\" \/><\/a>\u201cIl Gruppo FS Italiane ha sottoscritto per i dipendenti del Gruppo <strong>una copertura assicurativa in caso di ricovero dovuto a contagio da Coronavirus COVID-19<\/strong>. Una misura adottata, in aggiunta a quelle gi\u00e0 messe in atto dal Gruppo FS, per tutelare ancora di pi\u00f9 tutti i dipendenti in un momento di grande difficolt\u00e0 per il Paese.<\/p>\n<p style=\"text-align: justify;\"><strong>L\u2019attivazione della polizza assicurativa \u00e8 un\u2019ulteriore misura adottata<\/strong> <strong>dalla Task Force<\/strong> Intersocietaria del Gruppo FS. La Task Force \u00e8 stata <strong>creata sin dall\u2019insorgere dell\u2019emergenza<\/strong> epidemiologica da COVID-19 per monitorare l\u2019evoluzione della situazione e garantire il coordinamento di tutti gli interventi, anche in attuazione delle disposizioni legislative emanate nelle ultime settimane. <strong>Il Gruppo FS Italiane ha sin da subito incrementato lo <i>smart working<\/i><\/strong> in tutte le Societ\u00e0 del Gruppo e diramato disposizioni dettagliate ai propri dipendenti.<\/p>\n<p style=\"text-align: justify;\"><strong>La copertura assicurativa<\/strong>, gestita da UniSalute, <strong>ha durata di un anno, e fornisce<\/strong> ai dipendenti e ai dirigenti del Gruppo FS <strong>un\u2019indennit\u00e0 giornaliera in caso di ricovero per COVID-19<\/strong>, <strong>una diaria forfettaria in caso<\/strong> di ricovero in <strong>terapia intensiva <\/strong>per COVID-19 e <strong>un pacchetto di servizi di assistenza<\/strong>, fra cui informazioni sanitarie, consulenze mediche telefoniche e prenotazioni di prestazioni sanitarie\u201d.<\/p>\n<div style=\"text-align: right;\" align=\"right\"><strong>Ufficio Stampa FS Italiane<\/strong><\/div>\n<div style=\"text-align: right;\" align=\"right\"><strong>Maria Chiara Fasciano<\/strong><\/div>\n<p>&nbsp;<\/p>\n","protected":false},"excerpt":{"rendered":"","protected":false},"author":1,"featured_media":0,"comment_status":"open","ping_status":"closed","sticky":false,"template":"","format":"standard","meta":{"colormag_page_container_layout":"default_layout","colormag_page_sidebar_layout":"default_layout","footnotes":""},"categories":[7],"tags":[],"class_list":["post-63141","post","type-post","status-publish","format-standard","hentry","category-attualita"],"_links":{"self":[{"href":"https:\/\/archiviogioia.lavocedelpaese.info\/index.php?rest_route=\/wp\/v2\/posts\/63141","targetHints":{"allow":["GET"]}}],"collection":[{"href":"https:\/\/archiviogioia.lavocedelpaese.info\/index.php?rest_route=\/wp\/v2\/posts"}],"about":[{"href":"https:\/\/archiviogioia.lavocedelpaese.info\/index.php?rest_route=\/wp\/v2\/types\/post"}],"author":[{"embeddable":true,"href":"https:\/\/archiviogioia.lavocedelpaese.info\/index.php?rest_route=\/wp\/v2\/users\/1"}],"replies":[{"embeddable":true,"href":"https:\/\/archiviogioia.lavocedelpaese.info\/index.php?rest_route=%2Fwp%2Fv2%2Fcomments&post=63141"}],"version-history":[{"count":0,"href":"https:\/\/archiviogioia.lavocedelpaese.info\/index.php?rest_route=\/wp\/v2\/posts\/63141\/revisions"}],"wp:attachment":[{"href":"https:\/\/archiviogioia.lavocedelpaese.info\/index.php?rest_route=%2Fwp%2Fv2%2Fmedia&parent=63141"}],"wp:term":[{"taxonomy":"category","embeddable":true,"href":"https:\/\/archiviogioia.lavocedelpaese.info\/index.php?rest_route=%2Fwp%2Fv2%2Fcategories&post=63141"},{"taxonomy":"post_tag","embeddable":true,"href":"https:\/\/archiviogioia.lavocedelpaese.info\/index.php?rest_route=%2Fwp%2Fv2%2Ftags&post=63141"}],"curies":[{"name":"wp","href":"https:\/\/api.w.org\/{rel}","templated":true}]}}