{"id":63167,"date":"2020-03-29T21:45:05","date_gmt":"2020-03-29T21:45:05","guid":{"rendered":"https:\/\/archiviogioia.lavocedelpaese.info\/?p=63167"},"modified":"2020-03-29T21:45:05","modified_gmt":"2020-03-29T21:45:05","slug":"a-gioia-del-colle-oltre-215-mila-euro-per-solidarieta-alimentare-2","status":"publish","type":"post","link":"https:\/\/archiviogioia.lavocedelpaese.info\/?p=63167","title":{"rendered":"A Gioia del Colle oltre 215 mila euro per solidariet\u00e0 alimentare"},"content":{"rendered":"<p><a title=\"soldi\" href=\"https:\/\/www.flickr.com\/photos\/91470992@N02\/48665065878\/in\/photolist-2hBkDcM-2edg3sC-2cU3muz-2h9nbBY-XXCjKr-PjRZiE-D7a2Uf-rrZyFL-rq7tS4-oRjtxG-nRq6Qn-njh1vj-mguytW-jT6faZ-2hVmqQ3-jpSDGW-jmJG8T-qPfFf2-fttwXD\" data-flickr-embed=\"true\"><img loading=\"lazy\" decoding=\"async\" style=\"display: block; margin-left: auto; margin-right: auto;\" src=\"https:\/\/live.staticflickr.com\/65535\/48665065878_8f68d95a76_z.jpg\" alt=\"soldi\" width=\"320\" height=\"240\" \/><\/a><\/p>\n<p><!--more--><\/p>\n<p style=\"text-align: justify;\"><a title=\"conferenza stampa Conte-Gualtieri\" href=\"https:\/\/www.flickr.com\/photos\/91470992@N02\/49713886153\/in\/dateposted\/\" data-flickr-embed=\"true\"><img loading=\"lazy\" decoding=\"async\" style=\"margin: 4px; float: left;\" src=\"https:\/\/live.staticflickr.com\/65535\/49713886153_dfbd85c14b_w.jpg\" alt=\"conferenza stampa Conte-Gualtieri\" width=\"400\" height=\"267\" \/><\/a><strong>Ben 215.767,82 euro sono stati destinati dal Governo<\/strong> al Comune di Gioia del Colle. <strong>Somma contenuta nell&#8217;ordinanza a firma<\/strong> del Capo del Dipartimento della protezione civile, <strong>Angelo Borrelli<\/strong>, recante: &#8220;Ulteriori interventi urgenti di protezione civile in relazione all\u2019emergenza relativa al rischio sanitario connesso all\u2019insorgenza di patologie derivanti da agenti virali trasmissibili\u201d, recante <strong>misure e risorse per la solidariet\u00e0 alimentare<\/strong>\u201d.<\/p>\n<p style=\"text-align: justify;\"><strong>Risorse stabilite in 4,3 miliardi di euro, pi\u00f9 400 milioni da destinare ai comuni per buoni spesa<\/strong>, cos\u00ec come <strong>anticipato, nella conferenza stampa<\/strong> in diretta facebook <strong>di sabato 28 marzo<\/strong>, dal Presidente del Consiglio dei Ministri, <strong>Giuseppe Conte<\/strong>, e dal Ministro dell&#8217;Economia, Roberto <strong>Gualtieri.<\/strong><\/p>\n<p style=\"text-align: justify;\"><strong>Somme ripartite in base al numero degli abitanti<\/strong>, per Gioia determinati in 27.573, <strong>e al reddito procapite<\/strong>, con riferimento <strong>all\u2019area di appartenenza<\/strong> (Nord, Centro, Sud, Isole).<\/p>\n<p style=\"text-align: justify;\"><strong>Di seguito i contenuti dell\u2019ordinanza<\/strong> <strong>e in calce il documento completo<\/strong> con l\u2019elenco di tutti i comuni italiani interessati e relativi importi destinati.<\/p>\n<p style=\"text-align: center;\" align=\"center\">&#8212;&#8212;&#8212;&#8212;&#8212;&#8212;&#8212;&#8212;&#8212;&#8212;&#8212;<\/p>\n<div style=\"text-align: center;\" align=\"center\"><strong>Articolo 1<\/strong><\/div>\n<div style=\"text-align: center;\" align=\"center\"><strong>(Risorse da destinare a misure urgenti di solidariet\u00e0 alimentare)<\/strong><\/div>\n<ol>\n<li style=\"text-align: justify;\">In relazione alla situazione economica determinatasi per effetto delle conseguenze dell\u2019emergenza COVID-19, il Ministero dell&#8217;interno, entro il 31 marzo 2020, dispone, in via di anticipazione nelle more del successivo reintegro, il pagamento di un importo pari ad euro 400.000.000,00, di cui euro 386.945.839,14 in favore dei comuni appartenenti alle regioni a statuto ordinario, alla Regione Siciliana e alla Regione Sardegna, ed euro 13.054.160,86 in favore delle Regioni Friuli Venezia Giulia e Valle d\u2019Aosta e delle Province autonome di Trento e di Bolzano, con imputazione sul capitolo di spesa 1365 dello stato di previsione del Ministero dell\u2019interno da contabilizzare nei bilanci degli enti a titolo di misure urgenti di solidariet\u00e0 alimentare.<\/li>\n<li style=\"text-align: justify;\">Le sanzioni di cui all\u2019articolo 5, comma 1, lettera c), del decreto legislativo 26 novembre 2010, n. 216 e le sanzioni di cui all\u2019articolo 161, ocmma 4, del decreto legislativo 18 agosto 2000, n. 267 non si applicano alle spettanze per l\u2019anno 2020.<\/li>\n<\/ol>\n<div style=\"text-align: center;\" align=\"center\"><strong>Articolo 2<\/strong><\/div>\n<div style=\"text-align: center;\" align=\"center\"><strong>(Riparto risorse per solidariet\u00e0 alimentare)<\/strong><\/div>\n<ol>\n<li style=\"text-align: justify;\">Le risorse di cui all\u2019articolo 1 sono ripartite ai comuni di cui agli allegati 1 e 2 della presente ordinanza individuati secondo i seguenti criteri:<\/li>\n<\/ol>\n<div style=\"text-align: justify; margin-left: 30px;\">a) una quota pari al 80% del totale, per complessivi euro 320 milioni, \u00e8 ripartita in proporzione alla popolazione residente di ciascun comune, salvo quanto previsto al punto c);<\/div>\n<div style=\"text-align: justify; margin-left: 30px;\">b) una quota pari al restante 20%, per complessivi euro 80 milioni \u00e8 ripartita in base alla distanza tra il valore del reddito pro capite di ciascun comune e il valore medio nazionale, ponderata per la rispettiva popolazione. I valori reddituali comunali sono quelli relativi all\u2019anno d\u2019imposta 2017, pubblicati dal Dipartimento delle Finanze del Ministero dell\u2019economia e delle finanze, all\u2019indirizzo: <a href=\"https:\/\/www1.finanze.gov.it\/finanze3\/analisi_stat\/index.php?search_class%5B0%5D=cCOMUNE&amp;opendata=yes\">https:\/\/www1.finanze.gov.it\/finanze3\/analisi_stat\/index.php?search_class%5B0%5D=cCOMUNE&amp;opendata=yes<\/a>.<\/div>\n<div style=\"text-align: justify; margin-left: 30px;\">c) il contributo minimo spettante a ciascun comune non pu\u00f2 in ogni caso risultare inferiore a euro 600; inoltre, al fine di tenere conto del pi\u00f9 lungo periodo di attivazione delle misure di contrasto dell\u2019emergenza epidemiologica da Covid-19, viene raddoppiato il contributo assegnato ai comuni di cui all\u2019allegato 1 del Presidente del Consiglio dei ministri del 1\u00b0 marzo 2020. La quota di cui al punto a) relativa ai comuni con popolazione maggiore di centomila abitanti \u00e8 decurtata, proporzionalmente, dell\u2019importo necessario ad assicurare il rispetto dei criteri di cui alla presente lettera.<\/div>\n<ol>\n<li style=\"text-align: justify;\">Le risorse spettanti ai comuni delle Regioni Friuli Venezia Giulia e Valle d\u2019Aosta e delle Province autonome di Trento e di Bolzano, sono assegnate alle predette Autonomie che provvedono al successivo riparto in favore dei comuni ricadenti nel proprio territorio sulla base dei criteri di cui al comma 1.<\/li>\n<li style=\"text-align: justify;\">I Comuni possono destinare alle misure urgenti di solidariet\u00e0 alimentare di cui alla presente ordinanza eventuali donazioni. A tal fine \u00e8 autorizzata l\u2019apertura di appositi conti correnti bancari onde fare confluire le citate donazioni. Alle medesime donazioni si applicano le disposizioni di cui all\u2019articolo 66 del decreto legge 17 marzo 2020, n. 18.<\/li>\n<li style=\"text-align: justify;\">Sulla base di quanto assegnato ai sensi del presente articolo, nonch\u00e9 delle donazioni di cui all\u2019articolo 66 del decreto legge 17 marzo 2020, n. 18, ciascun comune \u00e8 autorizzato all\u2019acquisizione, in deroga al decreto legislativo 18 aprile 2016, n.50: a) di buoni spesa utilizzabili per l\u2019acquisto di generi alimentari presso gli esercizi commerciali contenuti nell\u2019elenco pubblicato da ciascun comune nel proprio sito istituzionale; b) di generi alimentari o prodotti di prima necessit\u00e0.<\/li>\n<li style=\"text-align: justify;\">I Comuni, per l\u2019acquisto e per la distribuzione dei beni di cui al comma 4, possono avvalersi degli enti del Terzo Settore. Nell\u2019individuazione dei fabbisogni alimentari e nella distribuzione dei beni, i Comuni in particolare possono coordinarsi con gli enti attivi nella distribuzione alimentare a valere sulle risorse del Programma operativo del Fondo di aiuti europei agli indigenti (FEAD). Il Ministero del lavoro e delle politiche sociali rende disponibile l\u2019elenco delle organizzazioni partner del citato Programma operativo. Per le attivit\u00e0 connesse alla distribuzione alimentare non sono disposte restrizioni agli spostamenti del personale degli enti del Terzo settore e dei volontari coinvolti.<\/li>\n<li style=\"text-align: justify;\">L\u2019Ufficio dei servizi sociali di ciascun Comune individua la platea dei beneficiari ed il relativo contributo tra i nuclei familiari pi\u00f9 esposti agli effetti economici derivanti dall\u2019emergenza epidemiologica da virus Covid-19 e tra quelli in stato di bisogno, per soddisfare le necessit\u00e0 pi\u00f9 urgenti ed essenziali con priorit\u00e0 per quelli non gi\u00e0 assegnatari di sostegno pubblico.<\/li>\n<li style=\"text-align: justify;\">Con successivi provvedimenti si potr\u00e0 provvedere ad ulteriori assegnazioni da ripartire sulla base dei criteri di cui alla presente ordinanza.<\/li>\n<\/ol>\n<div style=\"text-align: center;\" align=\"center\"><strong>Articolo 3 <\/strong><\/div>\n<div style=\"text-align: center;\" align=\"center\"><strong>(Disposizioni finali)<\/strong><\/div>\n<p style=\"text-align: justify;\">1. Le disposizioni di cui alla presente ordinanza si applicano alle Regioni a Statuto speciale ed alle Province autonome di Trento e Bolzano compatibilmente con i rispettivi statuti e le relative norme di attuazione.<\/p>\n<p style=\"text-align: justify;\" align=\"right\">La presente ordinanza sar\u00e0 pubblicata nella Gazzetta Ufficiale della Repubblica italiana.<\/p>\n<div style=\"text-align: right;\" align=\"right\">IL CAPO DEL DIPARTIMENTO DELLA PROTEZIONE CIVILE<\/div>\n<div style=\"text-align: right;\" align=\"right\"><strong>Angelo Borrelli<\/strong><\/div>\n<p><strong>Per scaricare l&#8217;ordinanza completa, <\/strong><a href=\"https:\/\/archiviogioia.lavocedelpaese.info\/wp-content\/uploads\/2020\/03\/2020_03_29_2306_lettera_bonaccini_presidenti_riavvio_istr_schema.pdf.pdf.pdf\">clicca qui<\/a>.<strong><br \/><\/strong><\/p>\n<p><a title=\"contributi buoni spesa prvincia di bari\" href=\"https:\/\/www.flickr.com\/photos\/91470992@N02\/49714841462\/in\/dateposted\/\" data-flickr-embed=\"true\"><img loading=\"lazy\" decoding=\"async\" style=\"float: left;\" src=\"https:\/\/live.staticflickr.com\/65535\/49714841462_0968203888.jpg\" alt=\"contributi buoni spesa prvincia di bari\" width=\"330\" height=\"616\" \/><\/a> <a title=\"contributi buoni spesa prvincia di bari\" href=\"https:\/\/www.flickr.com\/photos\/91470992@N02\/49713987083\/in\/photostream\/\" data-flickr-embed=\"true\"><img loading=\"lazy\" decoding=\"async\" src=\"https:\/\/live.staticflickr.com\/65535\/49713987083_6f6221736a_n.jpg\" alt=\"contributi buoni spesa prvincia di bari\" width=\"330\" height=\"387\" \/><\/a><\/p>\n","protected":false},"excerpt":{"rendered":"","protected":false},"author":1,"featured_media":0,"comment_status":"open","ping_status":"closed","sticky":false,"template":"","format":"standard","meta":{"colormag_page_container_layout":"default_layout","colormag_page_sidebar_layout":"default_layout","footnotes":""},"categories":[8],"tags":[],"class_list":["post-63167","post","type-post","status-publish","format-standard","hentry","category-cronaca"],"_links":{"self":[{"href":"https:\/\/archiviogioia.lavocedelpaese.info\/index.php?rest_route=\/wp\/v2\/posts\/63167","targetHints":{"allow":["GET"]}}],"collection":[{"href":"https:\/\/archiviogioia.lavocedelpaese.info\/index.php?rest_route=\/wp\/v2\/posts"}],"about":[{"href":"https:\/\/archiviogioia.lavocedelpaese.info\/index.php?rest_route=\/wp\/v2\/types\/post"}],"author":[{"embeddable":true,"href":"https:\/\/archiviogioia.lavocedelpaese.info\/index.php?rest_route=\/wp\/v2\/users\/1"}],"replies":[{"embeddable":true,"href":"https:\/\/archiviogioia.lavocedelpaese.info\/index.php?rest_route=%2Fwp%2Fv2%2Fcomments&post=63167"}],"version-history":[{"count":0,"href":"https:\/\/archiviogioia.lavocedelpaese.info\/index.php?rest_route=\/wp\/v2\/posts\/63167\/revisions"}],"wp:attachment":[{"href":"https:\/\/archiviogioia.lavocedelpaese.info\/index.php?rest_route=%2Fwp%2Fv2%2Fmedia&parent=63167"}],"wp:term":[{"taxonomy":"category","embeddable":true,"href":"https:\/\/archiviogioia.lavocedelpaese.info\/index.php?rest_route=%2Fwp%2Fv2%2Fcategories&post=63167"},{"taxonomy":"post_tag","embeddable":true,"href":"https:\/\/archiviogioia.lavocedelpaese.info\/index.php?rest_route=%2Fwp%2Fv2%2Ftags&post=63167"}],"curies":[{"name":"wp","href":"https:\/\/api.w.org\/{rel}","templated":true}]}}