{"id":6339,"date":"2010-12-07T06:10:09","date_gmt":"2010-12-07T06:10:09","guid":{"rendered":"https:\/\/archiviogioia.lavocedelpaese.info\/?p=6339"},"modified":"2010-12-07T06:10:09","modified_gmt":"2010-12-07T06:10:09","slug":"nartist-qtrade-unionq-tra-arte-e-industria","status":"publish","type":"post","link":"https:\/\/archiviogioia.lavocedelpaese.info\/?p=6339","title":{"rendered":"NARTIST, &#8220;TRADE UNION&#8221; TRA ARTE E INDUSTRIA"},"content":{"rendered":"<p><img loading=\"lazy\" decoding=\"async\" class=\" size-full wp-image-6336\" alt=\"artista-e-industria-pp\" src=\"https:\/\/archiviogioia.lavocedelpaese.info\/wp-content\/uploads\/2010\/12\/artista-e-industria-pp.jpg\" width=\"320\" height=\"150\" srcset=\"https:\/\/archiviogioia.lavocedelpaese.info\/wp-content\/uploads\/2010\/12\/artista-e-industria-pp.jpg 320w, https:\/\/archiviogioia.lavocedelpaese.info\/wp-content\/uploads\/2010\/12\/artista-e-industria-pp-300x141.jpg 300w\" sizes=\"auto, (max-width: 320px) 100vw, 320px\" \/> <\/p>\n<p><!--more--><\/p>\n<div style=\"text-align: justify;\"><\/div>\n<p style=\"text-align: justify;\"><strong><img loading=\"lazy\" decoding=\"async\" class=\" alignleft size-full wp-image-6337\" style=\"margin: 4px; float: left;\" alt=\"nartist-convegno-locandina\" src=\"https:\/\/archiviogioia.lavocedelpaese.info\/wp-content\/uploads\/2010\/12\/nartist-convegno-locandina.jpg\" width=\"300\" height=\"335\" srcset=\"https:\/\/archiviogioia.lavocedelpaese.info\/wp-content\/uploads\/2010\/12\/nartist-convegno-locandina.jpg 717w, https:\/\/archiviogioia.lavocedelpaese.info\/wp-content\/uploads\/2010\/12\/nartist-convegno-locandina-269x300.jpg 269w\" sizes=\"auto, (max-width: 300px) 100vw, 300px\" \/>Il 14 dicembre 2010 l\u2019arte e l\u2019industria si incontrano<\/strong>. Il connubio \u00e8 possibile perch\u00e9 ricercano entrambe il modo per innovare con creativit\u00e0.<\/p>\n<div style=\"text-align: justify;\"><\/div>\n<p style=\"text-align: justify;\">Il convegno \u201c<strong>Innovazione Arte e Industria: un connubio possibile<\/strong>\u201d vuole essere, dunque, l\u2019occasione <strong>per evidenziare il ruolo dell\u2019arte nelle applicazioni industriali<\/strong> e soprattutto per dibattere su possibili scenari futuri coinvolgendo operatori, istituzioni, accademici, curiosi e appassionati di arte.<\/p>\n<div style=\"text-align: justify;\"><\/div>\n<p style=\"text-align: justify;\"><strong>L\u2019iniziativa vuole evidenziare<\/strong>, attraverso illustri testimonianze e casi di studio, <strong>il punto di contatto tra arte e industria di eccellenza del Made in Italy<\/strong>, con particolare attenzione all\u2019arredo e all\u2019abbigliamento.<\/p>\n<div style=\"text-align: justify;\"><\/div>\n<p style=\"text-align: justify;\">Il Convegno sar\u00e0, inoltre, <strong>l\u2019occasione per presentare ufficialmente il concorso per Giovani Artisti nartist\u00ae promosso in collaborazione con l\u2019Accademia delle Belle Arti di Bari<\/strong> a cui potranno partecipare artisti emergenti nati o residenti in Puglia.<\/p>\n<div style=\"text-align: justify;\"><\/div>\n<p style=\"text-align: justify;\"><strong>Il programma dell\u2019evento prevede<\/strong> gli interventi di:<\/p>\n<div style=\"text-align: justify;\"><\/div>\n<ul>\n<li><strong>Piero Longo<\/strong>, Presidente Consiglio Provincia di Bari;<\/li>\n<\/ul>\n<div style=\"text-align: justify;\"><\/div>\n<ul>\n<li>Cav. <strong>Mario Boselli<\/strong>, Presidente della Camera Nazionale della Moda Italiana \u2013 L\u2019innovazione nel settore della moda;<\/li>\n<\/ul>\n<div style=\"text-align: justify;\"><\/div>\n<ul>\n<li><strong>Enzo Cannaviello<\/strong>, Gallerista in Milano &#8211;\u00a0 Il sistema dell\u2019Arte (contemporanea);<\/li>\n<\/ul>\n<div style=\"text-align: justify;\"><\/div>\n<ul>\n<li><strong>Lia De Venere<\/strong>, docente di Storia dell&#8217;Arte contemporanea presso l&#8217;Accademia di Belle Arti di Bari e curatrice indipendente \u2013 In vesti\u00a0d&#8217;artista;<\/li>\n<\/ul>\n<div style=\"text-align: justify;\"><\/div>\n<ul>\n<li><strong>Francesco Nicastri<\/strong>, Presidente Modern Art Company &#8211;\u00a0 Case history nartist\u00ae: quando la vita diventa un\u2019opera d\u2019arte;<\/li>\n<\/ul>\n<div style=\"text-align: justify;\"><\/div>\n<ul>\n<li><strong>Giovanni Mastrangelo<\/strong>, Consigliere delegato ai centri storici del Comune di Gioia del Colle \u2013 L\u2019arte nei centri storici;<\/li>\n<\/ul>\n<div style=\"text-align: justify;\"><\/div>\n<ul>\n<li><strong>Niccol\u00f2 Zucchi Frua<\/strong>, Resp. Zucchi Collection Museum &#8211; Zucchi collection of antique handblocks (del prestigioso gruppo Zucchi Bassetti).<\/li>\n<\/ul>\n<div style=\"text-align: justify;\"><\/div>\n<p style=\"text-align: justify;\"><strong>L\u2019evento \u00e8 patrocinato dalla Regione Puglia<\/strong>, dalla <strong>Provincia<\/strong> di Bari, dal <strong>Comune<\/strong> di Gioia del Colle, da <strong>Confindustria<\/strong>, dall\u2019<strong>Accademia delle Belle Arti <\/strong>di Bari, dalla <strong>Camera Nazionale della Moda <\/strong>di Milano.<\/p>\n<div style=\"text-align: justify;\"><\/div>\n<p style=\"text-align: justify;\"><strong>Per ulteriori informazioni<\/strong>: <a href=\"http:\/\/www.nartist.it\/\">www.nartist.it<\/a><\/p>\n<div style=\"text-align: justify;\"><\/div>\n<p style=\"text-align: justify;\"><strong>Contatti Ufficio Stampa<\/strong>: <strong>Marica Ranaldo<\/strong>: 333.4602879 &#8211; <strong>Anna Grazia Martulli<\/strong>: 339.3628675 &#8211; <a href=\"mailto:marketing@nartist.it\">marketing@nartist.it<\/a><\/p>\n","protected":false},"excerpt":{"rendered":"","protected":false},"author":1,"featured_media":6336,"comment_status":"open","ping_status":"closed","sticky":false,"template":"","format":"standard","meta":{"colormag_page_container_layout":"default_layout","colormag_page_sidebar_layout":"default_layout","footnotes":""},"categories":[7],"tags":[],"class_list":["post-6339","post","type-post","status-publish","format-standard","has-post-thumbnail","hentry","category-attualita"],"_links":{"self":[{"href":"https:\/\/archiviogioia.lavocedelpaese.info\/index.php?rest_route=\/wp\/v2\/posts\/6339","targetHints":{"allow":["GET"]}}],"collection":[{"href":"https:\/\/archiviogioia.lavocedelpaese.info\/index.php?rest_route=\/wp\/v2\/posts"}],"about":[{"href":"https:\/\/archiviogioia.lavocedelpaese.info\/index.php?rest_route=\/wp\/v2\/types\/post"}],"author":[{"embeddable":true,"href":"https:\/\/archiviogioia.lavocedelpaese.info\/index.php?rest_route=\/wp\/v2\/users\/1"}],"replies":[{"embeddable":true,"href":"https:\/\/archiviogioia.lavocedelpaese.info\/index.php?rest_route=%2Fwp%2Fv2%2Fcomments&post=6339"}],"version-history":[{"count":0,"href":"https:\/\/archiviogioia.lavocedelpaese.info\/index.php?rest_route=\/wp\/v2\/posts\/6339\/revisions"}],"wp:featuredmedia":[{"embeddable":true,"href":"https:\/\/archiviogioia.lavocedelpaese.info\/index.php?rest_route=\/wp\/v2\/media\/6336"}],"wp:attachment":[{"href":"https:\/\/archiviogioia.lavocedelpaese.info\/index.php?rest_route=%2Fwp%2Fv2%2Fmedia&parent=6339"}],"wp:term":[{"taxonomy":"category","embeddable":true,"href":"https:\/\/archiviogioia.lavocedelpaese.info\/index.php?rest_route=%2Fwp%2Fv2%2Fcategories&post=6339"},{"taxonomy":"post_tag","embeddable":true,"href":"https:\/\/archiviogioia.lavocedelpaese.info\/index.php?rest_route=%2Fwp%2Fv2%2Ftags&post=6339"}],"curies":[{"name":"wp","href":"https:\/\/api.w.org\/{rel}","templated":true}]}}