{"id":63431,"date":"2020-04-28T07:44:35","date_gmt":"2020-04-28T07:44:35","guid":{"rendered":"https:\/\/archiviogioia.lavocedelpaese.info\/?p=63431"},"modified":"2020-04-28T07:44:35","modified_gmt":"2020-04-28T07:44:35","slug":"decamer-on-air-la-famiglia-con-lagioia-mendez-loiacono","status":"publish","type":"post","link":"https:\/\/archiviogioia.lavocedelpaese.info\/?p=63431","title":{"rendered":"DeCamer-ON AIR. La famiglia con Lagioia, Mendez, Loiacono"},"content":{"rendered":"<p><a title=\"decameron-air la famiglia\" href=\"https:\/\/www.flickr.com\/photos\/91470992@N02\/49829691741\/in\/dateposted\/\" data-flickr-embed=\"true\"><img loading=\"lazy\" decoding=\"async\" style=\"display: block; margin-left: auto; margin-right: auto;\" src=\"https:\/\/live.staticflickr.com\/65535\/49829691741_4714de577b_o.jpg\" alt=\"decameron-air la famiglia\" width=\"320\" height=\"240\" \/><\/a><\/p>\n<p><!--more--><\/p>\n<p style=\"margin-bottom: 0.0001pt; text-align: justify;\"><a title=\"Nicola Lagioia\" href=\"https:\/\/www.flickr.com\/photos\/91470992@N02\/49829695661\/in\/dateposted\/\" data-flickr-embed=\"true\"><img loading=\"lazy\" decoding=\"async\" style=\"margin: 4px; float: left;\" src=\"https:\/\/live.staticflickr.com\/65535\/49829695661_eda9bf22e5_w.jpg\" alt=\"Nicola Lagioia\" width=\"350\" height=\"343\" \/><\/a> <span>\u201c<strong>Tutte le famiglie felici si assomigliano, ma ogni famiglia infelice \u00e8 infelice a modo suo<\/strong>\u201d, scriveva Lev Tolstoj nell&#8217;incipit del suo Anna Karenina, prospettando al lettore una delle tematiche salienti del suo romanzo, la famiglia. <strong>A sottolinearlo<\/strong> \u00e8 un inedito <strong>Nicola Lagioia<\/strong>, acclamato vincitore del premio Strega 2015 e direttore dal 2017 del Salone Internazionale del Libro di Torino, durante una videocall in diretta su Facebook. <\/span><\/p>\n<p style=\"margin-bottom: 0.0001pt; text-align: justify;\"><span>Dall&#8217;altro capo del ricevitore digitale ci sono loro, <strong>Domenico Lillo<\/strong> e <strong>Giuseppe Castellaneta<\/strong>, alla conduzione della decima puntata dell&#8217;apprezzatissimo <strong>DeCamer-ON AIR<\/strong>, il contenitore culturale che da settimane spopola su Facebook e tiene compagnia ai gioiesi in confino domestico con le sue dirette ricche di ospiti di spessore e quel mix di divertimento e informazione che ormai sono un marchio di fabbrica. <\/span><\/p>\n<p style=\"margin-bottom: 0.0001pt; text-align: justify;\"><span><strong>Il tema della puntata, la Famiglia<\/strong>, \u00e8 un&#8217;occasione per il primo, illustre ospite di passare in rasse<\/span><span>gna la letteratura &#8211; da Madame Bovary a I Buddenbrook, passando per i Vicer\u00e8 e il Gattopardo &#8211; per testimoniare come questo sia un to<\/span><a title=\"Emiliana M\u00e9ndez\" href=\"https:\/\/www.flickr.com\/photos\/91470992@N02\/49829166958\/in\/photostream\/\" data-flickr-embed=\"true\"><img loading=\"lazy\" decoding=\"async\" style=\"margin: 4px; float: right;\" src=\"https:\/\/live.staticflickr.com\/65535\/49829166958_563faa5839_o.jpg\" alt=\"Emiliana M\u00e9ndez\" width=\"350\" height=\"510\" \/><\/a><span>pos largamente diffuso e apprezzato e come, di fatto, la letteratura si nu<\/span><span>tra delle crisi e dei conflitti che caratterizzano e problematizzano i rapporti interpersonali; ma \u00e8 anche una preziosa occasione, per il pubblico, di interagire con l&#8217;autore e porre delle domande. <\/span><\/p>\n<p style=\"margin-bottom: 0.0001pt; text-align: justify;\"><span>Non solo famiglia, ma anche tanta bellezza e ironia: gli ospiti successivi sono infatti l&#8217;uruguaiana <strong>Emiliana Mendez<\/strong>, modella per le maggiori firme, e <strong>Antonello Loiacono<\/strong>, attore e regista. <\/span><\/p>\n<p style=\"margin-bottom: 0.0001pt; text-align: justify;\"><span>I due sono stati impegnati in un simpatico siparietto. <strong>Vito Catucci<\/strong> di \u201cPiano &#8211; Susci Italiano\u201d ha poi proposto un drink raffinato e perfetto da condividere: un bilanciamento del nostro the preferito con zucchero e limone, con l&#8217;aggiunta di gin o vodka; il tutto da servire ghiacciato, magari in una tazza da the con tanto di delizioso pasticcino. <strong>La seconda parte della puntata<\/strong> vede invece protagonisti gli assessori <strong>Lucio Romano<\/strong> e <strong>Vanna Pontiggia<\/strong>, pronti a comunicare tutte le informazioni e le novit\u00e0 utili circa le iniziative culturali e sociali intraprese. L&#8217;assessore Romano annuncia l&#8217;imminente creazione di una gallery sul sito istituzionale del comune che conterr\u00e0 tutte le foto delle attivit\u00e0 culturali realizzate e da realizzare, a cominciare dalle immagini di Monte Sannace, corredate dai commenti del nuovo direttore del Parco Archeologico <strong>Fabio Galeandro<\/strong>; grazie alla collaborazione dei volontari delle associazioni di volontariato<\/span><span> gioiesi, \u00e8 stato inoltre possibile attivare un servizio di consegna dei libri a domicilio: basta contattare Raffaella Labarile della Librellula o Tommaso Lillo della libreria Minerva per ricevere il pr<\/span><span>oprio! <\/span><\/p>\n<p style=\"margin-bottom: 0.0001pt; text-align: justify;\"><span>\u00c8 stata poi la volta di Vanna Pontiggia, a <\/span><span>capo di <\/span><a title=\"Antonello Loiacono\" href=\"https:\/\/www.flickr.com\/photos\/91470992@N02\/49829167018\/in\/photostream\/\" data-flickr-embed=\"true\"><img loading=\"lazy\" decoding=\"async\" style=\"margin: 4px; float: left;\" src=\"https:\/\/live.staticflickr.com\/65535\/49829167018_269365dbc0_w.jpg\" alt=\"Antonello Loiacono\" width=\"350\" height=\"333\" \/><\/a><span>un assessorato, quello ai servizi sociali, in prima linea in questo <\/span><span>periodo. La <\/span><span>Pontiggia ci <\/span><span>ha tenuto a sottolineare come l&#8217;emergenza sani<\/span><span>taria stia inesorabilmente diventando sociale, relazionale e psichica e, proprio per questo, ha sollecitato la dimensione del noi: per trasformare il limite in opportunit\u00e0, dice, dobbiamo essere uniti. <\/span><\/p>\n<p style=\"margin-bottom: 0.0001pt; text-align: justify;\"><span>L&#8217;assessore ha poi annunciato una serie di iniziative intraprese per contrastare l&#8217;isolamento e l&#8217;emergenza sociale e ha ringraziato gli operatori, che per fronteggiare la crisi lavorano 12-13 ore al giorno. La Pontiggia ha anche lanciato importanti appelli alla comunit\u00e0. Il Cap per minori, in collaborazione col 36\u00b0 Stormo, ha creato tutorial online che possono seguire i ragazzi disabili, ma chiunque potesse e volesse contribuire a costruire dei mini tuto<\/span><span>rial da proiettare il prima possibile e in maniera diversificata, \u00e8 ben accetto. <\/span><\/p>\n<p style=\"margin-bottom: 0.0001pt; text-align: justify;\"><span>\u00c8 poi richiesta un&#8217;attenzione particolare verso gli anziani, i pi\u00f9 soli, e i <\/span><span>meno social: \u201cAttiviamoci con i telefoni, contattiamoli perch\u00e9 ci sono forme depressive in agguato. Come amministratori, persone e professionisti noi ci siamo, siateci anche voi.\u201d Insomma, <strong>oggi pi\u00f9 che mai, pi\u00f9 che comunit\u00e0, dobbiamo sforzarci di essere famiglia<\/strong>.<\/span><\/p>\n<p style=\"margin-bottom: 0.0001pt; text-align: justify;\"><span><strong>Video<\/strong>: <a href=\"https:\/\/www.facebook.com\/107672357541856\/videos\/2491908324410237\/\">https:\/\/www.facebook.com\/107672357541856\/videos\/2491908324410237\/<\/a><\/span><\/p>\n<p>&nbsp;<\/p>\n","protected":false},"excerpt":{"rendered":"","protected":false},"author":1,"featured_media":0,"comment_status":"open","ping_status":"closed","sticky":false,"template":"","format":"standard","meta":{"colormag_page_container_layout":"default_layout","colormag_page_sidebar_layout":"default_layout","footnotes":""},"categories":[7],"tags":[],"class_list":["post-63431","post","type-post","status-publish","format-standard","hentry","category-attualita"],"_links":{"self":[{"href":"https:\/\/archiviogioia.lavocedelpaese.info\/index.php?rest_route=\/wp\/v2\/posts\/63431","targetHints":{"allow":["GET"]}}],"collection":[{"href":"https:\/\/archiviogioia.lavocedelpaese.info\/index.php?rest_route=\/wp\/v2\/posts"}],"about":[{"href":"https:\/\/archiviogioia.lavocedelpaese.info\/index.php?rest_route=\/wp\/v2\/types\/post"}],"author":[{"embeddable":true,"href":"https:\/\/archiviogioia.lavocedelpaese.info\/index.php?rest_route=\/wp\/v2\/users\/1"}],"replies":[{"embeddable":true,"href":"https:\/\/archiviogioia.lavocedelpaese.info\/index.php?rest_route=%2Fwp%2Fv2%2Fcomments&post=63431"}],"version-history":[{"count":0,"href":"https:\/\/archiviogioia.lavocedelpaese.info\/index.php?rest_route=\/wp\/v2\/posts\/63431\/revisions"}],"wp:attachment":[{"href":"https:\/\/archiviogioia.lavocedelpaese.info\/index.php?rest_route=%2Fwp%2Fv2%2Fmedia&parent=63431"}],"wp:term":[{"taxonomy":"category","embeddable":true,"href":"https:\/\/archiviogioia.lavocedelpaese.info\/index.php?rest_route=%2Fwp%2Fv2%2Fcategories&post=63431"},{"taxonomy":"post_tag","embeddable":true,"href":"https:\/\/archiviogioia.lavocedelpaese.info\/index.php?rest_route=%2Fwp%2Fv2%2Ftags&post=63431"}],"curies":[{"name":"wp","href":"https:\/\/api.w.org\/{rel}","templated":true}]}}