{"id":63447,"date":"2020-04-29T17:54:17","date_gmt":"2020-04-29T17:54:17","guid":{"rendered":"https:\/\/archiviogioia.lavocedelpaese.info\/?p=63447"},"modified":"2020-04-29T17:54:17","modified_gmt":"2020-04-29T17:54:17","slug":"concerto-id-maggio-scucciat-su-fb-by-interno-giorno-2","status":"publish","type":"post","link":"https:\/\/archiviogioia.lavocedelpaese.info\/?p=63447","title":{"rendered":"Concerto \u201cI\u00b0 Maggio Scucciat\u201d su fb by \u201cInterno Giorno\u201d"},"content":{"rendered":"<p><a title=\"concerto primo maggio 2020\" href=\"https:\/\/www.flickr.com\/photos\/91470992@N02\/49835250227\/in\/dateposted\/\" data-flickr-embed=\"true\"><img loading=\"lazy\" decoding=\"async\" style=\"display: block; margin-left: auto; margin-right: auto;\" src=\"https:\/\/live.staticflickr.com\/65535\/49835250227_50c2b33b14_o.jpg\" alt=\"concerto primo maggio 2020\" width=\"320\" height=\"240\" \/><\/a><\/p>\n<p><!--more--><\/p>\n<p style=\"margin-bottom: 0.0001pt; text-align: justify;\"><a title=\"concerto primo maggio 2020\" href=\"https:\/\/www.flickr.com\/photos\/91470992@N02\/49834405883\/in\/photostream\/\" data-flickr-embed=\"true\"><img loading=\"lazy\" decoding=\"async\" style=\"margin: 4px; float: left;\" src=\"https:\/\/live.staticflickr.com\/65535\/49834405883_e4018231de_w.jpg\" alt=\"concerto primo maggio 2020\" width=\"400\" height=\"209\" \/><\/a> <span><span>Ai tempi del Covid-19, \u00e8 ovvio, anche le conferenze stampa devono avvenire nel pieno rispetto delle norme emanate dal Governo. E allora, perch\u00e9 non organizzarne una interamente live e in diretta Facebook? Ecco dunque che, mercoled\u00ec, 22 aprile, sulla pagina di Interno Giorno \u00e8 andata in onda la conferenza stampa di presentazione del <strong>concertone \u201cI\u00b0 Maggio Scucciat\u201d<\/strong>. <\/span><\/span><\/p>\n<p style=\"margin-bottom: 0.0001pt; text-align: justify;\"><span><span>Vediamo insieme di che si tratta. L&#8217;evento, <strong>nato da un&#8217;idea del grafico e fotografo Alessandro Capurso<\/strong>, gi\u00e0 autore del contest di successo Interno Giorno, sar\u00e0 realizzato <strong>in collaborazione con Vincenzo <\/strong><\/span><\/span><a title=\"concerto primo maggio 2020\" href=\"https:\/\/www.flickr.com\/photos\/91470992@N02\/49834942036\/in\/photostream\/\" data-flickr-embed=\"true\"><img loading=\"lazy\" decoding=\"async\" style=\"margin: 4px; float: right;\" src=\"https:\/\/live.staticflickr.com\/65535\/49834942036_1be16478a0_w.jpg\" alt=\"concerto primo maggio 2020\" width=\"400\" height=\"400\" \/><\/a><span><span><strong>Donvito<\/strong>, <strong>in arte Geg\u00e8<\/strong>, <strong>e i tanti artisti di rilievo che hanno deciso di aderire alla bella iniziativa<\/strong>: cantanti, speaker, dj, polistrumentist<\/span><\/span><span><span>i e performer gioiesi e non, sono pronti ad allietare il nostro insolito 1\u00b0 Maggio in diretta Facebook<strong>.<\/strong><\/span><\/span><\/p>\n<p style=\"margin-bottom: 0.0001pt; text-align: justify;\"><span><span><strong>Dalle 18 alle 21<\/strong>, ci aspettano tre ore di <strong>musica e intrattenimento no-stop<\/strong>: <\/span><\/span><span><span>oltre alle esibizioni cantate, sono infatti previsti dei siparietti comici e l&#8217;animazione del <strong>Mago Dodo<\/strong>. La rosa degli ospiti si compone di circa <strong>venti artisti<\/strong>, fra i quali <strong>Frankavilla, Carla Volpe, Lillo Barile, Mino Vitto, Kekko Recchia, Tony Rossetti, Lillo Barile, Leo <\/strong><\/span><\/span><span><span><strong>Barberio, Francesco Lamanna, Gianvito Ventimiglia, Mimmo Abbruzzese, Pino Donvito, Carla Volpe, Alessandro Giusto, Enza Romano &amp; Donatella Vitto, Carmine Franchini e Maristella Pignatelli<\/strong>, ma spiccano i nomi dei due big <strong>Mario Rosini e Antonio Da Costa.<\/strong><\/span><\/span><\/p>\n<p style=\"margin-bottom: 0.0001pt; text-align: justify;\"><span><span>Certo, nessun like potr\u00e0 sostituire l&#8217;applauso e il calore del pubblico, ed \u00e8 ammirevole e lodevole che questi professionisti del settore abbiano messo a disposizione della comunit\u00e0 le loro abilit\u00e0 e il loro talento in maniera assolutamente gratuita. Siamo tutti un po&#8217; stanchi e \u201cscucciat\u201d in queste settimane di reclusione forzata: il concertone rappresenter\u00e0 <strong>una bella occasione per divertirci insieme<\/strong>, separati eppure uniti dal linguaggio universale della musica.<\/span><\/span><\/p>\n<p style=\"margin-bottom: 0.0001pt; text-align: justify;\"><span><a href=\"https:\/\/www.facebook.com\/contestinternogiorno\/videos\/231978788012946\/\">https:\/\/www.facebook.com\/contestinternogiorno\/videos\/231978788012946\/<\/a> <\/span><\/p>\n<p>&nbsp;<\/p>\n<p>&nbsp;<\/p>\n","protected":false},"excerpt":{"rendered":"","protected":false},"author":1,"featured_media":0,"comment_status":"open","ping_status":"closed","sticky":false,"template":"","format":"standard","meta":{"colormag_page_container_layout":"default_layout","colormag_page_sidebar_layout":"default_layout","footnotes":""},"categories":[7],"tags":[],"class_list":["post-63447","post","type-post","status-publish","format-standard","hentry","category-attualita"],"_links":{"self":[{"href":"https:\/\/archiviogioia.lavocedelpaese.info\/index.php?rest_route=\/wp\/v2\/posts\/63447","targetHints":{"allow":["GET"]}}],"collection":[{"href":"https:\/\/archiviogioia.lavocedelpaese.info\/index.php?rest_route=\/wp\/v2\/posts"}],"about":[{"href":"https:\/\/archiviogioia.lavocedelpaese.info\/index.php?rest_route=\/wp\/v2\/types\/post"}],"author":[{"embeddable":true,"href":"https:\/\/archiviogioia.lavocedelpaese.info\/index.php?rest_route=\/wp\/v2\/users\/1"}],"replies":[{"embeddable":true,"href":"https:\/\/archiviogioia.lavocedelpaese.info\/index.php?rest_route=%2Fwp%2Fv2%2Fcomments&post=63447"}],"version-history":[{"count":0,"href":"https:\/\/archiviogioia.lavocedelpaese.info\/index.php?rest_route=\/wp\/v2\/posts\/63447\/revisions"}],"wp:attachment":[{"href":"https:\/\/archiviogioia.lavocedelpaese.info\/index.php?rest_route=%2Fwp%2Fv2%2Fmedia&parent=63447"}],"wp:term":[{"taxonomy":"category","embeddable":true,"href":"https:\/\/archiviogioia.lavocedelpaese.info\/index.php?rest_route=%2Fwp%2Fv2%2Fcategories&post=63447"},{"taxonomy":"post_tag","embeddable":true,"href":"https:\/\/archiviogioia.lavocedelpaese.info\/index.php?rest_route=%2Fwp%2Fv2%2Ftags&post=63447"}],"curies":[{"name":"wp","href":"https:\/\/api.w.org\/{rel}","templated":true}]}}