{"id":63451,"date":"2020-04-29T19:00:27","date_gmt":"2020-04-29T19:00:27","guid":{"rendered":"https:\/\/archiviogioia.lavocedelpaese.info\/?p=63451"},"modified":"2020-04-29T19:00:27","modified_gmt":"2020-04-29T19:00:27","slug":"covid-zero-casi-a-gioia-riapre-il-mercato-ortofrutta-del-martedi-2","status":"publish","type":"post","link":"https:\/\/archiviogioia.lavocedelpaese.info\/?p=63451","title":{"rendered":"Covid: zero casi a Gioia. Riapre il mercato ortofrutta del marted\u00ec"},"content":{"rendered":"<p style=\"text-align: justify;\"><a title=\"sindaco-mastrangelo\" href=\"https:\/\/www.flickr.com\/photos\/91470992@N02\/49835307631\/in\/dateposted\/\" data-flickr-embed=\"true\"><img loading=\"lazy\" decoding=\"async\" style=\"display: block; margin-left: auto; margin-right: auto;\" src=\"https:\/\/live.staticflickr.com\/65535\/49835307631_5f38c665be_z.jpg\" alt=\"sindaco-mastrangelo\" width=\"320\" height=\"240\" \/><\/a><\/p>\n<p><!--more--><\/p>\n<p style=\"text-align: justify;\"><a title=\"code supermercati\" href=\"https:\/\/www.flickr.com\/photos\/91470992@N02\/49720877458\/in\/photolist-2iKEuBU-2iKHdxS-2iGmKYs-2iGj1Ep-2gfD26U-2gfCTvG-2gfDnB7-25dKT9x-TG676N-2akm8nF-JBd7cn-yBSYJe-vcD2gE-vcMt8n-ssygmL-p4Hrc2-odTbxh-odKDZV-odKDUe-ofPCN8-s4zetS-CYoM3w-jugdDR-j7wj1L-n2uEn5-g2phTw-g2pFV2-g2pFXX\" data-flickr-embed=\"true\"><img loading=\"lazy\" decoding=\"async\" style=\"margin: 4px; float: left;\" src=\"https:\/\/live.staticflickr.com\/65535\/49720877458_9fd3d7fc5d_w.jpg\" alt=\"code supermercati\" width=\"400\" height=\"300\" \/><\/a>Il sindaco <strong>Johnny Mastrangelo<\/strong> ha annunciato alla citt\u00e0 che <strong>Gioia vanta di aver zero casi positivi<\/strong> <strong>al Covid-19<\/strong>, in attesa di conoscere l&#8217;esito del secondo tampone effettuato ad un nostro concittadino.<\/p>\n<p style=\"text-align: justify;\">Un risultato raggiunto grazie agli sforzi di tutti ed al rispetto delle regole che premia la citt\u00e0 ma \u2013 ricorda il primo cittadino &#8211; <span><strong>dobbiamo continuare ad adottare tutte le precauzioni<\/strong> che fino ad oggi siamo stati in grado di porre in essere. Permangono le misure igienico sanitarie, permangono <strong>gli obblighi di distanziamento e il divieto di assembramento<\/strong>. <\/span><\/p>\n<p style=\"text-align: justify;\"><span>Al riguardo delle aperture concesse nella fase 2 dal Governo ribadisce che \u201c\u2026 Tutte queste attivit\u00e0 devono attenersi all\u2019allegato 5 del Dpcm: pulizia e igiene ambientale, obbligo di aereazione, ricambio di aria, disinfezione delle mani, mascherine in luoghi e ambienti chiusi anche durante la lavorazione in tutte le attivit\u00e0, guanti usa e getta, ed ovviamente l\u2019obbligo di far entrare una persona alla volta nei piccoli negozi, utilizzando gli spazi nel rispetto di tut<\/span><a title=\"mercato settimanale\" href=\"https:\/\/www.flickr.com\/photos\/91470992@N02\/49712296298\/in\/dateposted\/\" data-flickr-embed=\"true\"><img loading=\"lazy\" decoding=\"async\" style=\"margin: 4px; float: right;\" src=\"https:\/\/live.staticflickr.com\/65535\/49712296298_7167c6169f_w.jpg\" alt=\"mercato settimanale\" width=\"400\" height=\"218\" \/><\/a><span>ti.<\/span><\/p>\n<p style=\"text-align: justify;\"><span>\u201c<strong>Non c\u2019\u00e8 l\u2019obbligo di usare la mascherina, ma vi invito ad utilizzarle<\/strong>. <strong>Abbiamo distribuit<\/strong><\/span><span><strong>o le mascherine ricevute <\/strong>in dono a chi ha necessit\u00e0 per ragioni economiche, <strong>a tutti coloro che hanno ritirato il bonus spesa o i pacchi alimentari<\/strong>, a tutti i medici di base e ai loro collaboratori, a chi \u00e8 soggetto a terapia oncologica o opera in luoghi sensibili senza spendere alcun soldo. Abbiamo voluto offrire una protezione anche alle persone pi\u00f9 esposte, ai commercianti. Una scelta che ha contribuito a raggiungere questo risultato. Inolt<\/span><span>re prima di riaprire il cimitero lo abbiamo ripulito e sanificato e <strong>da marted\u00ec prossimo autorizzer\u00f2 il mercato ortofrutticolo settimanale<\/strong> gestendo i flussi di ingresso ed uscita e le norme di protezione\u201d, <strong>esattamente come avevamo suggerito nell\u2019articolo pubblicato sull\u2019ultimo numero del settimanale \u201cla voce del paese\u201d a pagina 12<\/strong>.<\/span><\/p>\n<p style=\"text-align: justify;\"><span>Il sindaco ha concluso il suo messaggio con i ringraziamenti ai volontari delle Protezione civile e delle associazioni che distribuiscono viveri ed ogni giorno si impegnano nella<\/span><a title=\"protezione civile\" href=\"https:\/\/www.flickr.com\/photos\/91470992@N02\/49737695903\/in\/photolist-2iM9Ga6-2iLFRn3-2iGZKfV-2iH2kN6-2iBckkP-2hVUhRD-2hVTewt-2hVUhLU-2hVUhNC-2hVTevS-2hRjx7F-2hRmZYA-2hLZKur-2hJY9iD-2hJVw1V-2hJVvR6-2hJZfuR-2hJY99f-2hJVvXi-2hJY94R-2hJY8YR-2hJVvCW-2hJZfrE-2hJVvSU-2hJVvRS-2hJVvYL-2hJZfy8-2hJZfLH-2hJVw3i-2hJVvVj-2hJVvMo-2hJY8UY-2hbQpRr-2gBJkoT-2gBJkj4-2gBJkqw-29T9rxL-29XpT2r-27czYtC-KKxmUt-25uzhS9-24tDHnE-22CbF1t-22CbEU6-22CbV7e-YqiTQ7-XMvpJZ-Yq36z1-XMvpYX-XMvpsB\" data-flickr-embed=\"true\"><img loading=\"lazy\" decoding=\"async\" style=\"margin: 4px; float: left;\" src=\"https:\/\/live.staticflickr.com\/65535\/49737695903_b4cf65cfeb_w.jpg\" alt=\"protezione civile\" width=\"400\" height=\"300\" \/><\/a><span> raccolta, ai dipendenti del Comune, ai Servizi sociali per l\u2019ottimo lavoro anche nella seconda fase dell\u2019attribuzione dei buoni spesa ai richiedenti che entro il 29 aprile ne han<\/span><span>no fatto richiesta e ai negozianti che finalmente potranno riprendere la loro attivit\u00e0, appellandosi al senso civico di tutti.<\/span><\/p>\n<p style=\"text-align: justify;\"><span>\u201cConvivremo per molto tempo con questo pericolo e vi invito ad osservare tutte le misure. Possiamo essere soddisfatti ma dobbiamo continuare ad imporci le regole per proteggere la nostra salute. <\/span>Un risultato bellissimo, che andrebbe a premiare il rigore e la massima attenzione prestata da tutti voi nel rispetto delle prescrizioni normative imposte. Un traguardo importante, che andrebbe a gratificare i provvedimenti adottati in questo periodo di emergenza e l&#8217;incessante lavoro degli Uffici Comunali, della Protezione Civile e delle Associazioni di Volontariato. \u00c8 il momento, quindi, di non mollare, di non disperdere i sacrifici compiuti sinora! L&#8217;emergenza non \u00e8 alle spalle. Il virus non \u00e8 stato debellato. Ora pi\u00f9 che mai contano i nostri comportamenti. Continuiamo a rispettare gli obblighi di distanziamento sociale ed il divieto di creare assembramenti. Mostriamo buon senso nell&#8217;adottare tutte quelle ulteriori misure atte a prevenire il contagio, come l&#8217;utilizzo dei guanti e delle mascherine di protezione. Ancora un ultimo sforzo&#8230;per iniziare a pensare ad un futuro migliore!\u201d<\/p>\n<p style=\"text-align: justify;\"><strong>Video<\/strong>: <a href=\"https:\/\/www.facebook.com\/mastrangelosindaco\/videos\/922512674861090\/\">https:\/\/www.facebook.com\/mastrangelosindaco\/videos\/922512674861090\/<\/a><\/p>\n<p>&nbsp;<\/p>\n","protected":false},"excerpt":{"rendered":"","protected":false},"author":1,"featured_media":0,"comment_status":"open","ping_status":"closed","sticky":false,"template":"","format":"standard","meta":{"colormag_page_container_layout":"default_layout","colormag_page_sidebar_layout":"default_layout","footnotes":""},"categories":[7],"tags":[],"class_list":["post-63451","post","type-post","status-publish","format-standard","hentry","category-attualita"],"_links":{"self":[{"href":"https:\/\/archiviogioia.lavocedelpaese.info\/index.php?rest_route=\/wp\/v2\/posts\/63451","targetHints":{"allow":["GET"]}}],"collection":[{"href":"https:\/\/archiviogioia.lavocedelpaese.info\/index.php?rest_route=\/wp\/v2\/posts"}],"about":[{"href":"https:\/\/archiviogioia.lavocedelpaese.info\/index.php?rest_route=\/wp\/v2\/types\/post"}],"author":[{"embeddable":true,"href":"https:\/\/archiviogioia.lavocedelpaese.info\/index.php?rest_route=\/wp\/v2\/users\/1"}],"replies":[{"embeddable":true,"href":"https:\/\/archiviogioia.lavocedelpaese.info\/index.php?rest_route=%2Fwp%2Fv2%2Fcomments&post=63451"}],"version-history":[{"count":0,"href":"https:\/\/archiviogioia.lavocedelpaese.info\/index.php?rest_route=\/wp\/v2\/posts\/63451\/revisions"}],"wp:attachment":[{"href":"https:\/\/archiviogioia.lavocedelpaese.info\/index.php?rest_route=%2Fwp%2Fv2%2Fmedia&parent=63451"}],"wp:term":[{"taxonomy":"category","embeddable":true,"href":"https:\/\/archiviogioia.lavocedelpaese.info\/index.php?rest_route=%2Fwp%2Fv2%2Fcategories&post=63451"},{"taxonomy":"post_tag","embeddable":true,"href":"https:\/\/archiviogioia.lavocedelpaese.info\/index.php?rest_route=%2Fwp%2Fv2%2Ftags&post=63451"}],"curies":[{"name":"wp","href":"https:\/\/api.w.org\/{rel}","templated":true}]}}