{"id":63548,"date":"2020-05-11T08:11:02","date_gmt":"2020-05-11T08:11:02","guid":{"rendered":"https:\/\/archiviogioia.lavocedelpaese.info\/?p=63548"},"modified":"2020-05-11T08:11:02","modified_gmt":"2020-05-11T08:11:02","slug":"esposto-contro-la-lega-gioiese-colacicco-chiarisce-2","status":"publish","type":"post","link":"https:\/\/archiviogioia.lavocedelpaese.info\/?p=63548","title":{"rendered":"ESPOSTO CONTRO LA LEGA GIOIESE. COLACICCO CHIARISCE"},"content":{"rendered":"<p><a title=\"Vito Etna - Donato Colacicco\" href=\"https:\/\/www.flickr.com\/photos\/91470992@N02\/49859486113\/in\/photolist-2iXUU9i-2inaABU-2hiMmvU-2h9BbzE-24Cy5hH-DqKG2k-Eo9qM8-DFVqtx-DFVqoH-DFVqyH-E7ARBP-v7E6NZ-s4scFD\" data-flickr-embed=\"true\"><img loading=\"lazy\" decoding=\"async\" style=\"display: block; margin-left: auto; margin-right: auto;\" src=\"https:\/\/live.staticflickr.com\/65535\/49859486113_96fcd4f469_o.jpg\" alt=\"Vito Etna - Donato Colacicco\" width=\"320\" height=\"240\" \/><\/a><\/p>\n<p><!--more--><\/p>\n<p style=\"margin-bottom: 0.0001pt; text-align: justify;\"><a title=\"donato colacicco\" href=\"https:\/\/www.flickr.com\/photos\/91470992@N02\/49883539226\/in\/dateposted\/\" data-flickr-embed=\"true\"><img loading=\"lazy\" decoding=\"async\" style=\"margin: 4px; float: left;\" src=\"https:\/\/live.staticflickr.com\/65535\/49883539226_5c255da5ee_w.jpg\" alt=\"donato colacicco\" width=\"350\" height=\"350\" \/><\/a><span>\u201cSpettabile Redazione, ritengo necessario chiarire alcuni aspetti chiave legati all\u2019esposto da me presentato nei confronti degli esponenti della Lega, travisati da alcune \u201criflessioni\u201d anonime, di dubbia consistenza, apparse a commento dell\u2019articolo pubblicato sul vostro giornale.<\/span><\/p>\n<p style=\"margin-bottom: 0.0001pt; text-align: justify;\"><span>Tutti noi siamo consapevoli delle enormi sofferenze economico-sociali dell\u2019intera categoria del commercio, e dei liberi professionisti in generale, a causa dell\u2019emergenza Coronavirus. Tuttavia, iniziative propagandiste come quella posta in essere dalla Lega che hanno costituito una possibile violazione delle disposizioni poste a tutela della salute dell\u2019intera Comunit\u00e0 non possono essere scambiate per possibilit\u00e0 di aiutare concretamente queste categorie.<\/span><\/p>\n<p style=\"margin-bottom: 0.0001pt; text-align: justify;\"><span>Cos\u00ec come tutti i lavoratori devono adoperarsi ed ingegnarsi alacremente, lavorare duramente per portare avanti le loro attivit\u00e0 e contribuire al benessere proprio e di tutta la comunit\u00e0, cosi \u00e8 richiesto a tutta la classe politica di lavorare concretamente per proporre provvedimenti efficaci e non estemporanei, soprattutto in situazioni di emergenza sociale. <\/span><\/p>\n<p style=\"margin-bottom: 0.0001pt; text-align: justify;\"><span>La fase I dell\u2019emergenza CoViD a Gioia, \u00e8 stata caratterizzata da una costante attenzione dell&#8217;Amministrazione locale a gestire le emergenze e assicurare l\u2019ottemperanza ai provvedimenti governativi, ma \u00e8 stata completamente priva, a differenza di tante realt\u00e0 anche limitrofe, di programmazione per la fase II e oltre. Personalmente, per questa miopia, vedo una grande responsabilit\u00e0 del Presidente del Consiglio, oltre che della stessa Giunta Mastrangelo, vista la completa paralisi degli organi istituzionali deputati a lavorare per la comunit\u00e0. Ad esempio, nonostante la possibilit\u00e0 di utilizzare gratuitamente una piattaforma per lo svolgimento delle riunioni consiliari, e proporre ed approvare provvedimenti, nulla \u00e8 stato fatto. Il coinvolgimento di tutte le forze politiche si \u00e8 limitato allo scambio di messaggi sulla chat della conferenza dei capigruppo.<\/span><\/p>\n<p style=\"margin-bottom: 0.0001pt; text-align: justify;\"><span>Il Presidente del Consiglio, leader leghista, ancorch\u00e9 cercare di raccogliere ed armonizzare i contributi dei consiglieri comunali stimolando una sana collaborazione nelle sedi opportune, non ha risparmiato di alimentare quotidianamente, attraverso i social network, tensioni e malumore tra i cittadini, oltre a fare propaganda politica pro-Lega. Questo atteggiamento, irrispettoso dell&#8217;emergenza sanitaria e sociale in atto, non \u00e8 mai stato condannato dal Sindaco Mastrangelo che, colpevolmente, ha di fatto avallato un comportamento politicamente ed eticamente inaccettabile. <\/span><\/p>\n<p style=\"margin-bottom: 0.0001pt; text-align: justify;\"><span>Io credo fermamente che la classe politica debba dare l\u2019esempio a partire dal rispetto delle leggi. Quale esempio avr\u00e0 recepito la nostra comunit\u00e0, e in particolar modo i giovani, osservando con quale sprezzo esponenti politici hanno ignorato le prescrizioni di distanziamento sociale per porre in essere una iniziativa di pura propaganda di partito? Mettere a repentaglio la sicurezza dei cittadini rischiando un nuovo lock down, aiuterebbe di fatto i commercianti o li condannerebbe definitivamente a chiudere i battenti delle loro attivit\u00e0?<\/span><\/p>\n<p style=\"margin-bottom: 0.0001pt; text-align: justify;\"><span>Alle accuse di \u201cLetargo\u201d, che mi vengono fatte nei commenti al mio precedente articolo, rispondo che, personalmente, ho preferito riferire tutte le mie proposte o perplessit\u00e0, direttamente nel contesto della conferenza dei capigruppo. Un esempio su tutti? Gi\u00e0 il 23 febbraio, oltre due mesi fa, insieme ad una serie di proposte, suggerivo al Sindaco di considerare l\u2019utilizzo delle strutture ospedaliere a supporto dell\u2019emergenza, sia per le evidenti necessita di isolamento\/degenza, sia nel tentativo, certo velleitario, di far candidare la struttura nel piano sanitario regionale. Aggiungo che l\u201911 marzo evidenziavo disponibilit\u00e0 di posti letto in camere gi\u00e0 completamente arredate presso la struttura comunale Palmentullo-La casa di Pegaso, nei pressi della piscina Comunale, per esigenze di isolamento. Ignorato questo mio suggerimento, ad oltre 2 mesi di distanza si \u00e8 preferito spendere circa 5.000 euro per predisporre soli 7 posti letto a Palazzo S. Antonio per le stesse esigenze. Per me questo \u00e8 uno spreco di denaro pubblico senza alcuna logica. Ma io non sono il Sindaco.<\/span><\/p>\n<p style=\"margin-bottom: 0.0001pt; text-align: justify;\"><span>In ultimo voglio ritornare sul costo del mio mandato da Consigliere Comunale. Ad oggi, in un anno di attivit\u00e0, ho percepito 200 \u20ac in gettoni presenza e richiesto 700 \u20ac di rimborso per spese di viaggio. Vorrei ricordare per\u00f2 alla Comunit\u00e0 che grazie al mio intervento ho evitato che il Comune sborsasse oltre 50.000 euro per un Accordo Bonario illegittimo, avallato con superficialit\u00e0 da Mastrangelo e tutta la sua giunta. In tale occasione, oltre al risparmio, ho evitato spiacevoli conseguenze giudiziarie per tutti coloro che avevano sottoscritto quell\u2019accordo a vario titolo. Per non parlare, poi, di tutte le anomalie in atti amministrativi che ho segnalato, e che avrebbero potuto portare a dispendiosi contenziosi legali e delle segnalazioni di tributi dovuti e inizialmente non recepiti.<\/span><\/p>\n<p style=\"margin-bottom: 0.0001pt; text-align: justify;\"><span>Per me politica \u00e8 prima di tutto esempio e lavoro nel contesto di realt\u00e0 complessa come quella amministrativa che necessita di reali competenze, non strumentalizzazione della disperazione dei cittadini per fini di propaganda politica in spregio della Legge e della salute pubblica!\u201d.<\/span><\/p>\n<p style=\"margin-bottom: 0.0001pt; text-align: right;\" align=\"right\"><strong><span>Donato Colacicco <\/span><\/strong><\/p>\n<p>&nbsp;<\/p>\n","protected":false},"excerpt":{"rendered":"","protected":false},"author":1,"featured_media":0,"comment_status":"open","ping_status":"closed","sticky":false,"template":"","format":"standard","meta":{"colormag_page_container_layout":"default_layout","colormag_page_sidebar_layout":"default_layout","footnotes":""},"categories":[4],"tags":[],"class_list":["post-63548","post","type-post","status-publish","format-standard","hentry","category-politica"],"_links":{"self":[{"href":"https:\/\/archiviogioia.lavocedelpaese.info\/index.php?rest_route=\/wp\/v2\/posts\/63548","targetHints":{"allow":["GET"]}}],"collection":[{"href":"https:\/\/archiviogioia.lavocedelpaese.info\/index.php?rest_route=\/wp\/v2\/posts"}],"about":[{"href":"https:\/\/archiviogioia.lavocedelpaese.info\/index.php?rest_route=\/wp\/v2\/types\/post"}],"author":[{"embeddable":true,"href":"https:\/\/archiviogioia.lavocedelpaese.info\/index.php?rest_route=\/wp\/v2\/users\/1"}],"replies":[{"embeddable":true,"href":"https:\/\/archiviogioia.lavocedelpaese.info\/index.php?rest_route=%2Fwp%2Fv2%2Fcomments&post=63548"}],"version-history":[{"count":0,"href":"https:\/\/archiviogioia.lavocedelpaese.info\/index.php?rest_route=\/wp\/v2\/posts\/63548\/revisions"}],"wp:attachment":[{"href":"https:\/\/archiviogioia.lavocedelpaese.info\/index.php?rest_route=%2Fwp%2Fv2%2Fmedia&parent=63548"}],"wp:term":[{"taxonomy":"category","embeddable":true,"href":"https:\/\/archiviogioia.lavocedelpaese.info\/index.php?rest_route=%2Fwp%2Fv2%2Fcategories&post=63548"},{"taxonomy":"post_tag","embeddable":true,"href":"https:\/\/archiviogioia.lavocedelpaese.info\/index.php?rest_route=%2Fwp%2Fv2%2Ftags&post=63548"}],"curies":[{"name":"wp","href":"https:\/\/api.w.org\/{rel}","templated":true}]}}