{"id":63570,"date":"2020-05-14T18:20:23","date_gmt":"2020-05-14T18:20:23","guid":{"rendered":"https:\/\/archiviogioia.lavocedelpaese.info\/?p=63570"},"modified":"2020-05-14T18:20:23","modified_gmt":"2020-05-14T18:20:23","slug":"via-libera-dalla-regione-ad-attivita-tatuaggio-piercing-centri-benessere-2","status":"publish","type":"post","link":"https:\/\/archiviogioia.lavocedelpaese.info\/?p=63570","title":{"rendered":"Via libera dalla Regione ad attivit\u00e0 tatuaggio, piercing centri benessere"},"content":{"rendered":"<p><a title=\"apertura centri estetici e piercing\" href=\"https:\/\/www.flickr.com\/photos\/91470992@N02\/49895227423\/in\/dateposted\/\" data-flickr-embed=\"true\"><img loading=\"lazy\" decoding=\"async\" style=\"display: block; margin-left: auto; margin-right: auto;\" src=\"https:\/\/live.staticflickr.com\/65535\/49895227423_81eefe3da7_z.jpg\" alt=\"apertura centri estetici e piercing\" width=\"320\" height=\"240\" \/><\/a><\/p>\n<p><!--more--><\/p>\n<p style=\"margin-bottom: 0.0001pt; line-height: normal; text-align: justify;\"><a title=\"apertura centri estetici e piercing\" href=\"https:\/\/www.flickr.com\/photos\/91470992@N02\/49896054032\/in\/photostream\/\" data-flickr-embed=\"true\"><img loading=\"lazy\" decoding=\"async\" style=\"margin: 4px; float: left;\" src=\"https:\/\/live.staticflickr.com\/65535\/49896054032_4cecb21916_w.jpg\" alt=\"apertura centri estetici e piercing\" width=\"400\" height=\"267\" \/><\/a>\u201cIl presidente della Regione Puglia Michele Emiliano ha emanato un\u2019ordinanza (n. 234) in materia di attivit\u00e0 di tatuaggio e piercing e attivit\u00e0 dei centri per il benessere fisico che <strong>dispiegher\u00e0 i suoi&nbsp;effetti dal prossimo 18 maggio<\/strong>.<\/p>\n<p style=\"margin-bottom: 0.0001pt; line-height: normal; text-align: justify;\">\u00c8 consentito l\u2019esercizio delle attivit\u00e0 di tatuaggio e piercing (<strong>Codice ATECO 96.09.02<\/strong>), nonch\u00e9 delle attivit\u00e0 dei centri per il benessere fisico (<strong>Codice ATECO 96.04.10<\/strong>) a condizione che vengano svolti per appuntamento, assicurando il rispetto delle misure generali per la prevenzione della trasmissione del virus ed in particolare, il distanziamento fisico, l\u2019igiene delle mani e della persona, la pulizia e la sanificazione degli ambienti di lavoro e l\u2019uso di dispositivi di protezione individuale laddove il distanziamento fisico non possa avere luogo nonch\u00e9 nel rispetto delle misure specifiche di seguito stabilite.<\/p>\n<p style=\"margin-bottom: 0.0001pt; line-height: normal; text-align: justify;\"><strong>Le attivit\u00e0 sono consentite a condizione che <\/strong>gli esercenti abbiano posto in essere le indicazioni previste dal Documento INAIL richiamato in premessa nonch\u00e9 dai Protocolli condivisi allegati al D.P.C.M. 26\/04\/2020 se ed in quanto applicabili alle tipologie di attivit\u00e0 di cui alla presente Ordinanza\u201d.<\/p>\n<p style=\"margin-bottom: 0.0001pt; line-height: normal; text-align: justify;\">Per scaricare le <strong>norme tecniche di apertura e operativit\u00e0<\/strong>, <a href=\"https:\/\/archiviogioia.lavocedelpaese.info\/wp-content\/uploads\/2020\/05\/allegato-norme-tecniche-apertura-centri-benessere.pdf\">clicca qui<\/a>.<\/p>\n<p><iframe loading=\"lazy\" src=\"\/\/www.slideshare.net\/slideshow\/embed_code\/key\/7DzUKwLacBSqfO\" marginwidth=\"0\" marginheight=\"0\" scrolling=\"no\" width=\"668\" height=\"714\" allowfullscreen=\"allowfullscreen\" style=\"border: 1px solid #CCC; border-width: 1px; margin-bottom: 5px; max-width: 100%;\"><\/iframe><\/p>\n","protected":false},"excerpt":{"rendered":"","protected":false},"author":1,"featured_media":0,"comment_status":"open","ping_status":"closed","sticky":false,"template":"","format":"standard","meta":{"colormag_page_container_layout":"default_layout","colormag_page_sidebar_layout":"default_layout","footnotes":""},"categories":[4],"tags":[],"class_list":["post-63570","post","type-post","status-publish","format-standard","hentry","category-politica"],"_links":{"self":[{"href":"https:\/\/archiviogioia.lavocedelpaese.info\/index.php?rest_route=\/wp\/v2\/posts\/63570","targetHints":{"allow":["GET"]}}],"collection":[{"href":"https:\/\/archiviogioia.lavocedelpaese.info\/index.php?rest_route=\/wp\/v2\/posts"}],"about":[{"href":"https:\/\/archiviogioia.lavocedelpaese.info\/index.php?rest_route=\/wp\/v2\/types\/post"}],"author":[{"embeddable":true,"href":"https:\/\/archiviogioia.lavocedelpaese.info\/index.php?rest_route=\/wp\/v2\/users\/1"}],"replies":[{"embeddable":true,"href":"https:\/\/archiviogioia.lavocedelpaese.info\/index.php?rest_route=%2Fwp%2Fv2%2Fcomments&post=63570"}],"version-history":[{"count":0,"href":"https:\/\/archiviogioia.lavocedelpaese.info\/index.php?rest_route=\/wp\/v2\/posts\/63570\/revisions"}],"wp:attachment":[{"href":"https:\/\/archiviogioia.lavocedelpaese.info\/index.php?rest_route=%2Fwp%2Fv2%2Fmedia&parent=63570"}],"wp:term":[{"taxonomy":"category","embeddable":true,"href":"https:\/\/archiviogioia.lavocedelpaese.info\/index.php?rest_route=%2Fwp%2Fv2%2Fcategories&post=63570"},{"taxonomy":"post_tag","embeddable":true,"href":"https:\/\/archiviogioia.lavocedelpaese.info\/index.php?rest_route=%2Fwp%2Fv2%2Ftags&post=63570"}],"curies":[{"name":"wp","href":"https:\/\/api.w.org\/{rel}","templated":true}]}}