{"id":63606,"date":"2020-05-18T18:08:06","date_gmt":"2020-05-18T18:08:06","guid":{"rendered":"https:\/\/archiviogioia.lavocedelpaese.info\/?p=63606"},"modified":"2020-05-18T18:08:06","modified_gmt":"2020-05-18T18:08:06","slug":"rintracciate-e-smentite-nuove-fake-news-sul-coronavirus-2","status":"publish","type":"post","link":"https:\/\/archiviogioia.lavocedelpaese.info\/?p=63606","title":{"rendered":"Rintracciate e smentite nuove fake news sul coronavirus"},"content":{"rendered":"<p><a title=\"fake news\" href=\"https:\/\/www.flickr.com\/photos\/91470992@N02\/49782001911\" data-flickr-embed=\"true\"><img loading=\"lazy\" decoding=\"async\" style=\"display: block; margin-left: auto; margin-right: auto;\" src=\"https:\/\/live.staticflickr.com\/65535\/49782001911_003dd75b26_z.jpg\" alt=\"fake news\" width=\"320\" height=\"240\" \/><\/a><\/p>\n<p><!--more--><\/p>\n<p style=\"margin-bottom: 0.0001pt; line-height: normal; text-align: justify;\"><a title=\"coronavirus e fake news\" href=\"https:\/\/www.flickr.com\/photos\/91470992@N02\/49729513083\/in\/photolist-2iR4LMM-2iR3ZwM-2iLqKFZ-2iLtx58-2iLqJXK-GDWo9h-222HhyS-22k9knR-23AK1j9\" data-flickr-embed=\"true\"><img loading=\"lazy\" decoding=\"async\" style=\"margin: 4px; float: left;\" src=\"https:\/\/live.staticflickr.com\/65535\/49729513083_260ae8f042_w.jpg\" alt=\"coronavirus e fake news\" width=\"400\" height=\"301\" \/><\/a><strong>\u201cDi seguito le fake news smentite:<\/strong><\/p>\n<p style=\"margin-bottom: 0.0001pt; line-height: normal; text-align: justify;\"><strong>La barba espone ad un maggior rischio di infettarsi con il nuovo coronavirus <\/strong><\/p>\n<p style=\"margin-bottom: 0.0001pt; line-height: normal; text-align: justify;\"><strong>FALSO! <\/strong>La barba in s\u00e9 non espone ad un rischio maggiore di contrarre il nuovo coronavirus. Ovviamente va curata la sua igiene e va regolata la mascherina, quando la si indossa, in modo che aderisca bene al viso, ma non vi sono attualmente evidenze che tagliarsi la barba aiuti ad evitare il contagio da SARS-CoV-2.&nbsp;Le notizie diffuse a riguardo nelle ultime settimane nascono dall&#8217;affrettata interpretazione di un&#8217;<a title=\"apre pdf\" href=\"https:\/\/www.cdc.gov\/niosh\/npptl\/pdfs\/FacialHairWmask11282017-508.pdf\">infografica&nbsp;del 2017 del Centers for Disease Control and Prevention<\/a> (CDC) americano, dedicata alla sicurezza sul lavoro, per il corretto utilizzo delle mascherine in generale. Le relative indicazioni del CDC si riferiscono all&#8217;uso corretto dei presidi medici, mettendo a confronto 36 tipologie di rasatura, 18 delle quali vengono sconsigliate perch\u00e9 potrebbero rendere inefficace il funzionamento della mascherina.<\/p>\n<p style=\"margin-bottom: 0.0001pt; line-height: normal; text-align: justify;\"><strong>Per proteggermi dal nuovo coronavirus posso lavarmi le mani e\/o altre parti del corpo che hanno toccato superfici esterne con la candeggina <\/strong><\/p>\n<p style=\"margin-bottom: 0.0001pt; line-height: normal; text-align: justify;\"><strong>FALSO! <\/strong>Si raccomanda di non spruzzare o lavare parti del corpo con la candeggina perch\u00e9 l\u2019ipoclorito di sodio pu\u00f2 causare irritazioni e danni alla pelle e agli occhi ed esporre al rischio di inalazioni a concentrazioni nocive per la salute. La candeggina va utilizzata nella diluizione adeguata per disinfettare le superfici e non la pelle. E\u2019 importante ricordare anche di tenere la candeggina fuori della portata dei bambini. Il modo migliore per proteggersi dal nuovo coronavirus \u00e8 lavarsi le mani frequentemente con acqua e sapone, o con soluzioni a base alcolica, e rispettare le distanze di sicurezza.<\/p>\n<p style=\"margin-bottom: 0.0001pt; line-height: normal; text-align: justify;\"><strong>Bere metanolo o etanolo protegge dall\u2019infezione da nuovo coronavirus <\/strong><\/p>\n<p style=\"margin-bottom: 0.0001pt; line-height: normal; text-align: justify;\"><strong>FALSO! <\/strong>Metanolo ed etanolo sono velenosi e possono provocare gravi danni all\u2019organismo. Sono utilizzati in alcuni prodotti per la pulizia per eliminare il virus dalle superfici, ma non vanno ingeriti.<\/p>\n<p style=\"margin-bottom: 0.0001pt; line-height: normal; text-align: justify;\"><strong>Il nuovo coronavirus \u00e8 sensibile al freddo quindi per proteggersi in casa \u00e8 bene accendere il condizionatore impostandolo sulla temperatura pi\u00f9 bassa possibile. <\/strong><\/p>\n<p style=\"margin-bottom: 0.0001pt; line-height: normal; text-align: justify;\"><strong>FALSO! <\/strong>Non ci sono attualmente evidenze scientifiche che il freddo protegga dall\u2019infezione da nuovo coronavirus.<\/p>\n<p style=\"margin-bottom: 0.0001pt; line-height: normal; text-align: justify;\"><strong>L\u2019acqua potabile pu\u00f2 trasmettere il nuovo coronavirus <\/strong><\/p>\n<p style=\"text-align: justify;\"><strong>FALSO! <\/strong>I metodi convenzionali di trattamento dell\u2019acqua che utilizzano filtrazione e disinfezione, come quelli della maggior parte dei sistemi municipali di acque potabili, sono efficaci nell&#8217;abbattimento del virus.&nbsp;L\u2019Organizzazione Mondiale della Sanit\u00e0 (Oms) evidenzia che non sono necessarie misure di prevenzione e controllo aggiuntive rispetto alle pratiche di gestione delle acque destinate al consumo umano gi\u00e0 adottate in Europa\u201d.<\/p>\n","protected":false},"excerpt":{"rendered":"","protected":false},"author":1,"featured_media":0,"comment_status":"open","ping_status":"closed","sticky":false,"template":"","format":"standard","meta":{"colormag_page_container_layout":"default_layout","colormag_page_sidebar_layout":"default_layout","footnotes":""},"categories":[8],"tags":[],"class_list":["post-63606","post","type-post","status-publish","format-standard","hentry","category-cronaca"],"_links":{"self":[{"href":"https:\/\/archiviogioia.lavocedelpaese.info\/index.php?rest_route=\/wp\/v2\/posts\/63606","targetHints":{"allow":["GET"]}}],"collection":[{"href":"https:\/\/archiviogioia.lavocedelpaese.info\/index.php?rest_route=\/wp\/v2\/posts"}],"about":[{"href":"https:\/\/archiviogioia.lavocedelpaese.info\/index.php?rest_route=\/wp\/v2\/types\/post"}],"author":[{"embeddable":true,"href":"https:\/\/archiviogioia.lavocedelpaese.info\/index.php?rest_route=\/wp\/v2\/users\/1"}],"replies":[{"embeddable":true,"href":"https:\/\/archiviogioia.lavocedelpaese.info\/index.php?rest_route=%2Fwp%2Fv2%2Fcomments&post=63606"}],"version-history":[{"count":0,"href":"https:\/\/archiviogioia.lavocedelpaese.info\/index.php?rest_route=\/wp\/v2\/posts\/63606\/revisions"}],"wp:attachment":[{"href":"https:\/\/archiviogioia.lavocedelpaese.info\/index.php?rest_route=%2Fwp%2Fv2%2Fmedia&parent=63606"}],"wp:term":[{"taxonomy":"category","embeddable":true,"href":"https:\/\/archiviogioia.lavocedelpaese.info\/index.php?rest_route=%2Fwp%2Fv2%2Fcategories&post=63606"},{"taxonomy":"post_tag","embeddable":true,"href":"https:\/\/archiviogioia.lavocedelpaese.info\/index.php?rest_route=%2Fwp%2Fv2%2Ftags&post=63606"}],"curies":[{"name":"wp","href":"https:\/\/api.w.org\/{rel}","templated":true}]}}