{"id":63643,"date":"2020-05-22T19:23:40","date_gmt":"2020-05-22T19:23:40","guid":{"rendered":"https:\/\/archiviogioia.lavocedelpaese.info\/?p=63643"},"modified":"2020-05-22T19:23:40","modified_gmt":"2020-05-22T19:23:40","slug":"individuati-2-casi-positivi-covid19-pugliesi-rientrati-dalla-lombardia-2","status":"publish","type":"post","link":"https:\/\/archiviogioia.lavocedelpaese.info\/?p=63643","title":{"rendered":"\u201cIndividuati 2 casi positivi covid19. Pugliesi rientrati dalla Lombardia\u201d"},"content":{"rendered":"<p><a title=\"coronavirus due positivi dalla lombardia\" href=\"https:\/\/www.flickr.com\/photos\/91470992@N02\/49923682918\/in\/dateposted\/\" data-flickr-embed=\"true\"><img loading=\"lazy\" decoding=\"async\" style=\"display: block; margin-left: auto; margin-right: auto;\" src=\"https:\/\/live.staticflickr.com\/65535\/49923682918_51ea559488_z.jpg\" alt=\"coronavirus due positivi dalla lombardia\" width=\"320\" height=\"240\" \/><\/a><\/p>\n<p><!--more--><\/p>\n<p style=\"text-align: justify;\"><a title=\"coronavirus due positivi dalla lombardia\" href=\"https:\/\/www.flickr.com\/photos\/91470992@N02\/49924204726\/in\/photostream\/\" data-flickr-embed=\"true\"><img loading=\"lazy\" decoding=\"async\" style=\"margin: 4px; float: left;\" src=\"https:\/\/live.staticflickr.com\/65535\/49924204726_158d6612f0_w.jpg\" alt=\"coronavirus due positivi dalla lombardia\" width=\"400\" height=\"300\" \/><\/a>\u201cStiamo realizzando un vero e proprio lavoro di intelligence con i nostri dipartimenti di prevenzione Asl. <strong>Dal 4 maggio a oggi sono 15mila i pugliesi che sono rientrati da fuori regione<\/strong> per soggiornare in Puglia ai quali abbiamo imposto la quarantena di 14 giorni e l\u2019obbligo di autosegnalazione. Queste persone vengono contattate dalle Asl che svolgono un\u2019azione di sorveglianza attiva nei loro confronti. Grazie a questo lavoro <strong>abbiamo individuato due casi positivi al Covid19<\/strong>, <strong>provenienti uno da Milano e l\u2019altro da Bergamo<\/strong>.<\/p>\n<p style=\"text-align: justify;\">Quindi abbiamo immediatamente iniziato a <strong>ricostruire i contatti stretti per metterli in isolamento e chiudere la catena di contagio<\/strong>. Non servono altre parole per ribadire quanto sia <strong>importante rispettare le regole e avere condotte individuali responsabili<\/strong>. La nostra ordinanza resta quindi uno strumento di prevenzione molto importante\u201d.<\/p>\n<p style=\"text-align: justify;\"><strong>Il prof. Pier Luigi Lopalco<\/strong> <strong>spiega<\/strong> che: \u201cIl caso proveniente <strong>da Milano riguarda una donna pugliese asintomatica<\/strong>, della provincia di Taranto, <strong>che si \u00e8 autosegnalata e messa in quarantena<\/strong>. Dalla sorveglianza attiva effettuata tramite colloquio telefonico \u00e8 emerso che la donna aveva a sua volta avuto contatto con un caso positivo Covid, ma a Milano non era mai stata intercettata e sottoposta ad alcuna misura n\u00e9 diagnostica n\u00e9 di isolamento. <strong>Sottoposta a tampone in Puglia, \u00e8 risultata positiva<\/strong>.<\/p>\n<p style=\"text-align: justify;\"><strong>Il caso proveniente da Bergamo si riferisce ad una signora della Provincia di Bari<\/strong> che, pur avendo sintomi lievi riconducibili al Covid, non era mai stata diagnosticata. Una volta autosegnalata in Puglia e messa in isolamento fiduciario, grazie sempre alla sorveglianza attiva effettuata dal Dipartimento di prevenzione, <strong>le \u00e8 stato effettuato il tampone che \u00e8 risultato positivo<\/strong>\u201d.<\/p>\n<p style=\"margin: 0cm 0cm 0.0001pt; text-align: right;\" align=\"right\"><strong>Ufficio Stampa Regionale<\/strong><\/p>\n<p>&nbsp;<\/p>\n","protected":false},"excerpt":{"rendered":"","protected":false},"author":1,"featured_media":0,"comment_status":"open","ping_status":"closed","sticky":false,"template":"","format":"standard","meta":{"colormag_page_container_layout":"default_layout","colormag_page_sidebar_layout":"default_layout","footnotes":""},"categories":[8],"tags":[],"class_list":["post-63643","post","type-post","status-publish","format-standard","hentry","category-cronaca"],"_links":{"self":[{"href":"https:\/\/archiviogioia.lavocedelpaese.info\/index.php?rest_route=\/wp\/v2\/posts\/63643","targetHints":{"allow":["GET"]}}],"collection":[{"href":"https:\/\/archiviogioia.lavocedelpaese.info\/index.php?rest_route=\/wp\/v2\/posts"}],"about":[{"href":"https:\/\/archiviogioia.lavocedelpaese.info\/index.php?rest_route=\/wp\/v2\/types\/post"}],"author":[{"embeddable":true,"href":"https:\/\/archiviogioia.lavocedelpaese.info\/index.php?rest_route=\/wp\/v2\/users\/1"}],"replies":[{"embeddable":true,"href":"https:\/\/archiviogioia.lavocedelpaese.info\/index.php?rest_route=%2Fwp%2Fv2%2Fcomments&post=63643"}],"version-history":[{"count":0,"href":"https:\/\/archiviogioia.lavocedelpaese.info\/index.php?rest_route=\/wp\/v2\/posts\/63643\/revisions"}],"wp:attachment":[{"href":"https:\/\/archiviogioia.lavocedelpaese.info\/index.php?rest_route=%2Fwp%2Fv2%2Fmedia&parent=63643"}],"wp:term":[{"taxonomy":"category","embeddable":true,"href":"https:\/\/archiviogioia.lavocedelpaese.info\/index.php?rest_route=%2Fwp%2Fv2%2Fcategories&post=63643"},{"taxonomy":"post_tag","embeddable":true,"href":"https:\/\/archiviogioia.lavocedelpaese.info\/index.php?rest_route=%2Fwp%2Fv2%2Ftags&post=63643"}],"curies":[{"name":"wp","href":"https:\/\/api.w.org\/{rel}","templated":true}]}}