{"id":63659,"date":"2020-05-24T20:49:11","date_gmt":"2020-05-24T20:49:11","guid":{"rendered":"https:\/\/archiviogioia.lavocedelpaese.info\/?p=63659"},"modified":"2020-05-24T20:49:11","modified_gmt":"2020-05-24T20:49:11","slug":"san-filippo-2020-state-boni-se-potete-diretta-live-studio-graphica","status":"publish","type":"post","link":"https:\/\/archiviogioia.lavocedelpaese.info\/?p=63659","title":{"rendered":"San Filippo 2020. \u201cState boni se potete\u201d diretta live Studio Graphica"},"content":{"rendered":"<p><a title=\"san filippo state boni se potete\" href=\"https:\/\/www.flickr.com\/photos\/91470992@N02\/49931947583\/in\/photostream\/\" data-flickr-embed=\"true\"><img loading=\"lazy\" decoding=\"async\" style=\"display: block; margin-left: auto; margin-right: auto;\" src=\"https:\/\/live.staticflickr.com\/65535\/49931947583_f46e39c5b8_z.jpg\" alt=\"san filippo state boni se potete\" width=\"320\" height=\"240\" \/><\/a><\/p>\n<p><!--more--><\/p>\n<p style=\"text-align: justify;\"><a title=\"san filippo state boni se potete\" href=\"https:\/\/www.flickr.com\/photos\/91470992@N02\/49932458711\/in\/photostream\/\" data-flickr-embed=\"true\"><img loading=\"lazy\" decoding=\"async\" style=\"margin: 4px; float: left;\" src=\"https:\/\/live.staticflickr.com\/65535\/49932458711_87542b1088_w.jpg\" alt=\"san filippo state boni se potete\" width=\"400\" height=\"209\" \/><\/a>Di questi tempi, <strong>un anno fa, Gioia del Colle<\/strong> si preparava alle solenni celebrazioni civili e liturgiche in onore del suo amato patrono, San Filippo Neri: <strong>la piazza addobbata a festa<\/strong>, le maestose luminarie, il montaggio delle giostre, lo spettacolo dei fuochi, la processione, le sante messe e le celebrazioni eucaristiche, <strong>tutto pronto in vista del 26 di maggio<\/strong>.<\/p>\n<p style=\"text-align: justify;\"><strong>Quest&#8217;anno <\/strong>per\u00f2, <strong>il clima \u00e8 ben diverso<\/strong>, e <strong>le feste patronali sono state annullate in tutta Italia<\/strong> causa Covid-19. Un segno eclatante dei tempi, figlio di quel divieto agli assembramenti che persiste -com&#8217;\u00e8 naturale- anche in fase 2.<\/p>\n<p style=\"text-align: justify;\"><strong>San Filippo si trasforma<\/strong>, sulla scia dei divieti e dei cambiamenti portati dal virus, e, spogliato dai fasti delle celebrazioni popolari, <strong>diviene un momento pi\u00f9 intimo<\/strong>, un&#8217;occasione <strong>per riscoprire l&#8217;uomo e il santo<\/strong>.<\/p>\n<p style=\"text-align: justify;\"><strong>Di qui l&#8217;evento online \u201cState boni se potete\u201d, fortemente voluto e ideato da Alessandro Capurso e Vincenzo Donvito<\/strong> &#8211; in arte Geg\u00e8 &#8211; con la collaborazione <strong>di Augusto Angelillo<\/strong>, anima di Teatralmente Gioia, e i suoi attori.<\/p>\n<p style=\"text-align: justify;\"><strong>Marted\u00ec 26 maggio, alle ore 17 in punto<\/strong>, sulla pagina di Studio Graphica, <strong>andr\u00e0 in onda il \u201cpassaggio del Santo fra i balconi virtuali\u201d<\/strong>, una chiacchierata alla riscoperta della festa pi\u00f9 amata dai gioiesi, corredata di preziosi contributi audio-visivi, aneddoti e testimonianze. <strong>Gli ospiti<\/strong> annunciano una serata da non perdere: <strong>Sergio Gatti, Tonino Vasco<\/strong>, i professori <strong>Giuseppe Montanarelli e Vito Mastrovito<\/strong>, l&#8217;ex assessore alla cultura <strong>Pino Dentico, Silvio Bonavoglia e Mimmo Donvito<\/strong> del Comitato Feste Patronali, sono pronti a regalarci un San Filippo inedito, nuovo, raccontandoci ci\u00f2 che \u00e8 stato e ci\u00f2 che sar\u00e0.<\/p>\n<p style=\"text-align: justify;\">Grande attenzione anche all&#8217;aspetto liturgico della festa: <strong>Don Alfonso Giorgio<\/strong>, teologo e sacerdote gioiese, <strong>narrer\u00e0 di Filippo da Firenze<\/strong>, l&#8217;uomo divenuto santo. Spazio anche all&#8217;arte, dalle performances dei ragazzi di Teatralmente Gioia e <strong>Angela Panessa<\/strong>, alle fotografie di Alessandro Capurso, passando per le esibizioni del <strong>M\u00b0 Francesco Lamanna<\/strong>, violinista. Grazie a \u201cState boni se potete\u201d, avremo il nostro San Filippo, in continuit\u00e0 con la tradizione: \u201c&#8230;gli eventi sono tutti bloccati, ma noi vogliamo comunque regalare emozioni ai gioiesi\u201d, dice Geg\u00e8. E allora state boni -alla fiorentina- e sintonizzatevi su Studio Graphica, pronti a celebrare e scoprire Filippo, il Santo di tutti i gioiesi.<\/p>\n<p>&nbsp;<\/p>\n","protected":false},"excerpt":{"rendered":"","protected":false},"author":1,"featured_media":0,"comment_status":"open","ping_status":"closed","sticky":false,"template":"","format":"standard","meta":{"colormag_page_container_layout":"default_layout","colormag_page_sidebar_layout":"default_layout","footnotes":""},"categories":[7],"tags":[],"class_list":["post-63659","post","type-post","status-publish","format-standard","hentry","category-attualita"],"_links":{"self":[{"href":"https:\/\/archiviogioia.lavocedelpaese.info\/index.php?rest_route=\/wp\/v2\/posts\/63659","targetHints":{"allow":["GET"]}}],"collection":[{"href":"https:\/\/archiviogioia.lavocedelpaese.info\/index.php?rest_route=\/wp\/v2\/posts"}],"about":[{"href":"https:\/\/archiviogioia.lavocedelpaese.info\/index.php?rest_route=\/wp\/v2\/types\/post"}],"author":[{"embeddable":true,"href":"https:\/\/archiviogioia.lavocedelpaese.info\/index.php?rest_route=\/wp\/v2\/users\/1"}],"replies":[{"embeddable":true,"href":"https:\/\/archiviogioia.lavocedelpaese.info\/index.php?rest_route=%2Fwp%2Fv2%2Fcomments&post=63659"}],"version-history":[{"count":0,"href":"https:\/\/archiviogioia.lavocedelpaese.info\/index.php?rest_route=\/wp\/v2\/posts\/63659\/revisions"}],"wp:attachment":[{"href":"https:\/\/archiviogioia.lavocedelpaese.info\/index.php?rest_route=%2Fwp%2Fv2%2Fmedia&parent=63659"}],"wp:term":[{"taxonomy":"category","embeddable":true,"href":"https:\/\/archiviogioia.lavocedelpaese.info\/index.php?rest_route=%2Fwp%2Fv2%2Fcategories&post=63659"},{"taxonomy":"post_tag","embeddable":true,"href":"https:\/\/archiviogioia.lavocedelpaese.info\/index.php?rest_route=%2Fwp%2Fv2%2Ftags&post=63659"}],"curies":[{"name":"wp","href":"https:\/\/api.w.org\/{rel}","templated":true}]}}