{"id":63680,"date":"2020-05-29T05:30:37","date_gmt":"2020-05-29T05:30:37","guid":{"rendered":"https:\/\/archiviogioia.lavocedelpaese.info\/?p=63680"},"modified":"2020-05-29T05:30:37","modified_gmt":"2020-05-29T05:30:37","slug":"auguri-isa-massaro-100-anni-di-amore-e-dolcezza","status":"publish","type":"post","link":"https:\/\/archiviogioia.lavocedelpaese.info\/?p=63680","title":{"rendered":"Auguri, Isa Massaro! 100 anni di amore e dolcezza"},"content":{"rendered":"<p><a title=\"1\" href=\"https:\/\/www.flickr.com\/photos\/91470992@N02\/49947040078\" data-flickr-embed=\"true\"><img loading=\"lazy\" decoding=\"async\" style=\"display: block; margin-left: auto; margin-right: auto;\" src=\"https:\/\/live.staticflickr.com\/65535\/49947040078_2efbafe633_o.jpg\" alt=\"1\" width=\"320\" height=\"240\" \/><\/a><\/p>\n<p><!--more--><\/p>\n<p style=\"margin-bottom: 0.0001pt; line-height: normal; text-align: justify;\"><a title=\"Isa Massaro centenaria\" href=\"https:\/\/www.flickr.com\/photos\/91470992@N02\/49947851807\/in\/dateposted\/\" data-flickr-embed=\"true\"><img loading=\"lazy\" decoding=\"async\" style=\"margin: 4px; float: left;\" src=\"https:\/\/live.staticflickr.com\/65535\/49947851807_6d4c0d5ab2_w.jpg\" alt=\"Isa Massaro centenaria\" width=\"330\" height=\"248\" \/><\/a><strong>Sabato, 23 maggio Isa Massaro moglie dell\u2019indimenticabile professor Filippo Fiorino, ha compiuto 100 anni<\/strong>. In verit\u00e0 \u00e8 nata a Gioia il 20 maggio e ci tiene a precisarlo, ma all\u2019epoca era prassi normale registrare la nascita qualche giorno dopo. Isa, ospite della casa di riposo comunale \u201cSimone Calabrese\u201d, non ha potuto ricevere l\u2019abbraccio del figlio Adamo che ha visto in video conferenza, ma tra mascherine e visiere l\u2019affetto e il calore umano degli operatori e dei \u201ccoinquilini\u201d non \u00e8 mancato, d\u2019altronde come non volerle bene?<\/p>\n<p style=\"margin-bottom: 0.0001pt; line-height: normal; text-align: justify;\"><strong>Ancor oggi \u00e8 vivido il ricordo di una novantasettenne giovanile, piena di vitalit\u00e0<\/strong>, perfetta ospite di casa, in grado di preparare biscotti \u201cparadisiaci\u201d che suo marito Filippo preferiva a lauti pranzi e cene accompagnati da una tazza di latte. <strong>Premurosissima nei c<\/strong><a title=\"4\" href=\"https:\/\/www.flickr.com\/photos\/91470992@N02\/31731893158\/in\/photostream\/\" data-flickr-embed=\"true\"><img loading=\"lazy\" decoding=\"async\" style=\"margin: 4px; float: right;\" src=\"https:\/\/live.staticflickr.com\/1956\/31731893158_560b2467be.jpg\" alt=\"4\" width=\"300\" height=\"361\" \/><\/a><strong>onfronti del coniuge centenario e sofferente, che non ha mai smesso di amarla<\/strong> con passione e dolcezza, ne ricorda la devozione. Una bellissima coppia che l\u2019avanzare degli anni ha reso ancor pi\u00f9 solida e che solo la morte ha potuto dividere. [<span><a href=\"attualita\/16223-in-ricordo-del-professor-filippo-fiorino.html\">IN RICORDO DEL PROFESSOR FILIPPO FIORINO<\/a><\/span>]<\/p>\n<p style=\"margin-bottom: 0.0001pt; line-height: normal; text-align: justify;\">Un amore inizialmente sofferto\u2026 Isa proveniva da una modesta famiglia di artigiani, il suo pap\u00e0 era falegname, la sua mamma casalinga aveva messo al mondo cinque figli. Avrebbe voluto continuare a studiare ma in piena guerra raggiungere la terza media era gi\u00e0 un traguardo. <strong>L\u2019incontro con<\/strong><a title=\"8\" href=\"https:\/\/www.flickr.com\/photos\/91470992@N02\/44879324494\/in\/photostream\/\" data-flickr-embed=\"true\"><img loading=\"lazy\" decoding=\"async\" style=\"margin: 4px; float: left;\" src=\"https:\/\/live.staticflickr.com\/1905\/44879324494_ca2c1a7b27.jpg\" alt=\"8\" width=\"300\" height=\"434\" \/><\/a><strong> Filippo Fiorino<\/strong>, ancora studente liceale, di famiglia borghese benestante, <strong>segner\u00e0 il suo destino<\/strong>\u201d. <strong>Isa ha appena 14 quando dona il suo cuore al giovane<\/strong> seminarista residente nel borgo di San Vito.<\/p>\n<p style=\"margin: 0cm 0cm 0.0001pt; text-align: justify;\">\u201c<strong>Lo avevo notato, era bellissimo<\/strong>! Un giorno lo vidi senza l\u2019abito talare, allora mi dissi che avrei potuto conquistarlo, e cos\u00ec \u00e8 stato! Eravamo giovanissimi e <strong>non ci siamo pi\u00f9 lasciati<\/strong>.\u201d<\/p>\n<p style=\"margin-bottom: 0.0001pt; line-height: normal; text-align: justify;\"><strong>Il lungo fidanzamento<\/strong>, durato ben 15 anni, <strong>viene coronato dal matrimonio<\/strong> celebrato il 5 dicembre <strong>del 1950 e dalla nascita dell\u2019unico figlio Adamo<\/strong>. Ricorda come fosse oggi la rosa rossa donatale dal marito e la sua emozione\u2026, Alla vigilia di un cos\u00ec importante momento, il pensiero va a Filippo che ama pi\u00f9 di se stessa e che raggiunger\u00e0 quando Dio lo vorr\u00e0, al figlio, alla brillante nuora Maria Luisa &#8211; dirigente scolastica &#8211; ed ai nipoti Alessandro e Arianna, lontani per lavoro, ma vicinissimi al suo cuore. <strong>Auguri, Isa<\/strong>!<\/p>\n<p>&nbsp;<\/p>\n","protected":false},"excerpt":{"rendered":"","protected":false},"author":1,"featured_media":0,"comment_status":"open","ping_status":"closed","sticky":false,"template":"","format":"standard","meta":{"colormag_page_container_layout":"default_layout","colormag_page_sidebar_layout":"default_layout","footnotes":""},"categories":[7],"tags":[],"class_list":["post-63680","post","type-post","status-publish","format-standard","hentry","category-attualita"],"_links":{"self":[{"href":"https:\/\/archiviogioia.lavocedelpaese.info\/index.php?rest_route=\/wp\/v2\/posts\/63680","targetHints":{"allow":["GET"]}}],"collection":[{"href":"https:\/\/archiviogioia.lavocedelpaese.info\/index.php?rest_route=\/wp\/v2\/posts"}],"about":[{"href":"https:\/\/archiviogioia.lavocedelpaese.info\/index.php?rest_route=\/wp\/v2\/types\/post"}],"author":[{"embeddable":true,"href":"https:\/\/archiviogioia.lavocedelpaese.info\/index.php?rest_route=\/wp\/v2\/users\/1"}],"replies":[{"embeddable":true,"href":"https:\/\/archiviogioia.lavocedelpaese.info\/index.php?rest_route=%2Fwp%2Fv2%2Fcomments&post=63680"}],"version-history":[{"count":0,"href":"https:\/\/archiviogioia.lavocedelpaese.info\/index.php?rest_route=\/wp\/v2\/posts\/63680\/revisions"}],"wp:attachment":[{"href":"https:\/\/archiviogioia.lavocedelpaese.info\/index.php?rest_route=%2Fwp%2Fv2%2Fmedia&parent=63680"}],"wp:term":[{"taxonomy":"category","embeddable":true,"href":"https:\/\/archiviogioia.lavocedelpaese.info\/index.php?rest_route=%2Fwp%2Fv2%2Fcategories&post=63680"},{"taxonomy":"post_tag","embeddable":true,"href":"https:\/\/archiviogioia.lavocedelpaese.info\/index.php?rest_route=%2Fwp%2Fv2%2Ftags&post=63680"}],"curies":[{"name":"wp","href":"https:\/\/api.w.org\/{rel}","templated":true}]}}