{"id":63723,"date":"2020-06-04T09:06:42","date_gmt":"2020-06-04T09:06:42","guid":{"rendered":"https:\/\/archiviogioia.lavocedelpaese.info\/?p=63723"},"modified":"2020-06-04T09:06:42","modified_gmt":"2020-06-04T09:06:42","slug":"i-90-anni-di-peppino-vasco-auguri-anche-dalla-redazione-2","status":"publish","type":"post","link":"https:\/\/archiviogioia.lavocedelpaese.info\/?p=63723","title":{"rendered":"I 90 anni di Peppino Vasco. Auguri anche dalla Redazione"},"content":{"rendered":"<p><a title=\"peppino vasco 90 anni\" href=\"https:\/\/www.flickr.com\/photos\/91470992@N02\/49969372983\/in\/dateposted\/\" data-flickr-embed=\"true\"><img loading=\"lazy\" decoding=\"async\" style=\"display: block; margin-left: auto; margin-right: auto;\" src=\"https:\/\/live.staticflickr.com\/65535\/49969372983_5f554af42d_o.jpg\" alt=\"peppino vasco 90 anni\" width=\"320\" height=\"240\" \/><\/a><\/p>\n<p><!--more--><\/p>\n<p style=\"margin-bottom: 0.0001pt; text-align: justify;\"><a title=\"Peppino Vasco\" href=\"https:\/\/www.flickr.com\/photos\/91470992@N02\/49969887271\/in\/photostream\/\" data-flickr-embed=\"true\"><img loading=\"lazy\" decoding=\"async\" style=\"margin: 5px; float: left;\" src=\"https:\/\/live.staticflickr.com\/65535\/49969887271_521b9ace70_o.jpg\" alt=\"Peppino Vasco\" width=\"400\" height=\"569\" \/><\/a><span>\u201cHo accettato di esprimere un pensiero pubblico per i novant\u2019anni di Peppino Vasco, consapevole che non sarebbe stato facile. Infatti la emozione e la commozione mi pervadono ed il pensiero \u00e8 pi\u00f9 rapido dell\u2019espressione. Diciamolo subito: quest\u2019uomo rappresenta un simbolo, uno scrigno di valori, nonostante i difetti e le intemperanze, aspetti tipici delle grandi personalit\u00e0.<\/span><\/p>\n<p style=\"margin-bottom: 0.0001pt; text-align: justify;\"><span>L\u2019esperienza umana della nostra amicizia mi ha permesso di apprezzarne l\u2019ascolto e di riceverne sollecitazioni fruttuose, insieme \u2013 peraltro \u2013 al divertimento e, talvolta, alla canzonatura, spesso per sdrammatizzare talune situazioni.<\/span><\/p>\n<p style=\"margin-bottom: 0.0001pt; text-align: justify;\"><span>La vita intensamente vissuta da Peppino \u00e8 un lungo e significativo spaccato della macrostoria che ha trovato riscontro e narrazione non solo nel libro autobiografico \u201cDalla Murgia al Cremlino\u201d, ma in quello \u201cScrivano Ingannamorte\u201d di F. Laudadio, laddove il protagonista Rocco Sasso \u00e8 il perenne e appassionato organizzatore delle masse popolari per la consapevole conquista collettiva dei diritti sociali e civili: Peppino Vasco \u00e8 l\u00ec, sotto le vesti di quel personaggio.<\/span><\/p>\n<p style=\"margin-bottom: 0.0001pt; text-align: justify;\"><strong><span>Ci\u00f2 che colpisce di lui \u00e8 la generosit\u00e0. <\/span><\/strong><\/p>\n<p style=\"margin-bottom: 0.0001pt; text-align: justify;\"><span>La generosit\u00e0 nel darsi totalmente agli altri: sia nella militanza politica, laddove il suo contributo \u00e8 risultato sempre critico e produttivo, e mai radicalizzato nella ortodossia; sia nella militanza sindacale alla quale ha dedicato passione per la causa e rispetto delle regole. Sempre.<\/span><\/p>\n<p style=\"margin-bottom: 0.0001pt; text-align: justify;\"><span>La generosit\u00e0 espressa nell\u2019impegno profuso verso tutto ci\u00f2 che nel suo percorso di vita gli \u00e8 sembrato giusto o utile per la comunit\u00e0. Ricordo, ad esempio, il suo grande impegno, gi\u00e0 dal 2006, nel tentativo di concertare in rete le Associazioni Gioiesi. Tentativo \u2013 ahim\u00e8 \u2013 sin da allora naufragato. <\/span><\/p>\n<p style=\"margin-bottom: 0.0001pt; text-align: justify;\"><span>La generosit\u00e0, infine, che traspare dalla sua umanit\u00e0 e dal rispetto che suscita nell\u2019interlocutore.<\/span><\/p>\n<p style=\"margin-bottom: 0.0001pt; text-align: justify;\"><span>Mi ha sempre colpito di Peppino <strong>l\u2019apertura mentale<\/strong>. Il pastorello della Murgia che da autodidatta si fa uomo colto e preparato al punto da essere scelto fra i \u201cmeritevoli\u201d di essere inviati alla \u201cScuola del Partito\u201d perfino a Mosca; in grado di citare Voltaire o Rousseau ed i tanti classici con grande disinvoltura e propriet\u00e0, o sciorinare discorsi ed interventi elevati con intellettuali molto apprezzati come P.P. Pasolini o G.M. Volont\u00e9, e cos\u00ec via. \u00c8 grandioso. Si, perch\u00e9 con la sua umanit\u00e0 il nostro amico stabilisce empatia con personaggi \u201cimportanti\u201d quanto con i pi\u00f9 umili, con i diseredati perch\u00e9 \u00e8 da questi ultimi che egli proviene e dai quali non si distaccher\u00e0 mai, anzi li assumer\u00e0 su di s\u00e9 con determinazione e generosit\u00e0 per difenderli e per condurli verso il riscatto. \u201cEcco, amico mio, s\u2019\u00e8 fatto giorno\u2026\u00e8 luce dappertutto\u2026ve l\u2019avevo detto\u2026\u201d dice, nel finale, Rocco Sacco ai suoi compagni, spronandoli alla lotta.<\/span><\/p>\n<p style=\"margin-bottom: 0.0001pt; text-align: justify;\"><span>Il dialogo \u00e8 la cifra comportamentale di Peppino Vasco. Dialoga con tutti, talvolta con veemenza come colui che difende le proprie tesi con convinzione e con convincimento, ma pur sempre nel rispetto dell\u2019altro. E\u2019 questa la forza del suo \u201cdialogare\u201d. <strong>Il dialogo<\/strong>, per il nostro amico \u00e8 condivisione progettuale finalizzata alla realizzazione di un obiettivo; \u00e8 dialettica fertile nei confronti degli avversari, mai ritenuti nemici da abbattere; \u00e8 interlocuzione felice e fervida nei confronti dei giovani, cui egli \u00e8 sempre stato teso e la cui crescita culturale, politica e sindacale ha sempre promosso e favorito. Non posso dimenticare il suo entusiasmo, in occasione dell\u201980\u00b0 compleanno, durante gli incontri avuti con i giovani degli Istituti Scolastici Superiori di Gioia del Colle. <\/span><\/p>\n<p style=\"margin-bottom: 0.0001pt; text-align: justify;\"><span>Ai ragazzi del Liceo Classico egli dedic\u00f2 la narrazione della sua vicenda di pastore nelle lande murgiane, e della sua evoluzione culturale da autodidatta che gli permise di raggiungere traguardi importanti.<\/span><\/p>\n<p style=\"margin-bottom: 0.0001pt; text-align: justify;\"><span>I giovani del Liceo Scientifico ebbero la fortuna di ascoltare dalla fonte diretta la suggestiva esperienza della prima impresa spaziale sovietica, dal momento che Peppino era a Mosca durante quel periodo.<\/span><\/p>\n<p style=\"margin-bottom: 0.0001pt; text-align: justify;\"><span>Agli studenti dell\u2019ITIS fu descritto il proprio impegno sociale e civile in occasione della installazione della base missilistica presso l\u2019aereoporto di Gioia del Colle da parte degli americani, in conseguenza della guerra fredda e preludio della crisi a Cuba.<\/span><\/p>\n<p style=\"margin-bottom: 0.0001pt; text-align: justify;\"><span>I giovani studenti erano ammaliati, psicologicamente ed emotivamente coinvolti dalle vicende vissute e narrate dal protagonista che, con semplicit\u00e0, naturalezza e passione le trasmetteva loro con pari intensit\u00e0.<\/span><\/p>\n<p style=\"margin-bottom: 0.0001pt; text-align: justify;\"><span>Questi ragazzi e tutti i giovani che hanno avuto il privilegio di incrociare sulla propria strada la personalit\u00e0 di Peppino Vasco sono stati segnati da questo incontri e ne hanno tratto beneficio. A loro il \u201cmaestro\u201d ha sollecitato il perseguimento dei valori essenziali della vita e soprattutto <strong>il valore della cultura<\/strong>. L\u2019uomo che ha la \u201cparola\u201d non \u00e8 schiavo. L\u2019uomo che \u201csa\u201d, sa anche agire!<\/span><\/p>\n<p style=\"margin-bottom: 0.0001pt; text-align: justify;\"><span>\u00c8 questo il forte messaggio che egli ha voluto fortemente dare a tutti: giovani e meno giovani, acculturati e non.<\/span><\/p>\n<p style=\"margin-bottom: 0.0001pt; text-align: justify;\"><span>Da persona intelligente ed arguta <strong>ha saputo utilizzare codici linguistici appropriati alle diverse situazioni<\/strong>, sicch\u00e9 sono passati alla storia locale i suoi comizi che possono apparire stravaganti, anche pittoreschi, per l\u2019uso dell\u2019italiano frammisto al dialetto. In sostanza, Peppino, conoscendo bene le realt\u00e0 sociali e culturali cui erano diretti i suoi messaggi, da ottimo maestro, si faceva umile fra gli umili, parlandone il linguaggio al fine di farsi comprendere, onde elevare gli stessi quanto a coscienza sociale, civile e politica.<\/span><\/p>\n<p style=\"margin-bottom: 0.0001pt; text-align: justify;\"><span>All\u2019uopo, non ha disdegnato, comunque, la teatralit\u00e0 che gli \u00e8 congeniale.<\/span><\/p>\n<p style=\"margin-bottom: 0.0001pt; text-align: justify;\"><span>Sono numerosi, ritengo, gli elementi che mi accomunano a questo uomo. La vita vissuta intensamente e la professione intesa come servizio dedicato generosamente agli altri senza mai trarne interesse e profitto personale. Non si \u00e8 mai arricchito. <\/span><\/p>\n<p style=\"margin-bottom: 0.0001pt; text-align: justify;\"><span>Peppino Vasco avrebbe potuto svolgere la tranquilla attivit\u00e0 di ferroviere; avrebbe potuto ottenere incarichi ambiti nella gerarchia politica e sindacale \u2013che pur gli spettavano &#8211; con gratificazioni economiche sicuramente ragguardevoli. Quest\u2019uomo \u00e8 rimasto integro, ligio ad un \u201ccodice d\u2019onore etico\u201d che rifiuta compromissioni o ambigue progressioni. Peppino direbbe con Kant \u201cil cielo stellato sopra di me e la legge morale dentro di me\u201d.<\/span><\/p>\n<p style=\"margin-bottom: 0.0001pt; text-align: justify;\"><span>Egli si \u00e8 donato agli altri con <strong>assoluta gratuit\u00e0<\/strong>, sacrificando molto spesso la propria vita familiare, gli affetti, le amenit\u00e0 della vita, subordinando tutto ci\u00f2 al \u201cdovere\u201d.<\/span><\/p>\n<p style=\"margin-bottom: 0.0001pt; text-align: justify;\"><span>Ci accomuna ancora l\u2019importanza attribuita alla conoscenza e alla cultura non fini a se stesse o per ansia di visibilit\u00e0, quanto per la necessit\u00e0 di trarre dalle nostre letture, spunti di riflessione e leggi etiche di comportamento, o argomentazioni di dialettico confronto. Nondimeno ci \u00e8 sempre piaciuto, ed ancora ci piace, parlare in <strong>dialetto<\/strong> perch\u00e9 esso \u00e8 la cifra delle nostre radici; poich\u00e9 esso \u00e8 l\u2019espressione pi\u00f9 autentica e profonda della cultura contadina da cui tutti proveniamo.<\/span><\/p>\n<p style=\"margin-bottom: 0.0001pt; text-align: justify;\"><span>Ci accomuna <strong>la<\/strong> <strong>passione per la musica classica<\/strong> [l\u2019amicizia di Peppino con mio padre riporta molti ricordi significativi e toccanti, al riguardo]. La musica sublima, anche, la vita pi\u00f9 grama, specie quella di un pastorello sensibile e allontanato dalla propria casa.<\/span><\/p>\n<p style=\"margin-bottom: 0.0001pt; text-align: justify;\"><span>Ci accomuna, infine, <strong>la sensibilit\u00e0<\/strong>. Dietro una maschera burbera si nasconde da anni, in realt\u00e0, un uomo sensibile, umanissimo, con le preoccupazioni riconosciute nei confronti della famiglia trascurata in favore del lavoro, con la commozione verso le piccole cose, disponibile alle confidenze personali ed intime vissute come momenti di liberazione dalle proprie angosce. Io ne sono onorata per averle raccolte e condivise con affetto filiale.<\/span><\/p>\n<p style=\"margin-bottom: 0.0001pt; text-align: justify;\"><span>Carissimo Peppino, la tua vita \u201cin croce e delizia\u201d, con tutti i pregi ed altrettanti difetti, \u00e8 ricca, intensa, significativa. Puoi essere orgoglioso di averla sinora vissuta con la pi\u00f9 grande delle qualit\u00e0 [lo affermi tu stesso nella nota introduttiva alla autobiografia]: <strong>l\u2019onest\u00e0 <\/strong>che l\u2019ha ispirata.<\/span><\/p>\n<p style=\"margin-bottom: 0.0001pt; text-align: justify;\"><span>Se \u00e8 vero che, ufficialmente, non hai conseguito lauree o riconoscimenti scolastici, stai pur certo di essere stato \u2013 e sei ancora \u2013 il nostro grande \u201cmaestro\u201d.<\/span><\/p>\n<p style=\"text-align: justify;\"><strong><span>Tanti auguri per i tuoi novant\u2019anni<\/span><\/strong><span>\u201d.<\/span><\/p>\n","protected":false},"excerpt":{"rendered":"","protected":false},"author":1,"featured_media":0,"comment_status":"open","ping_status":"closed","sticky":false,"template":"","format":"standard","meta":{"colormag_page_container_layout":"default_layout","colormag_page_sidebar_layout":"default_layout","footnotes":""},"categories":[8],"tags":[],"class_list":["post-63723","post","type-post","status-publish","format-standard","hentry","category-cronaca"],"_links":{"self":[{"href":"https:\/\/archiviogioia.lavocedelpaese.info\/index.php?rest_route=\/wp\/v2\/posts\/63723","targetHints":{"allow":["GET"]}}],"collection":[{"href":"https:\/\/archiviogioia.lavocedelpaese.info\/index.php?rest_route=\/wp\/v2\/posts"}],"about":[{"href":"https:\/\/archiviogioia.lavocedelpaese.info\/index.php?rest_route=\/wp\/v2\/types\/post"}],"author":[{"embeddable":true,"href":"https:\/\/archiviogioia.lavocedelpaese.info\/index.php?rest_route=\/wp\/v2\/users\/1"}],"replies":[{"embeddable":true,"href":"https:\/\/archiviogioia.lavocedelpaese.info\/index.php?rest_route=%2Fwp%2Fv2%2Fcomments&post=63723"}],"version-history":[{"count":0,"href":"https:\/\/archiviogioia.lavocedelpaese.info\/index.php?rest_route=\/wp\/v2\/posts\/63723\/revisions"}],"wp:attachment":[{"href":"https:\/\/archiviogioia.lavocedelpaese.info\/index.php?rest_route=%2Fwp%2Fv2%2Fmedia&parent=63723"}],"wp:term":[{"taxonomy":"category","embeddable":true,"href":"https:\/\/archiviogioia.lavocedelpaese.info\/index.php?rest_route=%2Fwp%2Fv2%2Fcategories&post=63723"},{"taxonomy":"post_tag","embeddable":true,"href":"https:\/\/archiviogioia.lavocedelpaese.info\/index.php?rest_route=%2Fwp%2Fv2%2Ftags&post=63723"}],"curies":[{"name":"wp","href":"https:\/\/api.w.org\/{rel}","templated":true}]}}